{"id":128447,"date":"2020-08-04T08:10:54","date_gmt":"2020-08-04T11:10:54","guid":{"rendered":"https:\/\/grandepremio.com\/br\/noticias\/f1-confirma-programacao-para-gp-da-emilia-romanha-com-unico-treino-livre-de-90-minutos\/"},"modified":"2020-08-04T22:54:42","modified_gmt":"2020-08-05T01:54:42","slug":"f1-confirma-programacao-para-gp-da-emilia-romanha-com-unico-treino-livre-de-90-minutos","status":"publish","type":"post","link":"https:\/\/grandepremio.com\/br\/f1\/f1-confirma-programacao-para-gp-da-emilia-romanha-com-unico-treino-livre-de-90-minutos\/","title":{"rendered":"F1 confirma programa\u00e7\u00e3o para GP da Em\u00edlia-Romanha com \u00fanico treino livre de 90 minutos"},"content":{"rendered":"<p><meta http-equiv=\"refresh\" content=\"135; url=https:\/\/www.youtube.com\/watch?v=nAU-3p441vc\"><\/p>\n\n\n<figure class=\"wp-block-embed-youtube wp-block-embed is-type-video is-provider-youtube wp-embed-aspect-4-3 wp-has-aspect-ratio\"><div class=\"wp-block-embed__wrapper\">\n<iframe loading=\"lazy\" title=\"O show de LEWIS HAMILTON em tr\u00eas rodas na F1 e a final da F\u00d3RMULA E | Paddock #208\" width=\"500\" height=\"281\" src=\"https:\/\/www.youtube.com\/embed\/nAU-3p441vc?feature=oembed\" frameborder=\"0\" allow=\"accelerometer; autoplay; clipboard-write; encrypted-media; gyroscope; picture-in-picture; web-share\" referrerpolicy=\"strict-origin-when-cross-origin\" allowfullscreen><\/iframe>\n<\/div><\/figure>\n\n\n\n<p class=\"wp-block-paragraph\">A F\u00f3rmula 1 anunciou, nesta ter\u00e7a-feira (4), a programa\u00e7\u00e3o diferente que vai adotar para o fim de semana do GP da Em\u00edlia-Romanha, prova que vai marcar o retorno de \u00cdmola ao calend\u00e1rio da categoria depois de 14 anos, entre 31 de outubro e 1\u00ba de novembro. <a href=\"https:\/\/www.grandepremio.com\/br\/f1\/noticias\/formula-1-anuncia-volta-de-portugal-imola-e-nurburgring-para-compor-temporada-2020\/?fl=true&amp;utm_source=lance\">O evento foi adicionado ao cronograma revisado do Mundial em raz\u00e3o da s\u00e9rie de mudan\u00e7as por conta da pandemia do novo coronav\u00edrus<\/a>.<\/p>\n\n\n\n<p class=\"wp-block-paragraph\">Na ocasi\u00e3o da confirma\u00e7\u00e3o das corridas em \u00cdmola, Portim\u00e3o, em Portugal, e N\u00fcrburgring, palco do GP de Eifel, a F1 tamb\u00e9m informou que a terceira disputa do ano em solo italiano seria com uma programa\u00e7\u00e3o condensada, de somente dois dias.<\/p>\n\n\n\n<figure class=\"wp-block-image size-large\"><img decoding=\"async\" src=\"https:\/\/www.grandepremio.com\/br\/wp-content\/uploads\/2020\/08\/Imola-1024x576.jpg\" alt=\"F1; F\u00d3RMULA 1; F1 2020; \u00cdMOLA; GP DA EM\u00cdLIA-ROMANHA;\" class=\"wp-image-402935\"\/><figcaption>\u00cdmola vai voltar a receber a F1 ap\u00f3s 14 anos (Foto: F1\/Twitter)<\/figcaption><\/figure>\n\n\n\n<p class=\"wp-block-paragraph\">Nesta manh\u00e3, a categoria detalhou os hor\u00e1rios e tamb\u00e9m a dura\u00e7\u00e3o do \u00fanico treino livre programado para a etapa. Diferente do padr\u00e3o da F\u00f3rmula 1, de duas sess\u00f5es de 90 minutos na sexta-feira e uma no s\u00e1bado, com uma hora de dura\u00e7\u00e3o, o GP da Em\u00edlia-Romanha vai ter somente um treino livre. Os pilotos v\u00e3o ter somente 90 minutos para aprender o circuito e buscar a melhor configura\u00e7\u00e3o dos respectivos carros antes da sess\u00e3o classificat\u00f3ria.<\/p>\n\n\n\n<figure class=\"wp-block-embed-dailymotion wp-block-embed is-type-video is-provider-dailymotion wp-embed-aspect-16-9 wp-has-aspect-ratio\"><div class=\"wp-block-embed__wrapper\">\n<iframe loading=\"lazy\" title=\"Vit\u00f3ria de Hamilton com tr\u00eas pneus entra para hist\u00f3ria, mas N\u00c3O \u00e9 \u00daNICO na F1 | GP \u00e0s 10\" frameborder=\"0\" width=\"500\" height=\"281\" src=\"https:\/\/geo.dailymotion.com\/player.html?video=x7vd8rs&#038;\" allowfullscreen allow=\"autoplay; fullscreen; picture-in-picture; web-share\"><\/iframe>\n<\/div><\/figure>\n\n\n\n<p class=\"wp-block-paragraph\">De todos os pilotos em atividade na F\u00f3rmula 1, apenas um deles, Kimi R\u00e4ikk\u00f6nen, disputou um GP de F\u00f3rmula 1 em \u00cdmola. A pista, contudo, passou por modifica\u00e7\u00f5es no seu tra\u00e7ado e tamb\u00e9m por reformas estruturais nos \u00faltimos anos.<\/p>\n\n\n\n<p class=\"wp-block-paragraph\">O \u00fanico treino livre para o GP da Em\u00edlia-Romanha est\u00e1 marcado para ter in\u00edcio \u00e0s 10h, hor\u00e1rio local (5h de Bras\u00edlia). J\u00e1 a sess\u00e3o classificat\u00f3ria vai acontecer duas horas e meia depois do fim da atividade matinal. A defini\u00e7\u00e3o do grid de largada em \u00cdmola tem previs\u00e3o de come\u00e7ar \u00e0s 14h locais (9h de Bras\u00edlia). J\u00e1 a largada da corrida ser\u00e1 \u00e0s 13h10 (8h10 de Bras\u00edlia).<\/p>\n\n\n\n<p class=\"wp-block-paragraph\">\u00cdmola vai ser o terceiro circuito italiano a receber a F\u00f3rmula 1 em 2020. Em 6 de setembro, Monza ser\u00e1 o palco de uma das mais importantes e tradicionais etapas do calend\u00e1rio, o GP da It\u00e1lia, neste ano sem a presen\u00e7a dos tifosi em raz\u00e3o da pandemia do novo coronav\u00edrus. Uma semana depois, Mugello, casa da Ferrari, vai realizar a prova que vai marcar o 1000\u00ba GP da hist\u00f3ria da equipe de Maranello, o GP da Toscana.<\/p>\n\n\n\n<p class=\"wp-block-paragraph\">A etapa de \u00cdmola, o GP da Em\u00edlia-Romanha, vai ser disputada semanas depois do GP de Eifel, em N\u00fcrburgring, marcada para 11 de outubro. A F\u00f3rmula 1 espera concluir o calend\u00e1rio revisado com corridas no Oriente M\u00e9dio, Bahrein e Abu Dhabi, at\u00e9 meados de dezembro e planeja anunciar o complemento da programa\u00e7\u00e3o em breve.<\/p>\n\n\n\n<figure class=\"wp-block-embed-youtube wp-block-embed is-type-video is-provider-youtube wp-embed-aspect-16-9 wp-has-aspect-ratio\"><div class=\"wp-block-embed__wrapper\">\n<iframe loading=\"lazy\" title=\"F1 2020:  Hamilton vence com 3 rodas o GP DA INGLATERRA de F1 | Briefing\" width=\"500\" height=\"281\" src=\"https:\/\/www.youtube.com\/embed\/9hwHaWnJ84w?feature=oembed\" frameborder=\"0\" allow=\"accelerometer; autoplay; clipboard-write; encrypted-media; gyroscope; picture-in-picture; web-share\" referrerpolicy=\"strict-origin-when-cross-origin\" allowfullscreen><\/iframe>\n<\/div><\/figure>\n","protected":false},"excerpt":{"rendered":"<p>\u00cdmola est\u00e1 de volta ao calend\u00e1rio da F\u00f3rmula 1 em 2020 e vai ser palco de um experimento por parte da categoria, que vai ter um cronograma de somente dois dias: s\u00e1bado e domingo, 31 de outubro e 1\u00ba de novembro<\/p>\n","protected":false},"author":0,"featured_media":1000402935,"comment_status":"closed","ping_status":"closed","sticky":false,"template":"","format":"standard","meta":{"42wp_featured_image_caption":"","42wp_featured_image_credits":"","42wp_featured_video":"","42wp_featured_image_hidden":false,"42wp_authors_list":[],"footnotes":""},"categories":[2],"tags":[24893,147,118,24837,24860,25606,24836,25027,24830,25771],"42wp_author":[47109],"class_list":["post-128447","post","type-post","status-publish","format-standard","has-post-thumbnail","hentry","category-f1","tag-calendario","tag-f1","tag-f1-2020","tag-formula-1-2","tag-formula-1-2020-2","tag-gp-da-emilia-romanha","tag-grande-premio-2","tag-imola-2","tag-pandemia","tag-programacao","42wp_author-redacao-gp"],"_links":{"self":[{"href":"https:\/\/grandepremio.com\/br\/wp-json\/wp\/v2\/posts\/128447","targetHints":{"allow":["GET"]}}],"collection":[{"href":"https:\/\/grandepremio.com\/br\/wp-json\/wp\/v2\/posts"}],"about":[{"href":"https:\/\/grandepremio.com\/br\/wp-json\/wp\/v2\/types\/post"}],"replies":[{"embeddable":true,"href":"https:\/\/grandepremio.com\/br\/wp-json\/wp\/v2\/comments?post=128447"}],"version-history":[{"count":0,"href":"https:\/\/grandepremio.com\/br\/wp-json\/wp\/v2\/posts\/128447\/revisions"}],"wp:featuredmedia":[{"embeddable":true,"href":"https:\/\/grandepremio.com\/br\/wp-json\/wp\/v2\/media\/1000402935"}],"wp:attachment":[{"href":"https:\/\/grandepremio.com\/br\/wp-json\/wp\/v2\/media?parent=128447"}],"wp:term":[{"taxonomy":"category","embeddable":true,"href":"https:\/\/grandepremio.com\/br\/wp-json\/wp\/v2\/categories?post=128447"},{"taxonomy":"post_tag","embeddable":true,"href":"https:\/\/grandepremio.com\/br\/wp-json\/wp\/v2\/tags?post=128447"},{"taxonomy":"42wp_author","embeddable":true,"href":"https:\/\/grandepremio.com\/br\/wp-json\/wp\/v2\/42wp_author?post=128447"}],"curies":[{"name":"wp","href":"https:\/\/api.w.org\/{rel}","templated":true}]}}