{"id":128459,"date":"2020-08-03T16:50:33","date_gmt":"2020-08-03T19:50:33","guid":{"rendered":"https:\/\/grandepremio.com\/br\/noticias\/pontos-e-problemas-o-gp-da-inglaterra-para-os-brasileiros-da-formula-2-e-formula-3\/"},"modified":"2020-08-03T16:50:36","modified_gmt":"2020-08-03T19:50:36","slug":"pontos-e-problemas-o-gp-da-inglaterra-para-os-brasileiros-da-formula-2-e-formula-3","status":"publish","type":"post","link":"https:\/\/grandepremio.com\/br\/f2\/pontos-e-problemas-o-gp-da-inglaterra-para-os-brasileiros-da-formula-2-e-formula-3\/","title":{"rendered":"Pontos e problemas: o GP da Inglaterra para os brasileiros da F\u00f3rmula 2 e F\u00f3rmula 3"},"content":{"rendered":"\n<p class=\"wp-block-paragraph\">F\u00f3rmula 2 e F\u00f3rmula 3 deram sequ\u00eancia ao seus respectivos campeonatos no \u00faltimo fim de semana em Silverstone. As categorias apresentam algumas semelhan\u00e7as, como os l\u00edderes Robert Shwartzman e Oscar Piastri perdendo pontos e equil\u00edbrio nas provas. Entre os brasileiros que entraram na pista, apenas Felipe Drugovich somou pontos.<\/p>\n\n\n\n<p class=\"wp-block-paragraph\">O piloto da MP Motorsport na F2 saiu na pole-position da corrida 1, mas a estrat\u00e9gia diferente do pelot\u00e3o n\u00e3o rendeu sucesso, fechando em s\u00e9timo. Na prova de domingo, foi o sexto colocado. Agora, Felipe \u00e9 o oitavo na classifica\u00e7\u00e3o geral.<\/p>\n\n\n\n<p class=\"wp-block-paragraph\">\u201cHoje foi um pouco abaixo do nosso potencial. Ca\u00ed para quarto ainda na primeira volta, mas mesmo assim eu n\u00e3o tinha um bom ritmo. Tive que for\u00e7ar um pouco os pneus para ficar por ali, mas acabei caindo ainda mais. Depois eu ganhei uma posi\u00e7\u00e3o ap\u00f3s a sa\u00edda do safety-car e a relargada e terminei em sexto. Serviu como mais uma experi\u00eancia, temos que melhorar baseados nisso. E agora \u00e9 trabalhar para o pr\u00f3ximo final de semana, outra vez aqui em Silverstone\u201d, disse o paranaense ap\u00f3s a corrida 2.<\/p>\n\n\n\n<p class=\"wp-block-paragraph\">Pedro Piquet, da Charouz, passou perto de conquistar os primeiros pontos na F2 com o 11\u00ba lugar na corrida 1. N\u00e3o conseguiu repetir o desempenho no domingo, fechando no 17\u00ba lugar. Louis Del\u00e9traz, o companheiro de equipe, saiu com um p\u00f3dio na segunda prova.<\/p>\n\n\n\n<figure class=\"wp-block-image size-large\"><img decoding=\"async\" src=\"https:\/\/www.grandepremio.com\/br\/wp-content\/uploads\/2020\/08\/Piquet-1024x576.jpg\" alt=\"\" class=\"wp-image-402718\"\/><figcaption>Pedro Piquet ficou pr\u00f3ximo de pontuar na F2 (Foto: Getty Images\/F2)<\/figcaption><\/figure>\n\n\n\n<p class=\"wp-block-paragraph\">&#8220;Fiquei pr\u00f3ximo dos pontos. Infelizmente, tive problemas nos dois dias, o que significou que fiquei atr\u00e1s. Tive um bom ritmo na corrida 1, mas perder posi\u00e7\u00f5es no come\u00e7o me custou um resultado melhor. No domingo, n\u00e3o nos entendemos [piloto e equipe] no fim da corrida. Pensamos que o safety-car ia sair uma volta antes, tentei compensar e perdi tempo, mas era o risco que t\u00ednhamos de tomar&#8221;, disse Pedro, 19\u00ba na classifica\u00e7\u00e3o geral.<\/p>\n\n\n\n<p class=\"wp-block-paragraph\">Guilherme Samaia \u00e9 outro que ainda n\u00e3o conquistou pontos pela F2. Em Silverstone, teve desempenho discreto, com 21\u00ba no s\u00e1bado e 15\u00ba no domingo. O piloto da Campos citou evolu\u00e7\u00e3o no ritmo do carro.<\/p>\n\n\n\n<figure class=\"wp-block-image size-large\"><img decoding=\"async\" src=\"https:\/\/www.grandepremio.com\/br\/wp-content\/uploads\/2020\/08\/Sam-1024x576.jpg\" alt=\"\" class=\"wp-image-402719\"\/><figcaption>Guilherme Samaia teve outro fim de semana complicado na F2 (Foto: Getty Images\/F2)<\/figcaption><\/figure>\n\n\n\n<p class=\"wp-block-paragraph\">\u201cDe s\u00e1bado para domingo a evolu\u00e7\u00e3o foi clara. Estudei as \u00e1reas que precisavam de evolu\u00e7\u00e3o e consegui colocar tudo isso em pr\u00e1tica na segunda corrida. A linha entre ser agressivo demais e muito conservador com os pneus \u00e9 extremamente t\u00eanue \u2013 e esse \u00e9 o principal ponto em que estamos trabalhando\u201d, mencionou o paulista.<\/p>\n\n\n\n<p class=\"wp-block-paragraph\">Na F\u00f3rmula 3, os brasileiros tiveram poucos motivos para comemorar. Enzo Fittipaldi ficou longe dos pontos novamente, fechando o fim de semana com 18\u00ba e 19\u00ba.<\/p>\n\n\n\n<figure class=\"wp-block-image size-large\"><img decoding=\"async\" src=\"https:\/\/www.grandepremio.com\/br\/wp-content\/uploads\/2020\/08\/FIT-1024x576.jpg\" alt=\"\" class=\"wp-image-402720\"\/><figcaption>Enzo Fittipaldi perseguiu o l\u00edder do campeonato Oscar Piastri (Foto: Getty Images\/F3)<\/figcaption><\/figure>\n\n\n\n<p class=\"wp-block-paragraph\">&#8220;Tive uma boa largada no s\u00e1bado, mas meu carro sofreu danos por uma batida na volta 3. Aquilo afetou a performance. O ritmo estava bom, mas o grande problema \u00e9 a classifica\u00e7\u00e3o, que tive problemas novamente. Infelizmente, o ritmo n\u00e3o era t\u00e3o bom na corrida 2 como no dia anterior, o que n\u00e3o facilitou. Vamos manter a cabe\u00e7a erguida porque sabemos que podemos fazer melhor. Vamos analisar os dados das corridas, trabalhar duro e estar o mais preparado poss\u00edvel para o pr\u00f3ximo fim de semana&#8221;, disse o piloto da HWA, que soma 4 pontos em 2020.<\/p>\n\n\n\n<p class=\"wp-block-paragraph\">J\u00e1 Igor Fraga segue sem pontuar na temporada. O piloto da Charouz foi 15\u00ba na corrida 1, mas viu problemas mec\u00e2nicos impedirem qualquer chance de top-10 no domingo. Ele se mostrou irritado com a nova falha de confiabilidade do carro.<\/p>\n\n\n\n<figure class=\"wp-block-image size-large\"><img decoding=\"async\" src=\"https:\/\/www.grandepremio.com\/br\/wp-content\/uploads\/2020\/08\/FRA-1024x576.jpg\" alt=\"\" class=\"wp-image-402717\"\/><figcaption>Igor Fraga ainda n\u00e3o pontuou na temporada 2020 da F3 (Foto: Getty Images\/F3)<\/figcaption><\/figure>\n\n\n\n<p class=\"wp-block-paragraph\">&#8220;As condi\u00e7\u00f5es da classifica\u00e7\u00e3o mudaram muito, ent\u00e3o n\u00e3o consegui me adaptar. No s\u00e1bado, eu tentei de tudo para ter a chance de brigar por pontos no domingo, mas veio um problema t\u00e9cnico de novo. \u00c9 extremamente decepcionante ter v\u00e1rios problemas em sequ\u00eancia&#8221;, declarou.<\/p>\n\n\n\n<p class=\"wp-block-paragraph\">Os cinco correm em Silverstone novamente entre os dias 8 e 9 de julho. As categorias servir\u00e3o de suporte para o GP do Anivers\u00e1rio de 70 anos da F\u00f3rmula 1.<\/p>\n\n\n\n<figure class=\"wp-block-embed-youtube wp-block-embed is-type-video is-provider-youtube wp-embed-aspect-16-9 wp-has-aspect-ratio\"><div class=\"wp-block-embed__wrapper\">\n<iframe loading=\"lazy\" title=\"F1 2020:  Hamilton vence com 3 rodas o GP DA INGLATERRA de F1 | Briefing\" width=\"500\" height=\"281\" src=\"https:\/\/www.youtube.com\/embed\/9hwHaWnJ84w?start=1&amp;feature=oembed\" frameborder=\"0\" allow=\"accelerometer; autoplay; clipboard-write; encrypted-media; gyroscope; picture-in-picture; web-share\" referrerpolicy=\"strict-origin-when-cross-origin\" allowfullscreen><\/iframe>\n<\/div><\/figure>\n","protected":false},"excerpt":{"rendered":"<p>Felipe Drugovich, Pedro Piquet, Guilherme Samaia, Enzo Fittipaldi e Igor Fraga falaram sobre o fim de semana das categorias sat\u00e9lite F\u00f3rmula 2 e F\u00f3rmula 3 em Silverstone<\/p>\n","protected":false},"author":0,"featured_media":1000402716,"comment_status":"closed","ping_status":"closed","sticky":false,"template":"","format":"standard","meta":{"42wp_featured_image_caption":"","42wp_featured_image_credits":"","42wp_featured_video":"","42wp_featured_image_hidden":false,"42wp_authors_list":[],"footnotes":""},"categories":[9],"tags":[409,111,112,1008,295,1024,24951,24945,1423,289,1023],"42wp_author":[47109],"class_list":["post-128459","post","type-post","status-publish","format-standard","has-post-thumbnail","hentry","category-f2","tag-enzo-fittipaldi","tag-f2","tag-f2-2020","tag-f3","tag-f3-2020","tag-felipe-drugovich","tag-formula-2-2","tag-formula-3-2","tag-guilherme-samaia","tag-igor-fraga","tag-pedro-piquet","42wp_author-redacao-gp"],"_links":{"self":[{"href":"https:\/\/grandepremio.com\/br\/wp-json\/wp\/v2\/posts\/128459","targetHints":{"allow":["GET"]}}],"collection":[{"href":"https:\/\/grandepremio.com\/br\/wp-json\/wp\/v2\/posts"}],"about":[{"href":"https:\/\/grandepremio.com\/br\/wp-json\/wp\/v2\/types\/post"}],"replies":[{"embeddable":true,"href":"https:\/\/grandepremio.com\/br\/wp-json\/wp\/v2\/comments?post=128459"}],"version-history":[{"count":0,"href":"https:\/\/grandepremio.com\/br\/wp-json\/wp\/v2\/posts\/128459\/revisions"}],"wp:featuredmedia":[{"embeddable":true,"href":"https:\/\/grandepremio.com\/br\/wp-json\/wp\/v2\/media\/1000402716"}],"wp:attachment":[{"href":"https:\/\/grandepremio.com\/br\/wp-json\/wp\/v2\/media?parent=128459"}],"wp:term":[{"taxonomy":"category","embeddable":true,"href":"https:\/\/grandepremio.com\/br\/wp-json\/wp\/v2\/categories?post=128459"},{"taxonomy":"post_tag","embeddable":true,"href":"https:\/\/grandepremio.com\/br\/wp-json\/wp\/v2\/tags?post=128459"},{"taxonomy":"42wp_author","embeddable":true,"href":"https:\/\/grandepremio.com\/br\/wp-json\/wp\/v2\/42wp_author?post=128459"}],"curies":[{"name":"wp","href":"https:\/\/api.w.org\/{rel}","templated":true}]}}