{"id":128511,"date":"2020-08-02T09:37:00","date_gmt":"2020-08-02T12:37:00","guid":{"rendered":"https:\/\/grandepremio.com\/br\/noticias\/pressionada-por-hamilton-f1-promete-faixa-e-video-contra-racismo-antes-de-gp-da-inglaterra\/"},"modified":"2020-08-02T09:57:39","modified_gmt":"2020-08-02T12:57:39","slug":"pressionada-por-hamilton-f1-promete-faixa-e-video-contra-racismo-antes-de-gp-da-inglaterra","status":"publish","type":"post","link":"https:\/\/grandepremio.com\/br\/f1\/pressionada-por-hamilton-f1-promete-faixa-e-video-contra-racismo-antes-de-gp-da-inglaterra\/","title":{"rendered":"Pressionada por Hamilton, F1 promete faixa e v\u00eddeo contra racismo antes de GP da Inglaterra"},"content":{"rendered":"\n<figure class=\"wp-block-embed-youtube wp-block-embed is-type-video is-provider-youtube wp-embed-aspect-16-9 wp-has-aspect-ratio\"><div class=\"wp-block-embed__wrapper\">\n<iframe loading=\"lazy\" title=\"F1 2020: Lewis Hamilton 91 - o pr\u00e9-corrida do GP da Inglaterra de F1 | Briefing\" width=\"500\" height=\"281\" src=\"https:\/\/www.youtube.com\/embed\/PwhkJU7F3NY?feature=oembed\" frameborder=\"0\" allow=\"accelerometer; autoplay; clipboard-write; encrypted-media; gyroscope; picture-in-picture; web-share\" referrerpolicy=\"strict-origin-when-cross-origin\" allowfullscreen><\/iframe>\n<\/div><\/figure>\n\n\n\n<p class=\"wp-block-paragraph\">Ap\u00f3s duas semanas de press\u00e3o por parte, principalmente, de Lewis Hamilton, o \u00fanico piloto negro do grid, a F\u00f3rmula 1 anunciou na manh\u00e3 deste domingo (2) o que far\u00e1 em rela\u00e7\u00e3o ao protesto contra o racismo pr\u00e9vio ao GP da Inglaterra.<\/p>\n\n\n\n<p class=\"wp-block-paragraph\">De acordo com a categoria, um faixa ser\u00e1 estendida na pista, com &#8216;End Racism&#8217;, ou &#8216;Acabe com o racismo&#8217;, em tradu\u00e7\u00e3o livre.<\/p>\n\n\n\n<p class=\"wp-block-paragraph\">Al\u00e9m disso, na transmiss\u00e3o, um v\u00eddeo com os pilotos reiterando o pedido ser\u00e1 mostrado.<\/p>\n\n\n\n<figure class=\"wp-block-embed-twitter wp-block-embed is-type-rich is-provider-twitter\"><div class=\"wp-block-embed__wrapper\">\n<blockquote class=\"twitter-tweet\" data-width=\"500\" data-dnt=\"true\"><p lang=\"en\" dir=\"ltr\">END RACISM <a href=\"https:\/\/x.com\/hashtag\/WeRaceAsOne?src=hash&amp;ref_src=twsrc%5Etfw\">#WeRaceAsOne<\/a> <a href=\"https:\/\/x.com\/hashtag\/F1?src=hash&amp;ref_src=twsrc%5Etfw\">#F1<\/a> <a href=\"https:\/\/t.co\/pOKDuM8eYa\">pic.twitter.com\/pOKDuM8eYa<\/a><\/p>&mdash; Formula 1 (@F1) <a href=\"https:\/\/x.com\/F1\/status\/1289906796409180160?ref_src=twsrc%5Etfw\">August 2, 2020<\/a><\/blockquote><script async src=\"https:\/\/platform.x.com\/widgets.js\" charset=\"utf-8\"><\/script>\n<\/div><\/figure>\n\n\n\n<p class=\"wp-block-paragraph\">Da parte de Hamilton e seus companheiros de grid, ser\u00e1 liberado se ajoelhar ou n\u00e3o durante o protesto, tal como apontar para a frase &#8216;End Racism&#8217; em camisetas que vestir\u00e3o.<\/p>\n\n\n\n<p class=\"wp-block-paragraph\">Um salva de palmas a &#8216;NHS&#8217;, o sistema de sa\u00fade da Inglaterra, tamb\u00e9m est\u00e1 programada.<\/p>\n\n\n\n<figure class=\"wp-block-image size-large\"><img decoding=\"async\" src=\"https:\/\/www.grandepremio.com\/br\/wp-content\/uploads\/2020\/05\/M233122-1024x683.jpg\" alt=\"Pilotos se ajoelham, e outros n\u00e3o, em protesto contra o racismo na \u00c1ustria\" class=\"wp-image-393669\"\/><figcaption>Pilotos se ajoelham, e outros n\u00e3o, em protesto contra o racismo na \u00c1ustria (Foto: LAT Images\/Mercedes)<\/figcaption><\/figure>\n\n\n\n<p class=\"wp-block-paragraph\">A\u00f3s o GP da Hungria de duas semanas atr\u00e1s, <strong><a href=\"https:\/\/www.grandepremio.com\/br\/f1\/noticias\/hamilton-critica-grosjean-por-indiferenca-em-protesto-na-hungria-e-sobra-ate-para-f1\/\">Hamilton deixou clara sua insatisfa\u00e7\u00e3o com a postura da F1 e dos pilotos com o protesto<\/a><\/strong> &#8211; que foi curto, sem a presen\u00e7a de todos e com pouca exposi\u00e7\u00e3o na televis\u00e3o.<\/p>\n\n\n\n<p class=\"wp-block-paragraph\">Segundo o hexacampe\u00e3o mundial, a categoria tem feito &#8220;pouqu\u00edssimo e de maneira insatisfat\u00f3ria.&#8221;<\/p>\n\n\n\n<p class=\"wp-block-paragraph\">O&nbsp;<strong>GRANDE PR\u00caMIO<\/strong>&nbsp;traz todas as informa\u00e7\u00f5es e detalhes do GP da Inglaterra de F\u00f3rmula 1, que come\u00e7a \u00e0s 10h10, em&nbsp;<strong><a href=\"https:\/\/www.grandepremio.com\/br\/ao-vivo\/f1\/?fl=true&amp;utm_source=lance\">EM TEMPO REAL<\/a><\/strong>.<\/p>\n\n\n","protected":false},"excerpt":{"rendered":"<p>A F\u00f3rmula 1 anunciou na manh\u00e3 deste domingo o que far\u00e1 de a\u00e7\u00f5es durante o protesto dos pilotos contra o racismo pr\u00e9vio \u00e0 corrida em Silverstone<\/p>\n","protected":false},"author":0,"featured_media":1000395340,"comment_status":"closed","ping_status":"closed","sticky":false,"template":"","format":"standard","meta":{"42wp_featured_image_caption":"","42wp_featured_image_credits":"","42wp_featured_video":"","42wp_featured_image_hidden":false,"42wp_authors_list":[],"footnotes":""},"categories":[2],"tags":[147,118,24837,24846,1505,87,2863,2545],"42wp_author":[47129],"class_list":["post-128511","post","type-post","status-publish","format-standard","has-post-thumbnail","hentry","category-f1","tag-f1","tag-f1-2020","tag-formula-1-2","tag-formula-um-2","tag-gp-da-inglaterra","tag-lewis-hamilton","tag-protesto","tag-racismo","42wp_author-felipe-noronha"],"_links":{"self":[{"href":"https:\/\/grandepremio.com\/br\/wp-json\/wp\/v2\/posts\/128511","targetHints":{"allow":["GET"]}}],"collection":[{"href":"https:\/\/grandepremio.com\/br\/wp-json\/wp\/v2\/posts"}],"about":[{"href":"https:\/\/grandepremio.com\/br\/wp-json\/wp\/v2\/types\/post"}],"replies":[{"embeddable":true,"href":"https:\/\/grandepremio.com\/br\/wp-json\/wp\/v2\/comments?post=128511"}],"version-history":[{"count":0,"href":"https:\/\/grandepremio.com\/br\/wp-json\/wp\/v2\/posts\/128511\/revisions"}],"wp:featuredmedia":[{"embeddable":true,"href":"https:\/\/grandepremio.com\/br\/wp-json\/wp\/v2\/media\/1000395340"}],"wp:attachment":[{"href":"https:\/\/grandepremio.com\/br\/wp-json\/wp\/v2\/media?parent=128511"}],"wp:term":[{"taxonomy":"category","embeddable":true,"href":"https:\/\/grandepremio.com\/br\/wp-json\/wp\/v2\/categories?post=128511"},{"taxonomy":"post_tag","embeddable":true,"href":"https:\/\/grandepremio.com\/br\/wp-json\/wp\/v2\/tags?post=128511"},{"taxonomy":"42wp_author","embeddable":true,"href":"https:\/\/grandepremio.com\/br\/wp-json\/wp\/v2\/42wp_author?post=128511"}],"curies":[{"name":"wp","href":"https:\/\/api.w.org\/{rel}","templated":true}]}}