{"id":128556,"date":"2020-07-31T14:06:22","date_gmt":"2020-07-31T17:06:22","guid":{"rendered":"https:\/\/grandepremio.com\/br\/noticias\/piloto-shell-nos-esports-erick-goldner-conclui-julho-com-duas-vitorias-com-porsche\/"},"modified":"2020-07-31T14:06:24","modified_gmt":"2020-07-31T17:06:24","slug":"piloto-shell-nos-esports-erick-goldner-conclui-julho-com-duas-vitorias-com-porsche","status":"publish","type":"post","link":"https:\/\/grandepremio.com\/br\/esports\/piloto-shell-nos-esports-erick-goldner-conclui-julho-com-duas-vitorias-com-porsche\/","title":{"rendered":"Piloto Shell nos eSports, Erick Goldner conclui julho com duas vit\u00f3rias com Porsche"},"content":{"rendered":"\n<figure class=\"wp-block-embed-youtube wp-block-embed is-type-video is-provider-youtube wp-embed-aspect-16-9 wp-has-aspect-ratio\"><div class=\"wp-block-embed__wrapper\">\n<iframe loading=\"lazy\" title=\"A primeira VIT\u00d3RIA de BARRICHELLO na F1: 20 anos do GP da ALEMANHA de 2000 | Cadeira Cativa #17\" width=\"500\" height=\"281\" src=\"https:\/\/www.youtube.com\/embed\/CUarRAhn1AQ?feature=oembed\" frameborder=\"0\" allow=\"accelerometer; autoplay; clipboard-write; encrypted-media; gyroscope; picture-in-picture; web-share\" referrerpolicy=\"strict-origin-when-cross-origin\" allowfullscreen><\/iframe>\n<\/div><\/figure>\n\n\n\n<p class=\"wp-block-paragraph\">A fase definitivamente segue dourada para Erick Goldner nos eSports. O primeiro piloto virtual da Academia Shell Racing e selecionado tamb\u00e9m pelas equipes Crown Racing e W2, da Stock Car e Stock Light, respectivamente, emendou outras duas vit\u00f3rias nesta \u00faltima semana de julho e lidera dois dos campeonatos que disputa regularmente: o Masters of Track e o B8 Seguros GT Endurance Series.<\/p>\n\n\n\n<p class=\"wp-block-paragraph\">Pela primeira competi\u00e7\u00e3o, Goldner venceu de ponta a ponta a etapa de Zandvoort na ter\u00e7a-feira ap\u00f3s ter largado da pole-position com o modelo Porsche 911 GT3 Cup, o mesmo com o qual compete na divis\u00e3o virtual da Porsche Carrera Cup. Erick j\u00e1 acumula tr\u00eas vit\u00f3rias na Masters of Track, que ainda tem etapas previstas para Suzuka, no Jap\u00e3o, e Bathurst, na Austr\u00e1lia.<\/p>\n\n\n\n<figure class=\"wp-block-image size-large\"><img decoding=\"async\" src=\"https:\/\/www.grandepremio.com\/br\/wp-content\/uploads\/2020\/07\/RSR-Spa-3-1024x565.jpg\" alt=\"ESPORTS; ERICK GOLDNER, SHELL; ENDURANCE; PORSCHE;\" class=\"wp-image-401734\"\/><figcaption>Erick Goldner venceu etapa de Spa-Francorchamps nesta semana (Foto: Ferrari Promo)<\/figcaption><\/figure>\n\n\n\n<p class=\"wp-block-paragraph\">Com o Porsche RSR, o mineiro venceu a prova de endurance em Spa-Francorchamps, colecionando assim mais triunfos: foram quatro em quatro corridas, mantendo assim um aproveitamento de 100% ap\u00f3s ter liderado a disputa do come\u00e7o ao fim.<\/p>\n\n\n\n<p class=\"wp-block-paragraph\">O piloto, portanto, s\u00f3 tem motivos para comemorar. \u201cFoi uma semana muito boa. Consegui ganhar a primeira bateria em Zandvoort e poderia ter chegado ainda melhor que o nono lugar na segunda se n\u00e3o tivesse cometido um errinho, aumentando ainda mais a diferen\u00e7a nos pontos\u201d.<\/p>\n\n\n\n<p class=\"wp-block-paragraph\">\u201cMas, de todo jeito, valeu muito recuperar a lideran\u00e7a, o que d\u00e1 muita motiva\u00e7\u00e3o para seguir o trabalho. J\u00e1 no campeonato de endurance, com quatro vit\u00f3rias em quatro corridas, siando da pole em Spa, mostra que est\u00e1 sendo sensacional competir com o RSR. \u00c9 um carro incr\u00edvel, com o qual sempre me dei bem\u201d, explicou.<\/p>\n\n\n\n<p class=\"wp-block-paragraph\">Goldner agora se prepara para, no come\u00e7o de agosto, disputar a etapa da Porsche Carrera Cup eSports, que vai acontecer tamb\u00e9m na pista de Spa-Francorchamps.<\/p>\n\n\n\n<p class=\"wp-block-paragraph\">\u201cTerminar a semana como l\u00edder dos dois campeonatos \u00e9 fundamental, especialmente para recuperar a confian\u00e7a depois dos resultados ruins da semana passada em Barcelona no campeonato da Porsche. Agora vou forte em Spa na pr\u00f3xima semana para representar a Shell, Crown e W2 da melhor maneira poss\u00edvel\u201d, concluiu.<\/p>\n","protected":false},"excerpt":{"rendered":"<p>Mineiro radicado em Bras\u00edlia, o selecionado para a Academia Shell Racing e tamb\u00e9m para as equipes Crown e W2 no automobilismo virtual segue fazendo bonito. Nesta semana, Erick Goldner venceu duas vezes, em corridas diferentes e com modelos distintos de Porsche<\/p>\n","protected":false},"author":0,"featured_media":1000401733,"comment_status":"closed","ping_status":"closed","sticky":false,"template":"","format":"standard","meta":{"42wp_featured_image_caption":"","42wp_featured_image_credits":"","42wp_featured_video":"","42wp_featured_image_hidden":false,"42wp_authors_list":[],"footnotes":""},"categories":[34],"tags":[981,3867,1890,403,736,443],"42wp_author":[47109],"class_list":["post-128556","post","type-post","status-publish","format-standard","has-post-thumbnail","hentry","category-esports","tag-automobilismo","tag-automobilismo-virtual","tag-crown","tag-esports","tag-porsche","tag-shell-racing","42wp_author-redacao-gp"],"_links":{"self":[{"href":"https:\/\/grandepremio.com\/br\/wp-json\/wp\/v2\/posts\/128556","targetHints":{"allow":["GET"]}}],"collection":[{"href":"https:\/\/grandepremio.com\/br\/wp-json\/wp\/v2\/posts"}],"about":[{"href":"https:\/\/grandepremio.com\/br\/wp-json\/wp\/v2\/types\/post"}],"replies":[{"embeddable":true,"href":"https:\/\/grandepremio.com\/br\/wp-json\/wp\/v2\/comments?post=128556"}],"version-history":[{"count":0,"href":"https:\/\/grandepremio.com\/br\/wp-json\/wp\/v2\/posts\/128556\/revisions"}],"wp:featuredmedia":[{"embeddable":true,"href":"https:\/\/grandepremio.com\/br\/wp-json\/wp\/v2\/media\/1000401733"}],"wp:attachment":[{"href":"https:\/\/grandepremio.com\/br\/wp-json\/wp\/v2\/media?parent=128556"}],"wp:term":[{"taxonomy":"category","embeddable":true,"href":"https:\/\/grandepremio.com\/br\/wp-json\/wp\/v2\/categories?post=128556"},{"taxonomy":"post_tag","embeddable":true,"href":"https:\/\/grandepremio.com\/br\/wp-json\/wp\/v2\/tags?post=128556"},{"taxonomy":"42wp_author","embeddable":true,"href":"https:\/\/grandepremio.com\/br\/wp-json\/wp\/v2\/42wp_author?post=128556"}],"curies":[{"name":"wp","href":"https:\/\/api.w.org\/{rel}","templated":true}]}}