{"id":128578,"date":"2020-07-30T16:21:43","date_gmt":"2020-07-30T19:21:43","guid":{"rendered":"https:\/\/grandepremio.com\/br\/noticias\/perez-testa-positivo-para-coronavirus-e-desfalca-racing-point-no-gp-da-inglaterra\/"},"modified":"2020-07-30T17:59:22","modified_gmt":"2020-07-30T20:59:22","slug":"perez-testa-positivo-para-coronavirus-e-desfalca-racing-point-no-gp-da-inglaterra","status":"publish","type":"post","link":"https:\/\/grandepremio.com\/br\/f1\/perez-testa-positivo-para-coronavirus-e-desfalca-racing-point-no-gp-da-inglaterra\/","title":{"rendered":"P\u00e9rez testa positivo para coronav\u00edrus e desfalca Racing Point no GP da Inglaterra"},"content":{"rendered":"<p><meta http-equiv=\"refresh\" content=\"150; url=https:\/\/www.youtube.com\/watch?v=b6dGAgHk118\"><\/p>\n\n\n<figure class=\"wp-block-embed-youtube wp-block-embed is-type-video is-provider-youtube wp-embed-aspect-16-9 wp-has-aspect-ratio\"><div class=\"wp-block-embed__wrapper\">\n<iframe loading=\"lazy\" title=\"O futuro da F1 no BRASIL e M\u00e1rquez na MOTOGP e a abertura da STOCK CAR | Paddock #207\" width=\"500\" height=\"281\" src=\"https:\/\/www.youtube.com\/embed\/yqQ0t4SdyDU?feature=oembed\" frameborder=\"0\" allow=\"accelerometer; autoplay; clipboard-write; encrypted-media; gyroscope; picture-in-picture; web-share\" referrerpolicy=\"strict-origin-when-cross-origin\" allowfullscreen><\/iframe>\n<\/div><\/figure>\n\n\n\n<p class=\"wp-block-paragraph\">O que se temia, aconteceu: o primeiro caso positivo do novo coronav\u00edrus para um piloto da <a href=\"https:\/\/www.grandepremio.com\/br\/f1\/?fl=true&amp;utm_source=lance\">F\u00f3rmula 1<\/a>. Nesta quinta-feira (30), <a href=\"https:\/\/www.grandepremio.com\/br\/?s=p\u00e9rez\">Sergio P\u00e9rez<\/a> acusou positivo para a Covid-19 e est\u00e1 automaticamente fora do GP da Inglaterra deste fim de semana.<\/p>\n\n\n\n<p class=\"wp-block-paragraph\">O mexicano da <a href=\"https:\/\/www.grandepremio.com\/br\/?s=racing+point\">Racing Point<\/a> j\u00e1 fora tirado das entrevistas coletivas em Silverstone pela manh\u00e3 por conta de um teste inicial que apontou resultado inconclusivo. Agora, \u00e0 tarde, come\u00e7o da noite pelo hor\u00e1rio local, um segundo teste confirmou o positivo.<\/p>\n\n\n\n<p class=\"wp-block-paragraph\">O teste em quest\u00e3o foi o do <em>swab<\/em>, o popular cotonete, que \u00e9 inserido em uma das narinas para coletar material do examinado.<\/p>\n\n\n\n<p class=\"wp-block-paragraph\">&#8220;Ap\u00f3s o an\u00fancio de hoje de que Sergio P\u00e9rez, da Racing Point, produziu um resultado inconclusivo para a Covid-19, no circuito de Silverstone, antes do GP da Inglaterra, a FIA e a F\u00f3rmula 1 agora podem confirmar que o resultado do novo teste \u00e9 positivo&#8221;, disse a F1 em comunicado.<\/p>\n\n\n\n<p class=\"wp-block-paragraph\">&#8220;P\u00e9rez entrou em quarentena pr\u00f3pria de acordo com as instru\u00e7\u00f5es das autoridades de sa\u00fade p\u00fablica relevantes e vai continuar a seguir o procedimento exigido por essas autoridades&#8221;, seguiu.<\/p>\n\n\n\n<p class=\"wp-block-paragraph\">&#8220;Com a assist\u00eancia dos promotores do GP da Inglaterra, das autoridades locais de sa\u00fade e do delegado da FIA para a Covid-19, uma iniciativa completa de rastreamento foi realizada e todos os contatos pr\u00f3ximos foram colocados em quarentena&#8221;, afirmou.<\/p>\n\n\n\n<p class=\"wp-block-paragraph\">&#8220;Os procedimentos estabelecidos pela FIA e pela F\u00f3rmula 1 previram a r\u00e1pida conten\u00e7\u00e3o de um incidente que n\u00e3o ter\u00e1 maior impacto no evento deste fim de semana&#8221;, encerrou.<\/p>\n\n\n\n<p class=\"wp-block-paragraph\">A Racing Point tamb\u00e9m divulgou uma nota sobre a situa\u00e7\u00e3o de P\u00e9rez.<\/p>\n\n\n\n<p class=\"wp-block-paragraph\">&#8220;Ap\u00f3s o an\u00fancio de que Sergio testou positivo para Covid-19, no circuito de Silverstone, antes do GP da Inglaterra de F\u00f3rmula 1, a equipe lamenta anunciar que ele n\u00e3o poder\u00e1 participar da corrida deste fim de semana&#8221;, comunicou.<\/p>\n\n\n\n<p class=\"wp-block-paragraph\">&#8220;Sergio est\u00e1 fisicamente bem e de bom humor, mas vai continuar no auto-isolamento, sob as diretrizes das autoridades de sa\u00fade p\u00fablica relevantes, sendo a seguran\u00e7a a prioridade m\u00e1xima para a equipe e o esporte&#8221;, seguiu.<\/p>\n\n\n\n<p class=\"wp-block-paragraph\">&#8220;\u200dTodo o time deseja bem a Sergio e espera receb\u00ea-lo de volta ao cockpit do RP20 em breve. Nossa inten\u00e7\u00e3o \u00e9 correr com dois carros no domingo. Em breve, comunicaremos os pr\u00f3ximos passos para o fim de semana do GP da Inglaterra&#8221;, encerrou.<\/p>\n\n\n\n<p class=\"wp-block-paragraph\">Se a determina\u00e7\u00e3o imposta pelo governo do Reino Unido, de uma quarentena de pelo menos dez dias para quem est\u00e1 com o coronav\u00edrus, tiver aplica\u00e7\u00e3o, P\u00e9rez tamb\u00e9m vai perder o GP do Anivers\u00e1rio de 70 anos na semana que vem, tamb\u00e9m disputado em Silverstone.<\/p>\n\n\n\n<p class=\"wp-block-paragraph\">Ainda n\u00e3o h\u00e1 confirma\u00e7\u00e3o sobre um substituto para assumir o carro rosa. A Racing Point n\u00e3o conta com reservas pr\u00f3prios e os favoritos s\u00e3o <a href=\"https:\/\/www.grandepremio.com\/br\/?s=guti\u00e9rrez\">Esteban Guti\u00e9rrez<\/a> e <a href=\"https:\/\/www.grandepremio.com\/br\/?s=vandoorne\">Stoffel Vandoorne<\/a>, reservas da <a href=\"https:\/\/www.grandepremio.com\/br\/?s=mercedes\">Mercedes<\/a>, al\u00e9m de <a href=\"https:\/\/www.grandepremio.com\/br\/?s=h\u00fclkenberg\">Nico H\u00fclkenberg<\/a>, velho conhecido do time local.<\/p>\n\n\n\n<p class=\"wp-block-paragraph\">O <strong>GRANDE PR\u00caMIO<\/strong> transmite <a href=\"https:\/\/www.grandepremio.com\/br\/ao-vivo\/f1\/?fl=true&amp;utm_source=lance\"><strong>AO VIVO<\/strong> e em <strong>TEMPO REAL<\/strong><\/a> todas as atividades do fim de semana do GP da Inglaterra, quarta etapa da temporada 2020 da F\u00f3rmula 1.<\/p>\n\n\n\n<figure class=\"wp-block-embed-youtube wp-block-embed is-type-video is-provider-youtube wp-embed-aspect-16-9 wp-has-aspect-ratio\"><div class=\"wp-block-embed__wrapper\">\n<iframe loading=\"lazy\" title=\"Nunca WIN, sempre WALL: a desajeitada carreira de ANDREA DE CESARIS na F1\" width=\"500\" height=\"281\" src=\"https:\/\/www.youtube.com\/embed\/G4g6I6kQhyE?feature=oembed\" frameborder=\"0\" allow=\"accelerometer; autoplay; clipboard-write; encrypted-media; gyroscope; picture-in-picture; web-share\" referrerpolicy=\"strict-origin-when-cross-origin\" allowfullscreen><\/iframe>\n<\/div><\/figure>\n","protected":false},"excerpt":{"rendered":"<p>Ap\u00f3s um primeiro resultado inconclusivo, Sergio P\u00e9rez testou positivo para Covid-19 e vai ficar de fora da quarta etapa da temporada 2020 da F\u00f3rmula 1. A Racing Point ainda n\u00e3o confirmou seu substituto<\/p>\n","protected":false},"author":0,"featured_media":1000392011,"comment_status":"closed","ping_status":"closed","sticky":false,"template":"","format":"standard","meta":{"42wp_featured_image_caption":"","42wp_featured_image_credits":"","42wp_featured_video":"","42wp_featured_image_hidden":false,"42wp_authors_list":[],"footnotes":""},"categories":[2],"tags":[24858,118,157,1505,472,471,310,24863,3632],"42wp_author":[47115,47117,47120,47136],"class_list":["post-128578","post","type-post","status-publish","format-standard","has-post-thumbnail","hentry","category-f1","tag-covid-19","tag-f1-2020","tag-formula-1-2020","tag-gp-da-inglaterra","tag-horarios-da-f1-2020","tag-horarios-da-formula-1-2020","tag-racing-point","tag-sergio-perez-2","tag-silverstone","42wp_author-evelyn-guimaraes","42wp_author-gabriel-curty","42wp_author-pedro-henrique-marum","42wp_author-victor-martins"],"_links":{"self":[{"href":"https:\/\/grandepremio.com\/br\/wp-json\/wp\/v2\/posts\/128578","targetHints":{"allow":["GET"]}}],"collection":[{"href":"https:\/\/grandepremio.com\/br\/wp-json\/wp\/v2\/posts"}],"about":[{"href":"https:\/\/grandepremio.com\/br\/wp-json\/wp\/v2\/types\/post"}],"replies":[{"embeddable":true,"href":"https:\/\/grandepremio.com\/br\/wp-json\/wp\/v2\/comments?post=128578"}],"version-history":[{"count":0,"href":"https:\/\/grandepremio.com\/br\/wp-json\/wp\/v2\/posts\/128578\/revisions"}],"wp:featuredmedia":[{"embeddable":true,"href":"https:\/\/grandepremio.com\/br\/wp-json\/wp\/v2\/media\/1000392011"}],"wp:attachment":[{"href":"https:\/\/grandepremio.com\/br\/wp-json\/wp\/v2\/media?parent=128578"}],"wp:term":[{"taxonomy":"category","embeddable":true,"href":"https:\/\/grandepremio.com\/br\/wp-json\/wp\/v2\/categories?post=128578"},{"taxonomy":"post_tag","embeddable":true,"href":"https:\/\/grandepremio.com\/br\/wp-json\/wp\/v2\/tags?post=128578"},{"taxonomy":"42wp_author","embeddable":true,"href":"https:\/\/grandepremio.com\/br\/wp-json\/wp\/v2\/42wp_author?post=128578"}],"curies":[{"name":"wp","href":"https:\/\/api.w.org\/{rel}","templated":true}]}}