{"id":128583,"date":"2020-07-30T14:28:07","date_gmt":"2020-07-30T17:28:07","guid":{"rendered":"https:\/\/grandepremio.com\/br\/noticias\/grosjean-liga-para-hamilton-conversa-sobre-protestos-na-f1-e-admite-ele-estava-certo\/"},"modified":"2020-07-30T14:29:08","modified_gmt":"2020-07-30T17:29:08","slug":"grosjean-liga-para-hamilton-conversa-sobre-protestos-na-f1-e-admite-ele-estava-certo","status":"publish","type":"post","link":"https:\/\/grandepremio.com\/br\/f1\/grosjean-liga-para-hamilton-conversa-sobre-protestos-na-f1-e-admite-ele-estava-certo\/","title":{"rendered":"Grosjean liga para Hamilton, conversa sobre protestos na F1 e admite: &#8220;Ele estava certo&#8221;"},"content":{"rendered":"\n<figure class=\"wp-block-embed-youtube wp-block-embed is-type-video is-provider-youtube wp-embed-aspect-16-9 wp-has-aspect-ratio\"><div class=\"wp-block-embed__wrapper\">\n<iframe loading=\"lazy\" title=\"O futuro da F1 no BRASIL e M\u00e1rquez na MOTOGP e a abertura da STOCK CAR | Paddock #207\" width=\"500\" height=\"281\" src=\"https:\/\/www.youtube.com\/embed\/yqQ0t4SdyDU?feature=oembed\" frameborder=\"0\" allow=\"accelerometer; autoplay; clipboard-write; encrypted-media; gyroscope; picture-in-picture; web-share\" referrerpolicy=\"strict-origin-when-cross-origin\" allowfullscreen><\/iframe>\n<\/div><\/figure>\n\n\n\n<p class=\"wp-block-paragraph\">Ap\u00f3s um <a href=\"https:\/\/www.grandepremio.com\/br\/f1\/noticias\/hamilton-critica-grosjean-por-indiferenca-em-protesto-na-hungria-e-sobra-ate-para-f1\/?fl=true&amp;utm_source=lance\">GP da Hungria<\/a> em que a manifesta\u00e7\u00e3o de pilotos ajoelhados, liderada por <a href=\"https:\/\/www.grandepremio.com\/br\/?s=hamilton\">Lewis Hamilton<\/a>, ser abafada pela falta de clareza no procedimento e o <a href=\"https:\/\/www.grandepremio.com\/br\/f1\/noticias\/hamilton-critica-grosjean-por-indiferenca-em-protesto-na-hungria-e-sobra-ate-para-f1\/?fl=true&amp;utm_source=lance\">hexacampe\u00e3o criticar<\/a> a <a href=\"https:\/\/www.grandepremio.com\/br\/f1\/?fl=true&amp;utm_source=lance\">F\u00f3rmula 1<\/a> e <a href=\"https:\/\/www.grandepremio.com\/br\/?s=grosjean\">Romain Grosjean<\/a>, o franc\u00eas se manifestou. Quase duas semanas se passaram, mas o piloto da <a href=\"https:\/\/www.grandepremio.com\/br\/?s=haas\">Haas<\/a> revelou uma liga\u00e7\u00e3o para Hamilton nos dias seguintes e admitiu que o ingl\u00eas tinha raz\u00e3o.<\/p>\n\n\n\n<p class=\"wp-block-paragraph\">Grosjean, que \u00e9 o atual diretor da Associa\u00e7\u00e3o de Pilotos, justificou que n\u00e3o est\u00e1 contr\u00e1rio a ajoelhar, mas que, no papel de diretor, precisava ouvir os que discordam da manifesta\u00e7\u00e3o. Para seguir as manifesta\u00e7\u00f5es, quer uma clareza maior do Liberty Media quanto ao procedimento. E foi al\u00e9m: compartilha o desejo de Hamilton de ver os 20 nomes do grid se ajoelhando juntos em algum momento.<\/p>\n\n\n\n<p class=\"wp-block-paragraph\">&#8220;Foi uma boa conversa com Lewis. Eu disse que sentia muito, talvez eu tenha tratado da maneira errada, mas sentia que precisa fazer naquele momento. Na GPDA, trabalhamos com um sistema de vota\u00e7\u00e3o pela maioria, e senti que se eu, como diretor, n\u00e3o escutasse os pilotos que n\u00e3o estavam felizes em seguir com aquilo, n\u00e3o estaria cumprindo minhas obriga\u00e7\u00f5es&#8221;, refletiu.<\/p>\n\n\n\n<p class=\"wp-block-paragraph\">&#8220;Lewis mencionou que, como sou um dos diretores, eles me escutam e esse era o ponto dele. E acho que ele estava certo nesse aspecto&#8221;, continuou.<\/p>\n\n\n\n<p class=\"wp-block-paragraph\">&#8220;Foi uma \u00f3tima liga\u00e7\u00e3o. Eu tamb\u00e9m n\u00e3o gostei de como a hist\u00f3ria saiu na imprensa, nas minhas redes sociais tinha muitas coisas sobre racismo e gente dizendo que eu era racista, coisas assim, e isso \u00e9 absolutamente errado&#8221;, seguiu.<\/p>\n\n\n\n<p class=\"wp-block-paragraph\">&#8220;N\u00e3o acredito que voc\u00ea vai encontrar ningu\u00e9m no mundo que dir\u00e1 que eu j\u00e1 fiz algo nessa dire\u00e7\u00e3o, ent\u00e3o n\u00e3o fiquei feliz em ser tratado assim. Fui um dos primeiros a apoiar e sugerir que ajoelh\u00e1ssemos. Ainda estou otimista que um dia faremos os 20 pilotos ajoelhar no grid, acho que vai acontecer em algum momento&#8221;, afirmou.<\/p>\n\n\n\n<p class=\"wp-block-paragraph\">&#8220;Para os pilotos \u00e9 dif\u00edcil organizar movimentos em um evento, porque s\u00e3o muitos aspectos para avaliar, ent\u00e3o quer\u00edamos maior ajuda do Liberty e um procedimento claro, antes da corrida, como fizemos na primeira corrida na \u00c1ustria. Creio que isso ir\u00e1 acontecer e ficar\u00e1 mais claro para todos n\u00f3s&#8221;, finalizou.<\/p>\n\n\n\n<p class=\"wp-block-paragraph\">O otimismo do franc\u00eas diz respeito \u00e0 corrida deste fim de semana, na Inglaterra, onde os pilotos esperam uma cerim\u00f4nia clara para que se manifestem.<\/p>\n\n\n\n<p class=\"wp-block-paragraph\">O <strong>GRANDE PR\u00caMIO<\/strong> transmite <a href=\"https:\/\/www.grandepremio.com\/br\/ao-vivo\/f1\/?fl=true&amp;utm_source=lance\"><strong>AO VIVO<\/strong> e em <strong>TEMPO REAL<\/strong><\/a> todas as atividades do fim de semana do GP da Inglaterra, quarta etapa da temporada 2020 da F\u00f3rmula 1.<\/p>\n\n\n\n<figure class=\"wp-block-embed-youtube wp-block-embed is-type-video is-provider-youtube wp-embed-aspect-16-9 wp-has-aspect-ratio\"><div class=\"wp-block-embed__wrapper\">\n<iframe loading=\"lazy\" title=\"Nunca WIN, sempre WALL: a desajeitada carreira de ANDREA DE CESARIS na F1\" width=\"500\" height=\"281\" src=\"https:\/\/www.youtube.com\/embed\/G4g6I6kQhyE?feature=oembed\" frameborder=\"0\" allow=\"accelerometer; autoplay; clipboard-write; encrypted-media; gyroscope; picture-in-picture; web-share\" referrerpolicy=\"strict-origin-when-cross-origin\" allowfullscreen><\/iframe>\n<\/div><\/figure>\n","protected":false},"excerpt":{"rendered":"<p>Lewis Hamilton reclamou do papel de Romain Grosjean na diminui\u00e7\u00e3o dos protestos antirracistas da F\u00f3rmula 1 na Hungria, ent\u00e3o o franc\u00eas ligou para uma longa conversa com o hexacampe\u00e3o. Segundo Grosjean, o objetivo n\u00e3o \u00e9 acabar com as manifesta\u00e7\u00f5es, mas contar com todos os 20 pilotos do grid<\/p>\n","protected":false},"author":0,"featured_media":1000391980,"comment_status":"closed","ping_status":"closed","sticky":false,"template":"","format":"standard","meta":{"42wp_featured_image_caption":"","42wp_featured_image_credits":"","42wp_featured_video":"","42wp_featured_image_hidden":false,"42wp_authors_list":[],"footnotes":""},"categories":[2],"tags":[118,157,119,472,471,897,87,1871,2545,120],"42wp_author":[47120],"class_list":["post-128583","post","type-post","status-publish","format-standard","has-post-thumbnail","hentry","category-f1","tag-f1-2020","tag-formula-1-2020","tag-haas","tag-horarios-da-f1-2020","tag-horarios-da-formula-1-2020","tag-inglaterra","tag-lewis-hamilton","tag-protestos","tag-racismo","tag-romain-grosjean","42wp_author-pedro-henrique-marum"],"_links":{"self":[{"href":"https:\/\/grandepremio.com\/br\/wp-json\/wp\/v2\/posts\/128583","targetHints":{"allow":["GET"]}}],"collection":[{"href":"https:\/\/grandepremio.com\/br\/wp-json\/wp\/v2\/posts"}],"about":[{"href":"https:\/\/grandepremio.com\/br\/wp-json\/wp\/v2\/types\/post"}],"replies":[{"embeddable":true,"href":"https:\/\/grandepremio.com\/br\/wp-json\/wp\/v2\/comments?post=128583"}],"version-history":[{"count":0,"href":"https:\/\/grandepremio.com\/br\/wp-json\/wp\/v2\/posts\/128583\/revisions"}],"wp:featuredmedia":[{"embeddable":true,"href":"https:\/\/grandepremio.com\/br\/wp-json\/wp\/v2\/media\/1000391980"}],"wp:attachment":[{"href":"https:\/\/grandepremio.com\/br\/wp-json\/wp\/v2\/media?parent=128583"}],"wp:term":[{"taxonomy":"category","embeddable":true,"href":"https:\/\/grandepremio.com\/br\/wp-json\/wp\/v2\/categories?post=128583"},{"taxonomy":"post_tag","embeddable":true,"href":"https:\/\/grandepremio.com\/br\/wp-json\/wp\/v2\/tags?post=128583"},{"taxonomy":"42wp_author","embeddable":true,"href":"https:\/\/grandepremio.com\/br\/wp-json\/wp\/v2\/42wp_author?post=128583"}],"curies":[{"name":"wp","href":"https:\/\/api.w.org\/{rel}","templated":true}]}}