{"id":128594,"date":"2020-07-30T08:36:16","date_gmt":"2020-07-30T11:36:16","guid":{"rendered":"https:\/\/grandepremio.com\/br\/noticias\/aleix-espargaro-volta-a-elogiar-moto-da-aprilia-mas-assume-decepcao-com-inicio-de-2020\/"},"modified":"2020-07-30T13:38:09","modified_gmt":"2020-07-30T16:38:09","slug":"aleix-espargaro-volta-a-elogiar-moto-da-aprilia-mas-assume-decepcao-com-inicio-de-2020","status":"publish","type":"post","link":"https:\/\/grandepremio.com\/br\/motogp\/aleix-espargaro-volta-a-elogiar-moto-da-aprilia-mas-assume-decepcao-com-inicio-de-2020\/","title":{"rendered":"Aleix Espargar\u00f3 volta a elogiar moto da Aprilia, mas assume decep\u00e7\u00e3o com in\u00edcio de 2020"},"content":{"rendered":"\n<p class=\"wp-block-paragraph\">Aleix Espargar\u00f3 saiu decepcionado das primeiras duas corridas da temporada 2020 da <strong><a href=\"https:\/\/www.grandepremio.com\/br\/motogp\/?fl=true&amp;utm_source=lance\">MotoGP<\/a><\/strong>. Mesmo animado com a evolu\u00e7\u00e3o apresentada pelo prot\u00f3tipo de Noale ao longo da fase de testes, o catal\u00e3o de Granollers n\u00e3o conseguiu converter a melhora em resultados e sequer pontuou nos GPs da <strong><a href=\"https:\/\/www.grandepremio.com\/br\/motogp\/noticias\/quartararo-vence-a-1a-na-motogp-na-espanha-marc-marquez-erra-duas-vezes-e-abandona\/\">Espanha<\/a><\/strong> e da <strong><a href=\"https:\/\/www.grandepremio.com\/br\/motogp\/noticias\/quartararo-domina-inferno-de-jerez-e-vence-2a-seguida-rossi-e-3o-no-gp-da-andaluzia\/\">Andaluzia<\/a><\/strong>.<\/p>\n\n\n\n<p class=\"wp-block-paragraph\">Agora sob o comando de Massimo Rivola, ex-F1, a Aprilia conseguiu mudar a din\u00e2mica de trabalho dentro dos boxes, j\u00e1 que Romano Albesiano ficou livre para focar no desenvolvimento da moto. Com mais dinheiro do grupo Piaggio, o diretor-t\u00e9cnico conseguiu evoluir a moto, o que fez com que Aleix sonhasse at\u00e9 em brigar pelo p\u00f3dio.<\/p>\n\n\n\n<figure class=\"wp-block-image size-large\"><img decoding=\"async\" src=\"https:\/\/www.grandepremio.com\/br\/wp-content\/uploads\/2020\/07\/dc59528a-e455-496d-9d76-65701813b2e0-1024x682.jpg\" alt=\"\" class=\"wp-image-399833\"\/><figcaption>Aleix Espargar\u00f3 renovou com a Aprilia at\u00e9 2022 (Foto: Aprilia)<\/figcaption><\/figure>\n\n\n\n<p class=\"wp-block-paragraph\">Nesse in\u00edcio de ano, por\u00e9m, o irm\u00e3o de Pol registrou dois abandonos seguidos. Aleix caiu na terceira volta da etapa da Espanha, quando estava em 14\u00ba, e ficou na pista apenas at\u00e9 a nona volta do GP da Andaluzia, quando tinha escalado at\u00e9 o 11\u00ba lugar ap\u00f3s largar em 16\u00ba, mesma posi\u00e7\u00e3o de partida da primeira corrida em Jerez.<\/p>\n\n\n\n<p class=\"wp-block-paragraph\">Assim, a Aprilia somou apenas cinco pontos at\u00e9 aqui, todos conquistados por Bradley Smith, escalado para substituir Andrea Iannone, que est\u00e1 suspenso por doping. O brit\u00e2nico, ali\u00e1s, ainda n\u00e3o foi confirmado para a sequ\u00eancia da temporada.<\/p>\n\n\n\n<p class=\"wp-block-paragraph\">\u201cMe sinto desapontado com a queda. Lamento muito pelo time, pois no s\u00e1bado, com os meus rapazes, tivemos um problema e terminamos pr\u00f3ximo na 1h da manh\u00e3. Eu estava mirando uma boa corrida por eles\u201d, disse Aleix. \u201cFiz uma boa largada, mas sinto que estou acima do limite com essa moto, tentando seguir as Ducati e as Suzuki. Tinha o mesmo ritmo. N\u00e3o fiz nada estranho, mas, obviamente, para estar com eles, eu preciso andar mais perto do limite do que eles. E paguei o pra\u00e7o\u201d, seguiu.<\/p>\n\n\n\n<p class=\"wp-block-paragraph\">\u201cEm uma pista escorregadia como esta, voc\u00ea tem de parar mais a moto e a\u00ed acelerar. N\u00e3o posso usar esse estilo de pilotagem\u201d, comentou. \u201cN\u00e3o posso parar a moto e usar toda a pot\u00eancia, porque n\u00e3o tenho isso. Preciso de um pouco mais de velocidade de curva para ajudar com a acelera\u00e7\u00e3o e perdi a frente\u201d, explicou.<\/p>\n\n\n\n<p class=\"wp-block-paragraph\">\u201cMais uma vez, lamento muito. Nunca ca\u00ed em duas corridas seguidas na MotoGP, ent\u00e3o estou muito desapontado. Mas senti que n\u00e3o tinha muito a fazer\u201d, comentou.<\/p>\n\n\n\n<p class=\"wp-block-paragraph\">Desde o primeiro contato com a RS-GP, Aleix se mostrou bastante animado com a evolu\u00e7\u00e3o da Aprilia, algo que n\u00e3o se perdeu com os resultados das duas corridas em Jerez.<\/p>\n\n\n\n<p class=\"wp-block-paragraph\">\u201cEu gosto da moto, me sinto bem, s\u00f3 nos falta pot\u00eancia. Esse \u00e9 um ponto chave. Acho que nossa moto \u00e9 melhor ou no mesmo n\u00edvel dos nossos rivais, exceto pelo moto, ent\u00e3o preciso correr no meio da curva\u201d, justificou. \u201cUltrapassei [Andrea] Dovizioso uma vez e [Danilo] Petrucci uma vez, mas, assim que levantamos a moto, num trecho de 55 metros, eles me ultrapassaram outra vez. Ent\u00e3o foi frustrante\u201d, detalhou.<\/p>\n\n\n\n<p class=\"wp-block-paragraph\">\u201cHonestamente, sei que \u00e9 est\u00fapido dizer, mas sinto que, se n\u00e3o tivesse ningu\u00e9m na minha frente, poderia pilotar em 1min39s0 em cada uma das voltas\u201d, declarou. \u201cDe qualquer forma, \u00e9 dif\u00edcil ser positivo neste momento, mas eu me sinto forte, r\u00e1pido com esta moto, sinto que estou no limite com essa moto, mas me sinto bem. Ent\u00e3o vou seguir insistindo, tentando, mas, no momento, me sinto muito desapontado\u201d, encerrou.<\/p>\n\n\n\n<figure class=\"wp-block-embed-spotify wp-block-embed is-type-rich is-provider-spotify wp-embed-aspect-21-9 wp-has-aspect-ratio\"><div class=\"wp-block-embed__wrapper\">\n<iframe title=\"Spotify Embed: A volta da STOCK CAR, com Cac\u00e1 Bueno e \u00c1tila Abreu | Paddockast #71\" style=\"border-radius: 12px\" width=\"100%\" height=\"152\" frameborder=\"0\" allowfullscreen allow=\"autoplay; clipboard-write; encrypted-media; fullscreen; picture-in-picture\" loading=\"lazy\" src=\"https:\/\/open.spotify.com\/embed\/episode\/4vbxvas6te4Pk4iqs8kc1b?utm_source=oembed\"><\/iframe>\n<\/div><figcaption><strong><strong>Paddockast #71 |&nbsp;<\/strong>A volta da&nbsp;<a href=\"https:\/\/www.grandepremio.com\/br\/stock-car\/\" target=\"_blank\" rel=\"noreferrer noopener\">Stock Car<\/a>, com \u00c1tila Abreu e Cac\u00e1 Bueno<br>Ou\u00e7a tamb\u00e9m:&nbsp;<a href=\"http:\/\/podcasts.apple.com\/br\/podcast\/paddockast\/id1371540198\">PODCASTS APPLE<\/a>&nbsp;|&nbsp;<a href=\"https:\/\/www.subscribeonandroid.com\/www.central3.com.br\/category\/podcasts\/paddockast\/feed\/podcast\/\">ANDROID<\/a>&nbsp;|&nbsp;<a href=\"https:\/\/player.fm\/series\/paddockast\">PLAYERFM<\/a><\/strong><\/figcaption><\/figure>\n\n\n\n<figure class=\"wp-block-embed-youtube wp-block-embed is-type-video is-provider-youtube wp-embed-aspect-16-9 wp-has-aspect-ratio\"><div class=\"wp-block-embed__wrapper\">\n<iframe loading=\"lazy\" title=\"O futuro da F1 no BRASIL e M\u00e1rquez na MOTOGP e a abertura da STOCK CAR | Paddock #207\" width=\"500\" height=\"281\" src=\"https:\/\/www.youtube.com\/embed\/yqQ0t4SdyDU?feature=oembed\" frameborder=\"0\" allow=\"accelerometer; autoplay; clipboard-write; encrypted-media; gyroscope; picture-in-picture; web-share\" referrerpolicy=\"strict-origin-when-cross-origin\" allowfullscreen><\/iframe>\n<\/div><\/figure>\n\n\n","protected":false},"excerpt":{"rendered":"<p>O catal\u00e3o ainda n\u00e3o conseguiu pontuar na temporada da MotoGP, mas nem por isso deixou de elogiar a performance da RS-GP. O irm\u00e3o de Pol ressaltou a pot\u00eancia como d\u00e9ficit principal do prot\u00f3tipo italiano<\/p>\n","protected":false},"author":0,"featured_media":1000399836,"comment_status":"closed","ping_status":"closed","sticky":false,"template":"","format":"standard","meta":{"42wp_featured_image_caption":"","42wp_featured_image_credits":"","42wp_featured_video":"","42wp_featured_image_hidden":false,"42wp_authors_list":[],"footnotes":""},"categories":[8],"tags":[25605,1877,1690,79,174,78,173,847],"42wp_author":[47109],"class_list":["post-128594","post","type-post","status-publish","format-standard","has-post-thumbnail","hentry","category-motogp","tag-andaluzia","tag-espanha","tag-jerez","tag-moto-gp","tag-moto-gp-2020","tag-motogp","tag-motogp-2020","tag-mundial-de-motovelocidade","42wp_author-redacao-gp"],"_links":{"self":[{"href":"https:\/\/grandepremio.com\/br\/wp-json\/wp\/v2\/posts\/128594","targetHints":{"allow":["GET"]}}],"collection":[{"href":"https:\/\/grandepremio.com\/br\/wp-json\/wp\/v2\/posts"}],"about":[{"href":"https:\/\/grandepremio.com\/br\/wp-json\/wp\/v2\/types\/post"}],"replies":[{"embeddable":true,"href":"https:\/\/grandepremio.com\/br\/wp-json\/wp\/v2\/comments?post=128594"}],"version-history":[{"count":0,"href":"https:\/\/grandepremio.com\/br\/wp-json\/wp\/v2\/posts\/128594\/revisions"}],"wp:featuredmedia":[{"embeddable":true,"href":"https:\/\/grandepremio.com\/br\/wp-json\/wp\/v2\/media\/1000399836"}],"wp:attachment":[{"href":"https:\/\/grandepremio.com\/br\/wp-json\/wp\/v2\/media?parent=128594"}],"wp:term":[{"taxonomy":"category","embeddable":true,"href":"https:\/\/grandepremio.com\/br\/wp-json\/wp\/v2\/categories?post=128594"},{"taxonomy":"post_tag","embeddable":true,"href":"https:\/\/grandepremio.com\/br\/wp-json\/wp\/v2\/tags?post=128594"},{"taxonomy":"42wp_author","embeddable":true,"href":"https:\/\/grandepremio.com\/br\/wp-json\/wp\/v2\/42wp_author?post=128594"}],"curies":[{"name":"wp","href":"https:\/\/api.w.org\/{rel}","templated":true}]}}