{"id":128601,"date":"2020-07-30T04:30:00","date_gmt":"2020-07-30T07:30:00","guid":{"rendered":"https:\/\/grandepremio.com\/br\/noticias\/55-um-bate-papo-com-rubens-barrichello\/"},"modified":"2020-07-29T16:58:30","modified_gmt":"2020-07-29T19:58:30","slug":"55-um-bate-papo-com-rubens-barrichello","status":"publish","type":"post","link":"https:\/\/grandepremio.com\/br\/podcast\/55-um-bate-papo-com-rubens-barrichello\/","title":{"rendered":"#55: Um bate-papo com Rubens Barrichello"},"content":{"rendered":"\n<p class=\"wp-block-paragraph\">O Paddockast recebeu Rubens Barrichello em sua edi\u00e7\u00e3o #55 para que o piloto contasse diversos momentos emocionantes de sua carreira &#8211; incluindo, \u00e9 claro, a hist\u00f3rica vit\u00f3ria na Alemanha em 2000, a sua primeira na F\u00f3rmula 1.<\/p>\n\n\n\n<figure class=\"wp-block-embed-youtube wp-block-embed is-type-video is-provider-youtube wp-embed-aspect-16-9 wp-has-aspect-ratio\"><div class=\"wp-block-embed__wrapper\">\n<iframe loading=\"lazy\" title=\"Um bate-papo com Rubens Barrichello | Paddockast #55\" width=\"500\" height=\"281\" src=\"https:\/\/www.youtube.com\/embed\/V8ooC9mqkZs?feature=oembed\" frameborder=\"0\" allow=\"accelerometer; autoplay; clipboard-write; encrypted-media; gyroscope; picture-in-picture; web-share\" referrerpolicy=\"strict-origin-when-cross-origin\" allowfullscreen><\/iframe>\n<\/div><\/figure>\n\n\n","protected":false},"excerpt":{"rendered":"<p>No Paddockast #55, Rubens Barrichello se emocionou ao lembrar de momentos hist\u00f3ricos de sua carreira &#8211; como o GP da Alemanha de 2000, que completa 20 anos nesta quinta-feira<\/p>\n","protected":false},"author":0,"featured_media":0,"comment_status":"closed","ping_status":"closed","sticky":false,"template":"","format":"standard","meta":{"42wp_featured_image_caption":"","42wp_featured_image_credits":"","42wp_featured_video":"","42wp_featured_image_hidden":false,"42wp_authors_list":[],"footnotes":""},"categories":[37],"tags":[396,147,24837,1504,162,166,175,69],"42wp_author":[47129],"class_list":["post-128601","post","type-post","status-publish","format-standard","hentry","category-podcast","tag-entrevista-exclusiva","tag-f1","tag-formula-1-2","tag-gp-da-alemanha","tag-paddockast","tag-podcast","tag-rubens-barrichello","tag-stock-car","42wp_author-felipe-noronha"],"_links":{"self":[{"href":"https:\/\/grandepremio.com\/br\/wp-json\/wp\/v2\/posts\/128601","targetHints":{"allow":["GET"]}}],"collection":[{"href":"https:\/\/grandepremio.com\/br\/wp-json\/wp\/v2\/posts"}],"about":[{"href":"https:\/\/grandepremio.com\/br\/wp-json\/wp\/v2\/types\/post"}],"replies":[{"embeddable":true,"href":"https:\/\/grandepremio.com\/br\/wp-json\/wp\/v2\/comments?post=128601"}],"version-history":[{"count":0,"href":"https:\/\/grandepremio.com\/br\/wp-json\/wp\/v2\/posts\/128601\/revisions"}],"wp:attachment":[{"href":"https:\/\/grandepremio.com\/br\/wp-json\/wp\/v2\/media?parent=128601"}],"wp:term":[{"taxonomy":"category","embeddable":true,"href":"https:\/\/grandepremio.com\/br\/wp-json\/wp\/v2\/categories?post=128601"},{"taxonomy":"post_tag","embeddable":true,"href":"https:\/\/grandepremio.com\/br\/wp-json\/wp\/v2\/tags?post=128601"},{"taxonomy":"42wp_author","embeddable":true,"href":"https:\/\/grandepremio.com\/br\/wp-json\/wp\/v2\/42wp_author?post=128601"}],"curies":[{"name":"wp","href":"https:\/\/api.w.org\/{rel}","templated":true}]}}