{"id":128607,"date":"2020-07-29T14:12:28","date_gmt":"2020-07-29T17:12:28","guid":{"rendered":"https:\/\/grandepremio.com\/br\/noticias\/grande-premio-traz-programacao-especial-sobre-20-anos-da-1a-vitoria-de-barrichello\/"},"modified":"2020-07-29T14:28:39","modified_gmt":"2020-07-29T17:28:39","slug":"grande-premio-traz-programacao-especial-sobre-20-anos-da-1a-vitoria-de-barrichello","status":"publish","type":"post","link":"https:\/\/grandepremio.com\/br\/f1\/grande-premio-traz-programacao-especial-sobre-20-anos-da-1a-vitoria-de-barrichello\/","title":{"rendered":"GRANDE PR\u00caMIO traz programa\u00e7\u00e3o especial sobre 20 anos da 1\u00aa vit\u00f3ria de Barrichello"},"content":{"rendered":"\n<p class=\"wp-block-paragraph\">O <strong>GRANDE PR\u00caMIO<\/strong> apresenta uma programa\u00e7\u00e3o especial para lembrar os 20 anos da primeira vit\u00f3ria de Rubens Barrichello na F\u00f3rmula 1, nesta quinta-feira (30). Ao longo do dia, mat\u00e9rias e transmiss\u00f5es v\u00e3o ser feitas no site e nas redes sociais para lembrar da data especial na carreira do piloto.<\/p>\n\n\n\n<p class=\"wp-block-paragraph\">O Na Garagem vai abrir o dia recontando a hist\u00f3ria daquele GP da Alemanha de 2000. A corrida teve chuva, invas\u00e3o de pista e uma grande recupera\u00e7\u00e3o de Barrichello, que falou ao Paddockast sobre aquele domingo, que s\u00f3 pensava &#8220;em se ver vencendo com o tema da vit\u00f3ria&#8221;, m\u00fasica que foi criada pela TV Globo para celebrar os triunfos brasileiros na F1.<\/p>\n\n\n\n<figure class=\"wp-block-image size-large\"><img decoding=\"async\" src=\"https:\/\/www.grandepremio.com\/br\/wp-content\/uploads\/2020\/07\/Barrichello20anos09-1024x715.jpg\" alt=\"\" class=\"wp-image-401186\"\/><figcaption>Rubens Barrichello venceu pela primeira vez na F1 no GP da Alemanha em 2000 (Foto: AFP)<\/figcaption><\/figure>\n\n\n\n<p class=\"wp-block-paragraph\">Tamb\u00e9m no site, o <strong>GRANDE PR\u00caMIO<\/strong> <a href=\"https:\/\/bit.ly\/30Zki21\">vai transmitir a corrida em tempo real<\/a>, com todos os detalhes, volta a volta. Nas redes sociais, atualiza\u00e7\u00f5es constantes v\u00e3o ser feitas com imagens e v\u00eddeos, tamb\u00e9m relatando a prova. As transmiss\u00f5es come\u00e7aram a partir de 8h45 (de Bras\u00edlia, GMT -3).<\/p>\n\n\n\n<p class=\"wp-block-paragraph\">Os f\u00e3s de automobilismo e de Barrichello ainda podem acompanhar o Paddockast #55. A entrevista exclusiva com Rubens Barrichello estar\u00e1 dispon\u00edvel no YouTube e em todas as plataformas de streaming.<\/p>\n\n\n\n<p class=\"wp-block-paragraph\">Para fechar o dia, a partir de 20h (de Bras\u00edlia), Flavio Gomes comanda o <a href=\"https:\/\/www.youtube.com\/c\/GrandePremioTV\/videos\">Cadeira Cativa #17 no YouTube<\/a>, que traz como convidados Ricardo Tedeschi, empres\u00e1rio de Barrichello no in\u00edcio da carreira, e o jornalista Fabio Seixas, que v\u00e3o ser sabatinados sobre a hist\u00f3rica etapa disputada em Hockenheim h\u00e1 20 anos.<\/p>\n\n\n\n<figure class=\"wp-block-embed-youtube wp-block-embed is-type-video is-provider-youtube wp-embed-aspect-16-9 wp-has-aspect-ratio\"><div class=\"wp-block-embed__wrapper\">\n<iframe loading=\"lazy\" title=\"O futuro da F1 no BRASIL e M\u00e1rquez na MOTOGP e a abertura da STOCK CAR | Paddock #207\" width=\"500\" height=\"281\" src=\"https:\/\/www.youtube.com\/embed\/yqQ0t4SdyDU?feature=oembed\" frameborder=\"0\" allow=\"accelerometer; autoplay; clipboard-write; encrypted-media; gyroscope; picture-in-picture; web-share\" referrerpolicy=\"strict-origin-when-cross-origin\" allowfullscreen><\/iframe>\n<\/div><\/figure>\n","protected":false},"excerpt":{"rendered":"<p>Para homenagear os 20 anos da primeira vit\u00f3ria de Rubens Barrichello na F\u00f3rmula 1, o GRANDE PR\u00caMIO apresenta mat\u00e9rias especiais, transmiss\u00f5es em tempo real e o Cadeira Cativa dedicado a esse emocionante momento do automobilismo brasileiro<\/p>\n","protected":false},"author":0,"featured_media":1000365827,"comment_status":"closed","ping_status":"closed","sticky":false,"template":"","format":"standard","meta":{"42wp_featured_image_caption":"","42wp_featured_image_credits":"","42wp_featured_video":"","42wp_featured_image_hidden":false,"42wp_authors_list":[],"footnotes":""},"categories":[2],"tags":[24900,25084,24836,980,175],"42wp_author":[47109],"class_list":["post-128607","post","type-post","status-publish","format-standard","has-post-thumbnail","hentry","category-f1","tag-cadeira-cativa","tag-cadeira-cativa-gp","tag-grande-premio-2","tag-hockenheim","tag-rubens-barrichello","42wp_author-redacao-gp"],"_links":{"self":[{"href":"https:\/\/grandepremio.com\/br\/wp-json\/wp\/v2\/posts\/128607","targetHints":{"allow":["GET"]}}],"collection":[{"href":"https:\/\/grandepremio.com\/br\/wp-json\/wp\/v2\/posts"}],"about":[{"href":"https:\/\/grandepremio.com\/br\/wp-json\/wp\/v2\/types\/post"}],"replies":[{"embeddable":true,"href":"https:\/\/grandepremio.com\/br\/wp-json\/wp\/v2\/comments?post=128607"}],"version-history":[{"count":0,"href":"https:\/\/grandepremio.com\/br\/wp-json\/wp\/v2\/posts\/128607\/revisions"}],"wp:featuredmedia":[{"embeddable":true,"href":"https:\/\/grandepremio.com\/br\/wp-json\/wp\/v2\/media\/1000365827"}],"wp:attachment":[{"href":"https:\/\/grandepremio.com\/br\/wp-json\/wp\/v2\/media?parent=128607"}],"wp:term":[{"taxonomy":"category","embeddable":true,"href":"https:\/\/grandepremio.com\/br\/wp-json\/wp\/v2\/categories?post=128607"},{"taxonomy":"post_tag","embeddable":true,"href":"https:\/\/grandepremio.com\/br\/wp-json\/wp\/v2\/tags?post=128607"},{"taxonomy":"42wp_author","embeddable":true,"href":"https:\/\/grandepremio.com\/br\/wp-json\/wp\/v2\/42wp_author?post=128607"}],"curies":[{"name":"wp","href":"https:\/\/api.w.org\/{rel}","templated":true}]}}