{"id":128608,"date":"2020-07-29T13:00:00","date_gmt":"2020-07-29T16:00:00","guid":{"rendered":"https:\/\/grandepremio.com\/br\/noticias\/f2-prototipos-e-formula-ford-o-caminho-de-fittipaldi-ate-chegar-a-formula-1\/"},"modified":"2020-07-28T16:22:24","modified_gmt":"2020-07-28T19:22:24","slug":"f2-prototipos-e-formula-ford-o-caminho-de-fittipaldi-ate-chegar-a-formula-1","status":"publish","type":"post","link":"https:\/\/grandepremio.com\/br\/f1\/f2-prototipos-e-formula-ford-o-caminho-de-fittipaldi-ate-chegar-a-formula-1\/","title":{"rendered":"F2, prot\u00f3tipos e F\u00f3rmula Ford: o caminho de Fittipaldi at\u00e9 chegar \u00e0 F\u00f3rmula 1"},"content":{"rendered":"\n<p class=\"wp-block-paragraph\">No Cadeira Cativa #16, Castilho de Andrade e Jan Balder relembraram o caminho de Emerson Fittipaldi no automobilismo brasileiro, mas tamb\u00e9m na Europa, at\u00e9 chegar \u00e0 F\u00f3rmula 1 em 1970. O bicampe\u00e3o mundial passou por diversas categorias at\u00e9 assegurar uma vaga na Lotus.<\/p>\n\n\n\n<p class=\"wp-block-paragraph\">O Cadeira Cativa \u00e9 o programa do&nbsp;<strong>GRANDE PR\u00caMIO<\/strong>&nbsp;<a href=\"https:\/\/www.youtube.com\/playlist?list=PLULYLQYUzB5quTd-TVZPMhYwfGBYPTVy7\">que recebe jornalistas e personalidades marcantes da cobertura de esporte a motor do Brasil<\/a>.<\/p>\n\n\n\n<p class=\"wp-block-paragraph\"><strong>Assista ao trecho completo abaixo:<\/strong><\/p>\n\n\n\n<figure class=\"wp-block-embed-youtube wp-block-embed is-type-video is-provider-youtube wp-embed-aspect-16-9 wp-has-aspect-ratio\"><div class=\"wp-block-embed__wrapper\">\n<iframe loading=\"lazy\" title=\"EMERSON FITTIPALDI: 50 anos da ESTREIA do bicampe\u00e3o na F1 | Cadeira Cativa #16\" width=\"500\" height=\"281\" src=\"https:\/\/www.youtube.com\/embed\/pDNY8c5dtEo?start=1650&amp;feature=oembed\" frameborder=\"0\" allow=\"accelerometer; autoplay; clipboard-write; encrypted-media; gyroscope; picture-in-picture; web-share\" referrerpolicy=\"strict-origin-when-cross-origin\" allowfullscreen><\/iframe>\n<\/div><\/figure>\n\n\n","protected":false},"excerpt":{"rendered":"<p>O caminho de Emerson Fittipaldi at\u00e9 a F\u00f3rmula 1 foi cheio de obst\u00e1culos e categorias menores. O Cadeira Cativa #16, com Castilho de Andrade e Jan Balder contou sobre este per\u00edodo da carreira do bicampe\u00e3o mundial de F\u00f3rmula 1<\/p>\n","protected":false},"author":0,"featured_media":0,"comment_status":"closed","ping_status":"closed","sticky":false,"template":"","format":"standard","meta":{"42wp_featured_image_caption":"","42wp_featured_image_credits":"","42wp_featured_video":"","42wp_featured_image_hidden":false,"42wp_authors_list":[],"footnotes":""},"categories":[2],"tags":[24900,25084,25283,796,24837,24951,25600],"42wp_author":[47109],"class_list":["post-128608","post","type-post","status-publish","format-standard","hentry","category-f1","tag-cadeira-cativa","tag-cadeira-cativa-gp","tag-castilho-de-andrade","tag-emerson-fittipaldi","tag-formula-1-2","tag-formula-2-2","tag-jan-balder","42wp_author-redacao-gp"],"_links":{"self":[{"href":"https:\/\/grandepremio.com\/br\/wp-json\/wp\/v2\/posts\/128608","targetHints":{"allow":["GET"]}}],"collection":[{"href":"https:\/\/grandepremio.com\/br\/wp-json\/wp\/v2\/posts"}],"about":[{"href":"https:\/\/grandepremio.com\/br\/wp-json\/wp\/v2\/types\/post"}],"replies":[{"embeddable":true,"href":"https:\/\/grandepremio.com\/br\/wp-json\/wp\/v2\/comments?post=128608"}],"version-history":[{"count":0,"href":"https:\/\/grandepremio.com\/br\/wp-json\/wp\/v2\/posts\/128608\/revisions"}],"wp:attachment":[{"href":"https:\/\/grandepremio.com\/br\/wp-json\/wp\/v2\/media?parent=128608"}],"wp:term":[{"taxonomy":"category","embeddable":true,"href":"https:\/\/grandepremio.com\/br\/wp-json\/wp\/v2\/categories?post=128608"},{"taxonomy":"post_tag","embeddable":true,"href":"https:\/\/grandepremio.com\/br\/wp-json\/wp\/v2\/tags?post=128608"},{"taxonomy":"42wp_author","embeddable":true,"href":"https:\/\/grandepremio.com\/br\/wp-json\/wp\/v2\/42wp_author?post=128608"}],"curies":[{"name":"wp","href":"https:\/\/api.w.org\/{rel}","templated":true}]}}