{"id":128612,"date":"2020-07-29T11:28:30","date_gmt":"2020-07-29T14:28:30","guid":{"rendered":"https:\/\/grandepremio.com\/br\/noticias\/srt-admite-duvidas-sobre-acerto-com-rossi-apos-gp-da-espanha-mas-celebra-ele-voltou\/"},"modified":"2020-07-29T14:54:32","modified_gmt":"2020-07-29T17:54:32","slug":"srt-admite-duvidas-sobre-acerto-com-rossi-apos-gp-da-espanha-mas-celebra-ele-voltou","status":"publish","type":"post","link":"https:\/\/grandepremio.com\/br\/motogp\/srt-admite-duvidas-sobre-acerto-com-rossi-apos-gp-da-espanha-mas-celebra-ele-voltou\/","title":{"rendered":"SRT admite que chegou a ter d\u00favidas sobre Rossi ap\u00f3s GP da Espanha, mas diz: \u201cEle voltou\u201d"},"content":{"rendered":"\n<p class=\"wp-block-paragraph\">Chefe da SRT, Razlan Razali reconheceu que ficou assustado com a performance de Valentino Rossi na <strong><a href=\"https:\/\/www.grandepremio.com\/br\/motogp\/noticias\/quartararo-vence-a-1a-na-motogp-na-espanha-marc-marquez-erra-duas-vezes-e-abandona\/\">abertura da temporada 2020<\/a><\/strong> da <strong><a href=\"https:\/\/www.grandepremio.com\/br\/motogp\/?fl=true&amp;utm_source=lance\">MotoGP<\/a><\/strong>. O dirigente esclareceu, no entanto, que o p\u00f3dio conquistado pelo piloto da Yamaha no <strong><a href=\"https:\/\/www.grandepremio.com\/br\/motogp\/noticias\/quartararo-domina-inferno-de-jerez-e-vence-2a-seguida-rossi-e-3o-no-gp-da-andaluzia\/\">GP da Andaluzia<\/a><\/strong> do fim de semana serviu para silenciar as d\u00favidas.<\/p>\n\n\n\n<p class=\"wp-block-paragraph\">Aos 41 anos, Rossi est\u00e1 no \u00faltimo ano de contrato com a Yamaha, mas j\u00e1 confirmou que vai seguir na MotoGP na pr\u00f3xima temporada. O an\u00fancio oficial da mudan\u00e7a para a SRT ainda n\u00e3o saiu, mas o italiano n\u00e3o esconde que j\u00e1 tem quase tudo acertado com a equipe malaia.<\/p>\n\n\n\n<p class=\"wp-block-paragraph\">A abertura da temporada, por\u00e9m, n\u00e3o fez s\u00f3 Razali questionar o acerto com Rossi. O <strong><a href=\"https:\/\/www.grandepremio.com\/br\/motogp\/noticias\/rossi-diz-que-questionou-futuro-apos-gp-da-espanha-ruim-demais-para-ser-verdade\/\">pr\u00f3prio piloto admitiu que colocou o futuro em d\u00favida ap\u00f3s uma corrida \u201cruim demais para ser verdade\u201d no \u00faltimo dia 19 em Jerez<\/a><\/strong>. Valentino fez uma prova bastante apagada e abandonou por conta de um problema t\u00e9cnico com a YZR-M1.<\/p>\n\n\n\n<figure class=\"wp-block-image size-large\"><img decoding=\"async\" src=\"https:\/\/www.grandepremio.com\/br\/wp-content\/uploads\/2020\/07\/MEYM_260720__A925418-1024x682.jpg\" alt=\"\" class=\"wp-image-401126\"\/><figcaption>Valentino Rossi fechou um p\u00f3dio dominado pela Yamaha (Foto: Yamaha)<\/figcaption><\/figure>\n\n\n\n<p class=\"wp-block-paragraph\">No \u00faltimo fim de semana, o piloto de Tavullia deu a volta por cima ao encerrar um jejum de p\u00f3dios que vinha desde o GP das Am\u00e9ricas do ano passado com um terceiro lugar em uma corrida disputada sob forte calor no tra\u00e7ado andaluz.<\/p>\n\n\n\n<p class=\"wp-block-paragraph\">\u201cVale \u00e9 Vale\u201d, come\u00e7ou Razali em entrevista ao jornal italiano La Gazzetta dello Sport. \u201cPara ser sincero, tinha minhas d\u00favidas depois da primeira corrida. Fiquei dizendo a mim mesmo que \u2018The Doctor\u2019 voltaria. E ele voltou. Ele me impressionou muito, inclusive considerando as condi\u00e7\u00f5es extremas nas quais corremos\u201d, seguiu.<\/p>\n\n\n\n<p class=\"wp-block-paragraph\">Ainda, o malaio afirmou que a atua\u00e7\u00e3o do #46 no GP da Andaluzia tamb\u00e9m \u201cfacilitou\u201d na hora de explicar aos acionistas da SRT a op\u00e7\u00e3o pelo italiano para 2021, que, mesmo no time privado, seguir\u00e1 contando com o apoio integral da Yamaha, que j\u00e1 fornece motos atualizadas para Fabio Quartararo e Franco Morbidelli.<\/p>\n\n\n\n<p class=\"wp-block-paragraph\">\u201cTornou tudo mais f\u00e1cil. Somos a Petronas e fazemos escolhas baseadas nos neg\u00f3cios, mas n\u00e3o podemos ignorar os f\u00e3s, que talvez preferissem um piloto local. N\u00e3o \u00e9 uma escolha for\u00e7ada, mas ele n\u00e3o \u00e9 um piloto normal\u201d, comentou. \u201cLevou tempo para termos certeza, mas o que ele fez no domingo facilitou para explicar aos acionistas o motivo de termos escolhido Valentino\u201d, comentou.<\/p>\n\n\n\n<p class=\"wp-block-paragraph\">Razali explicou, tamb\u00e9m, que prefere que o time seja reconhecido por bons resultados do que pela fama de Rossi. No momento, a equipe, que faz apenas a segunda temporada na MotoGP, lidera o Mundial com Quartararo.<\/p>\n\n\n\n<p class=\"wp-block-paragraph\">\u201cN\u00e3o queremos que nosso time seja famoso por Valentino. Queremos que qualquer um que corra conosco fa\u00e7a resultados. De certo ponto de vista, me d\u00e1 mais alegria ter criado algo do zero para estar onde estamos hoje com Fabio\u201d, comentou. \u201cN\u00f3s queremos continuar com essa filosofia. E, com Valentino, queremos ter certeza de que poderemos ajud\u00e1-lo\u201d, contou.<\/p>\n\n\n\n<p class=\"wp-block-paragraph\">\u201cN\u00e3o queremos ser populares porque ele est\u00e1 l\u00e1, mas ajud\u00e1-lo a ser competitivo na idade dele. Depois de conversar com ele e com a equipe dele, estamos entendendo do que ele precisa\u201d, comentou.<\/p>\n\n\n\n<p class=\"wp-block-paragraph\">\u00c0 emissora brit\u00e2nica BT Sport, Razali brincou que Rossi \u201cser\u00e1 nosso novo novato\u201d em 2021.<\/p>\n\n\n\n<figure class=\"wp-block-embed-spotify wp-block-embed is-type-rich is-provider-spotify wp-embed-aspect-21-9 wp-has-aspect-ratio\"><div class=\"wp-block-embed__wrapper\">\n<iframe title=\"Spotify Embed: A volta da STOCK CAR, com Cac\u00e1 Bueno e \u00c1tila Abreu | Paddockast #71\" style=\"border-radius: 12px\" width=\"100%\" height=\"152\" frameborder=\"0\" allowfullscreen allow=\"autoplay; clipboard-write; encrypted-media; fullscreen; picture-in-picture\" loading=\"lazy\" src=\"https:\/\/open.spotify.com\/embed\/episode\/4vbxvas6te4Pk4iqs8kc1b?utm_source=oembed\"><\/iframe>\n<\/div><figcaption><strong><strong>Paddockast #71 |&nbsp;<\/strong>A volta da&nbsp;<a href=\"https:\/\/www.grandepremio.com\/br\/stock-car\/\" target=\"_blank\" rel=\"noreferrer noopener\">Stock Car<\/a>, com \u00c1tila Abreu e Cac\u00e1 Bueno<br>Ou\u00e7a tamb\u00e9m:&nbsp;<a href=\"http:\/\/podcasts.apple.com\/br\/podcast\/paddockast\/id1371540198\">PODCASTS APPLE<\/a>&nbsp;|&nbsp;<a href=\"https:\/\/www.subscribeonandroid.com\/www.central3.com.br\/category\/podcasts\/paddockast\/feed\/podcast\/\">ANDROID<\/a>&nbsp;|&nbsp;<a href=\"https:\/\/player.fm\/series\/paddockast\">PLAYERFM<\/a><\/strong><\/figcaption><\/figure>\n\n\n\n<figure class=\"wp-block-embed-youtube wp-block-embed is-type-video is-provider-youtube wp-embed-aspect-16-9 wp-has-aspect-ratio\"><div class=\"wp-block-embed__wrapper\">\n<iframe loading=\"lazy\" title=\"O futuro da F1 no BRASIL e M\u00e1rquez na MOTOGP e a abertura da STOCK CAR | Paddock #207\" width=\"500\" height=\"281\" src=\"https:\/\/www.youtube.com\/embed\/yqQ0t4SdyDU?feature=oembed\" frameborder=\"0\" allow=\"accelerometer; autoplay; clipboard-write; encrypted-media; gyroscope; picture-in-picture; web-share\" referrerpolicy=\"strict-origin-when-cross-origin\" allowfullscreen><\/iframe>\n<\/div><\/figure>\n\n\n","protected":false},"excerpt":{"rendered":"<p>Razlan Razali falou no desejo de ajudar Valentino Rossi a ser competitivo em 2021 e comemorou o \u00f3timo momento do time com Fabio Quartararo<\/p>\n","protected":false},"author":0,"featured_media":1000401125,"comment_status":"closed","ping_status":"closed","sticky":false,"template":"","format":"standard","meta":{"42wp_featured_image_caption":"","42wp_featured_image_credits":"","42wp_featured_video":"","42wp_featured_image_hidden":false,"42wp_authors_list":[],"footnotes":""},"categories":[8],"tags":[25605,1877,1690,79,174,78,173,847,172],"42wp_author":[47109],"class_list":["post-128612","post","type-post","status-publish","format-standard","has-post-thumbnail","hentry","category-motogp","tag-andaluzia","tag-espanha","tag-jerez","tag-moto-gp","tag-moto-gp-2020","tag-motogp","tag-motogp-2020","tag-mundial-de-motovelocidade","tag-yamaha","42wp_author-redacao-gp"],"_links":{"self":[{"href":"https:\/\/grandepremio.com\/br\/wp-json\/wp\/v2\/posts\/128612","targetHints":{"allow":["GET"]}}],"collection":[{"href":"https:\/\/grandepremio.com\/br\/wp-json\/wp\/v2\/posts"}],"about":[{"href":"https:\/\/grandepremio.com\/br\/wp-json\/wp\/v2\/types\/post"}],"replies":[{"embeddable":true,"href":"https:\/\/grandepremio.com\/br\/wp-json\/wp\/v2\/comments?post=128612"}],"version-history":[{"count":0,"href":"https:\/\/grandepremio.com\/br\/wp-json\/wp\/v2\/posts\/128612\/revisions"}],"wp:featuredmedia":[{"embeddable":true,"href":"https:\/\/grandepremio.com\/br\/wp-json\/wp\/v2\/media\/1000401125"}],"wp:attachment":[{"href":"https:\/\/grandepremio.com\/br\/wp-json\/wp\/v2\/media?parent=128612"}],"wp:term":[{"taxonomy":"category","embeddable":true,"href":"https:\/\/grandepremio.com\/br\/wp-json\/wp\/v2\/categories?post=128612"},{"taxonomy":"post_tag","embeddable":true,"href":"https:\/\/grandepremio.com\/br\/wp-json\/wp\/v2\/tags?post=128612"},{"taxonomy":"42wp_author","embeddable":true,"href":"https:\/\/grandepremio.com\/br\/wp-json\/wp\/v2\/42wp_author?post=128612"}],"curies":[{"name":"wp","href":"https:\/\/api.w.org\/{rel}","templated":true}]}}