{"id":128619,"date":"2020-07-29T07:56:07","date_gmt":"2020-07-29T10:56:07","guid":{"rendered":"https:\/\/grandepremio.com\/br\/noticias\/policia-italiana-recupera-mais-de-300-itens-de-colecao-de-senna-em-antiquario-na-italia\/"},"modified":"2020-07-29T10:12:42","modified_gmt":"2020-07-29T13:12:42","slug":"policia-italiana-recupera-mais-de-300-itens-de-colecao-de-senna-em-antiquario-na-italia","status":"publish","type":"post","link":"https:\/\/grandepremio.com\/br\/f1\/policia-italiana-recupera-mais-de-300-itens-de-colecao-de-senna-em-antiquario-na-italia\/","title":{"rendered":"Pol\u00edcia italiana recupera mais de 300 itens de cole\u00e7\u00e3o de Senna em antiqu\u00e1rio na It\u00e1lia"},"content":{"rendered":"\n<figure class=\"wp-block-embed-youtube wp-block-embed is-type-video is-provider-youtube wp-embed-aspect-16-9 wp-has-aspect-ratio\"><div class=\"wp-block-embed__wrapper\">\n<iframe loading=\"lazy\" title=\"GP do BRASIL fora do calend\u00e1rio da F1 2020: ser\u00e1 que o pa\u00eds volta?  | GP \u00e0s 10\" width=\"500\" height=\"281\" src=\"https:\/\/www.youtube.com\/embed\/dap7TmodXbs?feature=oembed\" frameborder=\"0\" allow=\"accelerometer; autoplay; clipboard-write; encrypted-media; gyroscope; picture-in-picture; web-share\" referrerpolicy=\"strict-origin-when-cross-origin\" allowfullscreen><\/iframe>\n<\/div><\/figure>\n\n\n\n<p class=\"wp-block-paragraph\">Parte da cole\u00e7\u00e3o hist\u00f3rica de Sergio Pregno, dono de itens que pertenceram a Ayrton Senna, como macac\u00f5es, bon\u00e9s, capacetes, luvas, miniaturas e camisetas, foi recuperada na \u00faltima ter\u00e7a-feira (28) em Chivasso, cidade pr\u00f3xima a Turim, em Piemonte, na It\u00e1lia. De acordo com informa\u00e7\u00f5es da ag\u00eancia de not\u00edcias Ansa, cerca de 300 pe\u00e7as foram encontradas em um antiqu\u00e1rio pela pol\u00edcia local. Os itens foram furtados da casa do colecionador no dia 11 de julho.<\/p>\n\n\n\n<p class=\"wp-block-paragraph\">Dois <a href=\"https:\/\/www.grandepremio.com\/br\/f1\/noticias\/policia-italiana-prende-dois-suspeitos-de-roubar-itens-raros-de-senna-da-casa-de-colecionador\/?fl=true&amp;utm_source=lance\">homens suspeitos de terem cometido crime foram presos na semana passada pelas autoridades de Cimelli e Castagnole Lanze<\/a>, tamb\u00e9m na It\u00e1lia. A investiga\u00e7\u00e3o coordenada pelo vice-promotor Giorgio Nicola e pelo procurador-chefe Alberto Perduca resultou na pris\u00e3o de Danilo Martucci, de 31 anos, e Dabide Robba, de 32.<\/p>\n\n\n\n<figure class=\"wp-block-image size-large\"><img decoding=\"async\" src=\"https:\/\/www.grandepremio.com\/br\/wp-content\/uploads\/2020\/07\/Sennaartigos-1024x768.jpg\" alt=\"AYRTON SENNA;\" class=\"wp-image-401078\"\/><figcaption>Pol\u00edcia italiana apresenta itens de colecionador recuperados ap\u00f3s furto em 11 de julho (Foto: Divulga\u00e7\u00e3o)<\/figcaption><\/figure>\n\n\n\n<p class=\"wp-block-paragraph\">Os dois foram indiciados pela pol\u00edcia local depois de den\u00fancia do pr\u00f3prio dono do antiqu\u00e1rio, que avisou a pol\u00edcia assim que recebeu as pe\u00e7as.<\/p>\n\n\n\n<p class=\"wp-block-paragraph\">O que as autoridades ainda investigam \u00e9 para onde foram levados os outros itens do colecionador e se h\u00e1 mais pessoas envolvidas no crime. Os celulares dos suspeitos, segundo o jornal local \u2018Corriere Torino\u2019, afiliado ao \u2018Corriere della Sera\u2019, continha fotos de toda a cole\u00e7\u00e3o relacionada a Senna e tamb\u00e9m mensagens sobre o quanto seria poss\u00edvel arrecadar com a venda dos itens furtados.<\/p>\n\n\n\n<p class=\"wp-block-paragraph\">Sergio Pregno, colaborador do Instituto Ayrton Senna, disponibiliza h\u00e1 mais de 16 anos os itens da sua cole\u00e7\u00e3o para exposi\u00e7\u00f5es relacionadas ao piloto na Europa.<\/p>\n\n\n\n<p class=\"wp-block-paragraph\">A estimativa \u00e9 que a cole\u00e7\u00e3o completa de Pregno tenha um valor de cerca de \u20ac 300 mil, ou R$ 1,81 milh\u00e3o na cota\u00e7\u00e3o atual.<\/p>\n\n\n\n<figure class=\"wp-block-embed-youtube wp-block-embed is-type-video is-provider-youtube wp-embed-aspect-16-9 wp-has-aspect-ratio\"><div class=\"wp-block-embed__wrapper\">\n<iframe loading=\"lazy\" title=\"O futuro da F1 no BRASIL e M\u00e1rquez na MOTOGP e a abertura da STOCK CAR | Paddock #207\" width=\"500\" height=\"281\" src=\"https:\/\/www.youtube.com\/embed\/yqQ0t4SdyDU?feature=oembed\" frameborder=\"0\" allow=\"accelerometer; autoplay; clipboard-write; encrypted-media; gyroscope; picture-in-picture; web-share\" referrerpolicy=\"strict-origin-when-cross-origin\" allowfullscreen><\/iframe>\n<\/div><\/figure>\n","protected":false},"excerpt":{"rendered":"<p>Segundo a ag\u00eancia de not\u00edcias Ansa, pe\u00e7as hist\u00f3ricas de Ayrton Senna como macac\u00f5es, capacetes, luvas e camisetas, furtadas no dia 11 de julho foram encontradas em Chivasso, pequena cidade na prov\u00edncia de Turim, e recuperadas pela pol\u00edcia italiana na \u00faltima ter\u00e7a-feira <\/p>\n","protected":false},"author":0,"featured_media":1000401078,"comment_status":"closed","ping_status":"closed","sticky":false,"template":"","format":"standard","meta":{"42wp_featured_image_caption":"","42wp_featured_image_credits":"","42wp_featured_video":"","42wp_featured_image_hidden":false,"42wp_authors_list":[],"footnotes":""},"categories":[2],"tags":[699,24836,25070],"42wp_author":[47109],"class_list":["post-128619","post","type-post","status-publish","format-standard","has-post-thumbnail","hentry","category-f1","tag-ayrton-senna","tag-grande-premio-2","tag-italia-2","42wp_author-redacao-gp"],"_links":{"self":[{"href":"https:\/\/grandepremio.com\/br\/wp-json\/wp\/v2\/posts\/128619","targetHints":{"allow":["GET"]}}],"collection":[{"href":"https:\/\/grandepremio.com\/br\/wp-json\/wp\/v2\/posts"}],"about":[{"href":"https:\/\/grandepremio.com\/br\/wp-json\/wp\/v2\/types\/post"}],"replies":[{"embeddable":true,"href":"https:\/\/grandepremio.com\/br\/wp-json\/wp\/v2\/comments?post=128619"}],"version-history":[{"count":0,"href":"https:\/\/grandepremio.com\/br\/wp-json\/wp\/v2\/posts\/128619\/revisions"}],"wp:featuredmedia":[{"embeddable":true,"href":"https:\/\/grandepremio.com\/br\/wp-json\/wp\/v2\/media\/1000401078"}],"wp:attachment":[{"href":"https:\/\/grandepremio.com\/br\/wp-json\/wp\/v2\/media?parent=128619"}],"wp:term":[{"taxonomy":"category","embeddable":true,"href":"https:\/\/grandepremio.com\/br\/wp-json\/wp\/v2\/categories?post=128619"},{"taxonomy":"post_tag","embeddable":true,"href":"https:\/\/grandepremio.com\/br\/wp-json\/wp\/v2\/tags?post=128619"},{"taxonomy":"42wp_author","embeddable":true,"href":"https:\/\/grandepremio.com\/br\/wp-json\/wp\/v2\/42wp_author?post=128619"}],"curies":[{"name":"wp","href":"https:\/\/api.w.org\/{rel}","templated":true}]}}