{"id":128620,"date":"2020-07-29T07:33:51","date_gmt":"2020-07-29T10:33:51","guid":{"rendered":"https:\/\/grandepremio.com\/br\/noticias\/mercedes-descarta-falha-de-confiabilidade-mas-ainda-investiga-fumaca-no-motor\/"},"modified":"2020-07-29T07:33:53","modified_gmt":"2020-07-29T10:33:53","slug":"mercedes-descarta-falha-de-confiabilidade-mas-ainda-investiga-fumaca-no-motor","status":"publish","type":"post","link":"https:\/\/grandepremio.com\/br\/f1\/mercedes-descarta-falha-de-confiabilidade-mas-ainda-investiga-fumaca-no-motor\/","title":{"rendered":"Mercedes descarta falha de confiabilidade, mas ainda investiga fuma\u00e7a no motor"},"content":{"rendered":"\n<p class=\"wp-block-paragraph\">A Mercedes ainda n\u00e3o sabe qual a causa da fuma\u00e7a branca que sai do motor do W11. Chefe da equipe, Toto Wolff garantiu que n\u00e3o se trata de um problema de confiabilidade, mas ainda busca uma justificativa.<\/p>\n\n\n\n<p class=\"wp-block-paragraph\">A Mercedes tratou de buscar caminhos para melhorar a performance do motor dos carros de Lewis Hamilton e Valtteri Bottas ap\u00f3s a evolu\u00e7\u00e3o apresentada pela Ferrari no ano passado. A escuderia italiana, por\u00e9m, teve a legalidade do V6 turbo questionada e viu o cen\u00e1rio mudar completamente neste ano.<\/p>\n\n\n\n<figure class=\"wp-block-image size-large\"><img decoding=\"async\" src=\"https:\/\/www.grandepremio.com\/br\/wp-content\/uploads\/2020\/06\/EaEwJMSXQAE0f7d-1024x683.jpg\" alt=\"\" class=\"wp-image-387972\"\/><figcaption>Toto Wolff tamb\u00e9m aderiu aos novos protocolos da F1 (Foto: Mercedes)<\/figcaption><\/figure>\n\n\n\n<p class=\"wp-block-paragraph\">\u201cFomos t\u00e3o desafiados pela Ferrari em termos de motor no ano passado que fomos em uma nova dire\u00e7\u00e3o para achar performance\u201d, disse Wolff em entrevista \u00e0 publica\u00e7\u00e3o alem\u00e3 \u2018Auto Motor und Sport\u2019.<\/p>\n\n\n\n<p class=\"wp-block-paragraph\">A melhora do motor Mercedes, por\u00e9m, trouxe um pequeno problema: em alguns momentos, \u00e9 poss\u00edvel ver uma fuma\u00e7a branca saindo do carro.<\/p>\n\n\n\n<p class=\"wp-block-paragraph\">\u201cN\u00e3o sabemos de onde vem, mas n\u00e3o \u00e9 um problema de confiabilidade\u201d, garantiu Wolff ao jornal finland\u00eas Ilta Sanomat. \u201cEspero que possamos falar disso em Silverstone\u201d, comentou.<\/p>\n\n\n\n<p class=\"wp-block-paragraph\">O questionamento em rela\u00e7\u00e3o motor Ferrari levou a uma investiga\u00e7\u00e3o, que, por sua vez, <strong><a href=\"https:\/\/www.grandepremio.com\/br\/f1\/noticias\/fia-faz-acordo-com-ferrari-sobre-motor-de-2019-mas-nao-o-revela\/\">culminou com um acordo secreto entre a equipe e a FIA (Federa\u00e7\u00e3o Internacional de Automobilismo)<\/a><\/strong>. A <strong><a href=\"https:\/\/www.grandepremio.com\/br\/f1\/noticias\/em-nova-carta-equipes-cobram-respostas-da-fia-por-acordo-secreto-com-ferrari\/\">Mercedes, ent\u00e3o, se uniu a Racing Point, Williams, Renault, McLaren, Red Bull e AlphaTauri para questionar a medida<\/a><\/strong>, mas, <strong><a href=\"https:\/\/www.grandepremio.com\/br\/f1\/noticias\/daimler-interfere-e-mercedes-deixa-de-protestar-contra-acordo-secreto-fia-ferrari\/\">ap\u00f3s interfer\u00eancia da Daimler, a equipe de Brackley desistiu do protesto<\/a><\/strong>.<\/p>\n\n\n\n<p class=\"wp-block-paragraph\">\u201cN\u00e3o estamos mais atr\u00e1s disso\u201d, declarou Wolff. \u201cEste problema est\u00e1 no passado. Acho que a FIA fez um bom trabalho com regulamento robusto que n\u00e3o mais tem nenhuma brecha\u201d, elogiou Wolff \u00e0 publica\u00e7\u00e3o alem\u00e3 Speed Week.<\/p>\n\n\n\n<figure class=\"wp-block-embed-spotify wp-block-embed is-type-rich is-provider-spotify wp-embed-aspect-21-9 wp-has-aspect-ratio\"><div class=\"wp-block-embed__wrapper\">\n<iframe title=\"Spotify Embed: A volta da STOCK CAR, com Cac\u00e1 Bueno e \u00c1tila Abreu | Paddockast #71\" style=\"border-radius: 12px\" width=\"100%\" height=\"152\" frameborder=\"0\" allowfullscreen allow=\"autoplay; clipboard-write; encrypted-media; fullscreen; picture-in-picture\" loading=\"lazy\" src=\"https:\/\/open.spotify.com\/embed\/episode\/4vbxvas6te4Pk4iqs8kc1b?utm_source=oembed\"><\/iframe>\n<\/div><figcaption><strong><strong>Paddockast #71 |\u00a0<\/strong>A volta da\u00a0<a href=\"https:\/\/www.grandepremio.com\/br\/stock-car\/\" target=\"_blank\" rel=\"noreferrer noopener\">Stock Car<\/a>, com \u00c1tila Abreu e Cac\u00e1 Bueno<br>Ou\u00e7a tamb\u00e9m:\u00a0<a href=\"http:\/\/podcasts.apple.com\/br\/podcast\/paddockast\/id1371540198\">PODCASTS APPLE<\/a>\u00a0|\u00a0<a href=\"https:\/\/www.subscribeonandroid.com\/www.central3.com.br\/category\/podcasts\/paddockast\/feed\/podcast\/\">ANDROID<\/a>\u00a0|\u00a0<a href=\"https:\/\/player.fm\/series\/paddockast\">PLAYERFM<\/a><\/strong><\/figcaption><\/figure>\n\n\n\n<figure class=\"wp-block-embed-youtube wp-block-embed is-type-video is-provider-youtube wp-embed-aspect-16-9 wp-has-aspect-ratio\"><div class=\"wp-block-embed__wrapper\">\n<iframe loading=\"lazy\" title=\"GP do BRASIL fora do calend\u00e1rio da F1 2020: ser\u00e1 que o pa\u00eds volta?  | GP \u00e0s 10\" width=\"500\" height=\"281\" src=\"https:\/\/www.youtube.com\/embed\/dap7TmodXbs?feature=oembed\" frameborder=\"0\" allow=\"accelerometer; autoplay; clipboard-write; encrypted-media; gyroscope; picture-in-picture; web-share\" referrerpolicy=\"strict-origin-when-cross-origin\" allowfullscreen><\/iframe>\n<\/div><\/figure>\n\n\n","protected":false},"excerpt":{"rendered":"<p>Chefe da Mercedes, Toto Wolff afirmou que a press\u00e3o da Ferrari no ano passado for\u00e7ou a equipe de Lewis Hamilton e Valtteri Bottas a buscar um novo caminho para melhorar a performance<\/p>\n","protected":false},"author":0,"featured_media":1000395466,"comment_status":"closed","ping_status":"closed","sticky":false,"template":"","format":"standard","meta":{"42wp_featured_image_caption":"","42wp_featured_image_credits":"","42wp_featured_video":"","42wp_featured_image_hidden":false,"42wp_authors_list":[],"footnotes":""},"categories":[2],"tags":[147,24837,307,150],"42wp_author":[47109],"class_list":["post-128620","post","type-post","status-publish","format-standard","has-post-thumbnail","hentry","category-f1","tag-f1","tag-formula-1-2","tag-motor","tag-toto-wolff","42wp_author-redacao-gp"],"_links":{"self":[{"href":"https:\/\/grandepremio.com\/br\/wp-json\/wp\/v2\/posts\/128620","targetHints":{"allow":["GET"]}}],"collection":[{"href":"https:\/\/grandepremio.com\/br\/wp-json\/wp\/v2\/posts"}],"about":[{"href":"https:\/\/grandepremio.com\/br\/wp-json\/wp\/v2\/types\/post"}],"replies":[{"embeddable":true,"href":"https:\/\/grandepremio.com\/br\/wp-json\/wp\/v2\/comments?post=128620"}],"version-history":[{"count":0,"href":"https:\/\/grandepremio.com\/br\/wp-json\/wp\/v2\/posts\/128620\/revisions"}],"wp:featuredmedia":[{"embeddable":true,"href":"https:\/\/grandepremio.com\/br\/wp-json\/wp\/v2\/media\/1000395466"}],"wp:attachment":[{"href":"https:\/\/grandepremio.com\/br\/wp-json\/wp\/v2\/media?parent=128620"}],"wp:term":[{"taxonomy":"category","embeddable":true,"href":"https:\/\/grandepremio.com\/br\/wp-json\/wp\/v2\/categories?post=128620"},{"taxonomy":"post_tag","embeddable":true,"href":"https:\/\/grandepremio.com\/br\/wp-json\/wp\/v2\/tags?post=128620"},{"taxonomy":"42wp_author","embeddable":true,"href":"https:\/\/grandepremio.com\/br\/wp-json\/wp\/v2\/42wp_author?post=128620"}],"curies":[{"name":"wp","href":"https:\/\/api.w.org\/{rel}","templated":true}]}}