{"id":128655,"date":"2020-07-28T04:00:00","date_gmt":"2020-07-28T07:00:00","guid":{"rendered":"https:\/\/grandepremio.com\/br\/noticias\/gp-do-brasil-ve-liberty-sem-conhecimento-e-iludida-com-fala-de-bolsonaro-sobre-rj\/"},"modified":"2020-07-27T17:47:40","modified_gmt":"2020-07-27T20:47:40","slug":"gp-do-brasil-ve-liberty-sem-conhecimento-e-iludida-com-fala-de-bolsonaro-sobre-rj","status":"publish","type":"post","link":"https:\/\/grandepremio.com\/br\/f1\/gp-do-brasil-ve-liberty-sem-conhecimento-e-iludida-com-fala-de-bolsonaro-sobre-rj\/","title":{"rendered":"GP do Brasil v\u00ea Liberty \u201csem conhecimento\u201d e iludida com fala de Bolsonaro sobre RJ"},"content":{"rendered":"\n<figure class=\"wp-block-embed-youtube wp-block-embed is-type-video is-provider-youtube wp-embed-aspect-16-9 wp-has-aspect-ratio\"><div class=\"wp-block-embed__wrapper\">\n<iframe loading=\"lazy\" title=\"F1 em RISCO: o que envolve o ACORDO Ferrari-FIA e a C\u00d3PIA da Racing Point | GP \u00e0s 10\" width=\"500\" height=\"281\" src=\"https:\/\/www.youtube.com\/embed\/b6dGAgHk118?feature=oembed\" frameborder=\"0\" allow=\"accelerometer; autoplay; clipboard-write; encrypted-media; gyroscope; picture-in-picture; web-share\" referrerpolicy=\"strict-origin-when-cross-origin\" allowfullscreen><\/iframe>\n<\/div><\/figure>\n\n\n\n<p class=\"wp-block-paragraph\">O <a href=\"https:\/\/www.grandepremio.com\/br\/f1\/noticias\/promotor-diz-que-cancelamento-do-gp-do-brasil-e-inaceitavel-e-ja-considera-ir-a-justica\/?fl=true&amp;utm_source=lance\">cancelamento do GP do Brasil de F\u00f3rmula 1 em 2020 \u00e9 fato consumado e representa tamb\u00e9m um enorme ponto de interroga\u00e7\u00e3o sobre o futuro do evento em S\u00e3o Paulo ou mesmo no pa\u00eds<\/a>. O contrato assinado pela capital paulista com a categoria vai at\u00e9 o fim desta temporada, de modo que n\u00e3o h\u00e1 nenhuma garantia de que a F1 volte a correr em Interlagos num futuro pr\u00f3ximo. O Liberty Media, empresa dona da competi\u00e7\u00e3o, negocia com governo do estado de S\u00e3o Paulo e a prefeitura local, mas tamb\u00e9m conversa com o Rio de Janeiro, que acena com a constru\u00e7\u00e3o do aut\u00f3dromo de Deodoro, or\u00e7ado em cerca de R$ 800 milh\u00f5es, na Floresta do Camboat\u00e1, e que tem o apoio do presidente da rep\u00fablica, Jair Bolsonaro.<\/p>\n\n\n\n<p class=\"wp-block-paragraph\">Em entrevista exclusiva ao <strong>GRANDE PR\u00caMIO<\/strong> no \u00faltimo fim de semana, Tamas Rohonyi, promotor do GP do Brasil e respons\u00e1vel pelo principal evento do esporte a motor no pa\u00eds desde 1980, revelou que, mesmo com a proposta fluminense para voltar a receber a prova, as negocia\u00e7\u00f5es do Liberty Media com a capital paulista \u201cest\u00e3o andando\u201d. E ainda acredita que \u201ca tend\u00eancia seria renovar com S\u00e3o Paulo\u201d.<\/p>\n\n\n\n<p class=\"wp-block-paragraph\">Mas o brasileiro de origem h\u00fangara explica que parte da c\u00fapula que det\u00e9m os direitos comerciais da F\u00f3rmula 1 aposta que o Rio de Janeiro vai ser o novo destino do GP do Brasil. Quando questionado se S\u00e3o Paulo poderia ter o contrato renovado por mais um ano, como aconteceu recentemente com Hungria e It\u00e1lia, pa\u00edses sem condi\u00e7\u00f5es de viabilizar seus respectivos GPs com p\u00fablico em 2020 por conta da pandemia do novo coronav\u00edrus, Tamas explica que a situa\u00e7\u00e3o paulistana \u00e9 diferente e pouco otimista neste aspecto.<\/p>\n\n\n\n<figure class=\"wp-block-image size-large\"><img decoding=\"async\" src=\"https:\/\/www.grandepremio.com\/br\/wp-content\/uploads\/2019\/06\/20196251953194_Jo\u00e3o-Doria-Chase-Carey-reuni\u00e3o-S\u00e3o-Paulo-F1-FE_DMa.jpg\" alt=\"\" class=\"wp-image-364737\"\/><figcaption>Tamas Rohonyi, Chase Carey e Jo\u00e3o Doria em reuni\u00e3o durante negocia\u00e7\u00f5es para renova\u00e7\u00e3o da F1 com S\u00e3o Paulo em 2019 (Foto: Rodrigo Berton\/Grande Pr\u00eamio)<\/figcaption><\/figure>\n\n\n\n<p class=\"wp-block-paragraph\">\u201cPoderia at\u00e9 sair [a renova\u00e7\u00e3o], mas a\u00ed entraria em um outro campo de discuss\u00e3o, que \u00e9 o plano da FOM (Formula One Management) com rela\u00e7\u00e3o ao GP do Brasil. Voc\u00eas acompanham muito bem a situa\u00e7\u00e3o. Ainda tem gente em Londres, na sede da FOM, que acredita que no ano que vem v\u00e3o correr no Rio de Janeiro. Tem de ser muito ing\u00eanuo para pensar isso&#8230;\u201d, cravou Rohonyi.<\/p>\n\n\n\n<p class=\"wp-block-paragraph\">A situa\u00e7\u00e3o da proposta do Rio de Janeiro tinha um entrave que foi desfeito semana passada, quando Dias Toffoli, presidente do Supremo Tribunal Federal, acolheu pedido da prefeitura municipal para a realiza\u00e7\u00e3o da audi\u00eancia p\u00fablica virtual para discutir o relat\u00f3rio de impacto ambiental da constru\u00e7\u00e3o do aut\u00f3dromo de Deodoro. A audi\u00eancia est\u00e1 marcada para 7 de agosto, \u00e0s 19h (hor\u00e1rio de Bras\u00edlia), e representa um passo fundamental para que o cons\u00f3rcio Rio Motorsports consiga a emiss\u00e3o da licen\u00e7a pr\u00e9via e possa assinar o contrato para executar a obra.<\/p>\n\n\n\n<p class=\"wp-block-paragraph\">Contudo, mesmo que o Rio de Janeiro consiga avan\u00e7ar com a proposta e firme contrato com o Liberty Media para ser novamente sede do GP do Brasil de F\u00f3rmula 1, nada garante que o aut\u00f3dromo vai ficar pronto em tempo h\u00e1bil para realiza\u00e7\u00e3o do evento j\u00e1 no ano que vem, como \u00e9 o desejo das autoridades locais.<\/p>\n\n\n\n<p class=\"wp-block-paragraph\">H\u00e1 d\u00e9cadas atuando no meio da F\u00f3rmula 1, Rohonyi, presidente da International Publicity, sabe bem que um aut\u00f3dromo de grande porte e homologado para receber uma etapa do Mundial de F\u00f3rmula 1 leva, pelo menos, cerca 20 meses para ser constru\u00eddo. Portanto, na sua vis\u00e3o, mais do que a proposta ser considerada irreal por si s\u00f3 \u00e9 o fato desta ser levada a s\u00e9rio por parte do Liberty Media.<\/p>\n\n\n\n<p class=\"wp-block-paragraph\">\u201c\u00c9 fisicamente imposs\u00edvel construir um aut\u00f3dromo em qualquer lugar do mundo, qualquer lugar, em dois ou tr\u00eas anos. E \u00e9 a\u00ed que eu n\u00e3o entendo a postura dos atuais propriet\u00e1rios da F1 [Liberty Media]. Eu n\u00e3o sei se eles entendem exatamente o que \u00e9 necess\u00e1rio para montar um evento do campeonato mundial\u201d, bradou o empres\u00e1rio.<\/p>\n\n\n\n<p class=\"wp-block-paragraph\">\u201cSe voc\u00ea perguntar para uma grande e poderosa construtora se faz as obras em, digamos, 14 meses, a resposta at\u00e9 pode ser sim, mas aquilo certamente n\u00e3o ser\u00e1 um aut\u00f3dromo. Eles v\u00e3o ter de transformar um lugar adequado para receber a corrida\u201d, explicou.<\/p>\n\n\n\n<figure class=\"wp-block-image size-large\"><img decoding=\"async\" src=\"https:\/\/www.grandepremio.com\/br\/wp-content\/uploads\/2020\/05\/201911171449123_GPBrasil4_DMa-2.jpg\" alt=\"\" class=\"wp-image-374908\"\/><figcaption>Futuro do GP do Brasil est\u00e1 em xeque diante de impasse sobre renova\u00e7\u00e3o de contrato (Foto: Getty Images\/Red Bull Content Pool)<\/figcaption><\/figure>\n\n\n\n<h3 class=\"wp-block-heading\">A ilus\u00e3o de Chase Carey com Jair Bolsonaro<\/h3>\n\n\n\n<p class=\"wp-block-paragraph\">Em 24 de junho de 2019, Chase Carey, dirigente m\u00e1ximo da F\u00f3rmula 1, esteve em Bras\u00edlia e se reuniu com Jair Bolsonaro, o governador do Rio de Janeiro, Wilson Witzel, e o senador Fl\u00e1vio Bolsonaro (Republicanos-RJ). Ap\u00f3s o encontro, <a href=\"https:\/\/www.grandepremio.com\/br\/f1\/noticias\/bolsonaro-recua-e-fala-em-gp-do-brasil-no-rio-em-2021-chefao-da-f1-nega-acordo\/?fl=true&amp;utm_source=lance\">o presidente da rep\u00fablica afirmou que o GP do Brasil tem \u201c99% de chance\u201d de voltar ao Rio de Janeiro j\u00e1 em 2020. Depois, recuou e afirmou que se referiu a 2021, mas o executivo norte-americano refor\u00e7ou que n\u00e3o h\u00e1 acordo<\/a>.<\/p>\n\n\n\n<p class=\"wp-block-paragraph\">No entanto, a frase dita por Bolsonaro parece ter mexido com Carey, revelou Tamas, que se encontrou com o dirigente dias depois para discutir a renova\u00e7\u00e3o, ainda emperrada, de S\u00e3o Paulo com a F\u00f3rmula 1. Neste encontro, o promotor do GP do Brasil revelou espanto por notar que o chef\u00e3o da categoria confia no que disse o presidente da rep\u00fablica.<\/p>\n\n\n\n<p class=\"wp-block-paragraph\">\u201cO que eu sei \u00e9 que tivemos uma reuni\u00e3o com o governador (Jo\u00e3o) Doria quando Chase Carey esteve em S\u00e3o Paulo. O governador disse: \u2018Chase, essa hist\u00f3ria de constru\u00e7\u00e3o de um aut\u00f3dromo no Rio \u00e9 uma fantasia. Eu conhe\u00e7o um pouquinho as condi\u00e7\u00f5es deste pa\u00eds e do Rio, e n\u00e3o consigo entender como voc\u00ea acredita nisso\u2019\u201d, recordou.<\/p>\n\n\n\n<p class=\"wp-block-paragraph\">\u201cE a\u00ed Chase, curiosamente, deu uma justificativa que&#8230; n\u00e3o \u00e9 totalmente sem fundamento: \u2018Se o presidente da rep\u00fablica me diz que tem 99% de certeza que vai acontecer no Rio, quem sou eu para duvidar?\u2019 Mas por a\u00ed se v\u00ea que ele n\u00e3o tem o conhecimento nem discernimento suficientes para entender. E confesso a voc\u00ea que, a partir disso, eu que n\u00e3o entendo\u201d, complementou Tamas Rohonyi.<\/p>\n\n\n\n<p class=\"wp-block-paragraph\">Na mesma ocasi\u00e3o daquele encontro, <a href=\"https:\/\/www.grandepremio.com\/br\/f1\/noticias\/em-reuniao-com-chefe-da-f1-doria-frustra-bolsonaro-e-planeja-gp-do-brasil-em-sp-ate-2040\/?fl=true&amp;utm_source=lance\">Jo\u00e3o Doria, governador de S\u00e3o Paulo, chegou a dizer que a ideia era assegurar a perman\u00eancia do GP do Brasil em Interlagos pelo menos at\u00e9 2040<\/a>. Mas o cen\u00e1rio de crise provocado pela pandemia, que culminou com o cancelamento do evento neste ano, mostra que as inten\u00e7\u00f5es do pol\u00edtico tucano ainda est\u00e3o bem longe de se concretizar.<\/p>\n\n\n\n<figure class=\"wp-block-embed-youtube wp-block-embed is-type-video is-provider-youtube wp-embed-aspect-16-9 wp-has-aspect-ratio\"><div class=\"wp-block-embed__wrapper\">\n<iframe loading=\"lazy\" title=\"FERRARI dorme no ponto e JOGA FORA duas temporadas na F1 | GP \u00e0s 10\" width=\"500\" height=\"281\" src=\"https:\/\/www.youtube.com\/embed\/yc1VsJL3_6U?feature=oembed\" frameborder=\"0\" allow=\"accelerometer; autoplay; clipboard-write; encrypted-media; gyroscope; picture-in-picture; web-share\" referrerpolicy=\"strict-origin-when-cross-origin\" allowfullscreen><\/iframe>\n<\/div><\/figure>\n","protected":false},"excerpt":{"rendered":"<p>Ao GRANDE PR\u00caMIO, Tamas Rohonyi disse que as negocia\u00e7\u00f5es sobre a renova\u00e7\u00e3o de contrato da F1 com S\u00e3o Paulo \u201cest\u00e3o andando\u201d. Por outro lado, o brasileiro de origem h\u00fangara diz que h\u00e1 gente no Liberty Media que acredita que vai ter corrida no Rio de Janeiro no ano que vem: \u201cTem de ser muito ing\u00eanuo para pensar isso\u201d<\/p>\n","protected":false},"author":0,"featured_media":0,"comment_status":"closed","ping_status":"closed","sticky":false,"template":"","format":"standard","meta":{"42wp_featured_image_caption":"","42wp_featured_image_credits":"","42wp_featured_video":"","42wp_featured_image_hidden":false,"42wp_authors_list":[],"footnotes":""},"categories":[2],"tags":[771,118,390,24837,502,24836,1910,714,1943,486],"42wp_author":[47110,47109,47136],"class_list":["post-128655","post","type-post","status-publish","format-standard","hentry","category-f1","tag-chase-carey","tag-f1-2020","tag-fernando-silva","tag-formula-1-2","tag-gp-do-brasil","tag-grande-premio-2","tag-jair-bolsonaro","tag-liberty-media","tag-rio-de-janeiro","tag-victor-martins","42wp_author-fernando-silva","42wp_author-redacao-gp","42wp_author-victor-martins"],"_links":{"self":[{"href":"https:\/\/grandepremio.com\/br\/wp-json\/wp\/v2\/posts\/128655","targetHints":{"allow":["GET"]}}],"collection":[{"href":"https:\/\/grandepremio.com\/br\/wp-json\/wp\/v2\/posts"}],"about":[{"href":"https:\/\/grandepremio.com\/br\/wp-json\/wp\/v2\/types\/post"}],"replies":[{"embeddable":true,"href":"https:\/\/grandepremio.com\/br\/wp-json\/wp\/v2\/comments?post=128655"}],"version-history":[{"count":0,"href":"https:\/\/grandepremio.com\/br\/wp-json\/wp\/v2\/posts\/128655\/revisions"}],"wp:attachment":[{"href":"https:\/\/grandepremio.com\/br\/wp-json\/wp\/v2\/media?parent=128655"}],"wp:term":[{"taxonomy":"category","embeddable":true,"href":"https:\/\/grandepremio.com\/br\/wp-json\/wp\/v2\/categories?post=128655"},{"taxonomy":"post_tag","embeddable":true,"href":"https:\/\/grandepremio.com\/br\/wp-json\/wp\/v2\/tags?post=128655"},{"taxonomy":"42wp_author","embeddable":true,"href":"https:\/\/grandepremio.com\/br\/wp-json\/wp\/v2\/42wp_author?post=128655"}],"curies":[{"name":"wp","href":"https:\/\/api.w.org\/{rel}","templated":true}]}}