{"id":128670,"date":"2020-07-27T09:54:39","date_gmt":"2020-07-27T12:54:39","guid":{"rendered":"https:\/\/grandepremio.com\/br\/noticias\/w-series-aprova-parceria-com-dtm-mas-considera-eventos-solo-para-volta-em-2021\/"},"modified":"2020-07-27T09:54:43","modified_gmt":"2020-07-27T12:54:43","slug":"w-series-aprova-parceria-com-dtm-mas-considera-eventos-solo-para-volta-em-2021","status":"publish","type":"post","link":"https:\/\/grandepremio.com\/br\/w-series\/w-series-aprova-parceria-com-dtm-mas-considera-eventos-solo-para-volta-em-2021\/","title":{"rendered":"W Series aprova parceria com DTM, mas considera eventos solo para volta em 2021"},"content":{"rendered":"\n<p class=\"wp-block-paragraph\">A W Series caminha para se tornar cada vez mais uma categoria independente. Catherine Bond-Muir, chefona da categoria exclusivamente feminina, n\u00e3o descartou a possibilidade de realizar corridas sem o papel de evento suporte em 2021.<\/p>\n\n\n\n<p class=\"wp-block-paragraph\">Em sua primeira temporada da hist\u00f3ria, em 2019, o certame serviu de apoio para o DTM. Nas seis etapas realizadas no campeonato. Para 2020, o plano era seguir o mesmo formato de final de semana al\u00e9m de dividir espa\u00e7o tamb\u00e9m com a F\u00f3rmula 1 nos GPs dos Estados Unidos e do M\u00e9xico. Mas com a chegada da pandemia, tudo precisou mudar.<\/p>\n\n\n\n<p class=\"wp-block-paragraph\"><a href=\"https:\/\/www.grandepremio.com\/br\/w-series\/noticias\/por-efeito-pandemia-w-series-anuncia-cancelamento-temporada-2020\/\">Mesmo com o cancelamento do atual campeonato<\/a>, em entrevista ao <strong>GRANDE PR\u00caMIO<\/strong>, a W Series <a href=\"https:\/\/www.grandepremio.com\/br\/w-series\/noticias\/onde-o-dinheiro-nao-importa-w-series-explica-objetivos-e-detalha-planos-para-2021\/\">destacou que as prepara\u00e7\u00f5es para 2021 seguem a todo vapor<\/a>, que as passagens pela F1 est\u00e3o confirmadas e prometeu um ano ainda maior e melhor. Mas se permitiu n\u00e3o comentar da categoria alem\u00e3. <a href=\"https:\/\/www.grandepremio.com\/br\/w-series\/noticias\/analise-sucesso-estreia-rasteira-cancelamento-destino-w-series\/\">Dinheiro, ent\u00e3o, nunca foi um problema<\/a>.<\/p>\n\n\n\n<p class=\"wp-block-paragraph\">No in\u00edcio de julho, Gerhard Berger, que comanda o DTM, mostrou preocupa\u00e7\u00e3o com a continuidade ap\u00f3s 2021, ainda mais com a sa\u00edda da Audi, deixando a BMW como guerreira solit\u00e1ria do grid. Timo Glock, vencedor de cinco corridas no certame, <a href=\"https:\/\/www.grandepremio.com\/br\/dtm\/noticias\/sem-audi-e-aston-martin-glock-ve-dtm-com-chance-de-sobrevivencia-minguante\/\">concordou com as palavras do dirigente.<\/a><\/p>\n\n\n\n<figure class=\"wp-block-image size-large\"><img decoding=\"async\" src=\"https:\/\/www.grandepremio.com\/br\/wp-content\/uploads\/2020\/03\/2020351518543_EB23qOnXYAIgG56_DMa.jpg\" alt=\"\" class=\"wp-image-351871\"\/><figcaption>Bond-Muir n\u00e3o descarta correr independente em 2021 (Foto: W Series)<\/figcaption><\/figure>\n\n\n\n<p class=\"wp-block-paragraph\">Isso deixaria a categoria feminina sem uma possibilidade para dividir as pistas&nbsp; em 2021, mas n\u00e3o chega a ser algo que preocupa. \u201cNossa \u00faltima conversa com o DTM foi que ainda n\u00e3o decidiram suas corridas ainda e assim que o fizer, vamos voltar a conversar\u201d, disse Catherine.<\/p>\n\n\n\n<p class=\"wp-block-paragraph\">\u201cEstamos analisando muitas oportunidades, tanto para correr com outras categorias quanto corrermos sozinhos. Mas estamos trabalhando o lado financeiro disso no momento. Tivemos uma parceria fant\u00e1stica [com o DTM] at\u00e9 hoje e adorar\u00edamos seguir com eles\u201d, continuou a ex-advogada.<\/p>\n\n\n\n<p class=\"wp-block-paragraph\">\u201cA mensagem que quero dar \u00e9 que se o DTM correr, amar\u00edamos continuar juntos, mas se n\u00e3o, temos um plano reserva. Estamos considerando tudo no momento, n\u00e3o operamos em um microcosmo\u201d, completou Bond-Muir.<\/p>\n\n\n\n<p class=\"wp-block-paragraph\">Bond-Muir terminou explicando que a possibilidade de corridas pr\u00f3prias at\u00e9 o momento \u201cest\u00e3o em um est\u00e1gio puramente conceitual. Reuni\u00f5es no Zoom entre colegas \u00e9 o mais longe que fomos. Acredito que talvez olhemos para uma mistura de nossas corridas e evento suporte para outras categorias\u201d.<\/p>\n","protected":false},"excerpt":{"rendered":"<p>Catherine Bond Muir, chefona da categoria, admitiu estudar a possibilidade de n\u00e3o dividir mais as pistas, trabalhando especialmente no lado financeiro da possibilidade<\/p>\n","protected":false},"author":0,"featured_media":1000393613,"comment_status":"closed","ping_status":"closed","sticky":false,"template":"","format":"standard","meta":{"42wp_featured_image_caption":"","42wp_featured_image_credits":"","42wp_featured_video":"","42wp_featured_image_hidden":false,"42wp_authors_list":[],"footnotes":""},"categories":[35],"tags":[429,412,430,431,25645],"42wp_author":[47123],"class_list":["post-128670","post","type-post","status-publish","format-standard","has-post-thumbnail","hentry","category-w-series","tag-catherine-bond-muir","tag-dtm","tag-w-series","tag-w-series-2020","tag-w-series-2021","42wp_author-nathalia-de-vivo"],"_links":{"self":[{"href":"https:\/\/grandepremio.com\/br\/wp-json\/wp\/v2\/posts\/128670","targetHints":{"allow":["GET"]}}],"collection":[{"href":"https:\/\/grandepremio.com\/br\/wp-json\/wp\/v2\/posts"}],"about":[{"href":"https:\/\/grandepremio.com\/br\/wp-json\/wp\/v2\/types\/post"}],"replies":[{"embeddable":true,"href":"https:\/\/grandepremio.com\/br\/wp-json\/wp\/v2\/comments?post=128670"}],"version-history":[{"count":0,"href":"https:\/\/grandepremio.com\/br\/wp-json\/wp\/v2\/posts\/128670\/revisions"}],"wp:featuredmedia":[{"embeddable":true,"href":"https:\/\/grandepremio.com\/br\/wp-json\/wp\/v2\/media\/1000393613"}],"wp:attachment":[{"href":"https:\/\/grandepremio.com\/br\/wp-json\/wp\/v2\/media?parent=128670"}],"wp:term":[{"taxonomy":"category","embeddable":true,"href":"https:\/\/grandepremio.com\/br\/wp-json\/wp\/v2\/categories?post=128670"},{"taxonomy":"post_tag","embeddable":true,"href":"https:\/\/grandepremio.com\/br\/wp-json\/wp\/v2\/tags?post=128670"},{"taxonomy":"42wp_author","embeddable":true,"href":"https:\/\/grandepremio.com\/br\/wp-json\/wp\/v2\/42wp_author?post=128670"}],"curies":[{"name":"wp","href":"https:\/\/api.w.org\/{rel}","templated":true}]}}