{"id":128742,"date":"2020-07-25T05:00:00","date_gmt":"2020-07-25T08:00:00","guid":{"rendered":"https:\/\/grandepremio.com\/br\/noticias\/ecclestone-minimiza-racismo-a-hamilton-nao-pense-na-cor-da-pele-pense-na-cor-da-mente\/"},"modified":"2020-07-24T22:03:54","modified_gmt":"2020-07-25T01:03:54","slug":"ecclestone-minimiza-racismo-a-hamilton-nao-pense-na-cor-da-pele-pense-na-cor-da-mente","status":"publish","type":"post","link":"https:\/\/grandepremio.com\/br\/f1\/ecclestone-minimiza-racismo-a-hamilton-nao-pense-na-cor-da-pele-pense-na-cor-da-mente\/","title":{"rendered":"Ecclestone minimiza racismo a Hamilton: &#8220;N\u00e3o pense na cor da pele, pense na cor da mente&#8221;"},"content":{"rendered":"\n<p class=\"wp-block-paragraph\">Bernie Ecclestone resolveu comentar novamente as cr\u00edticas feitas por Lewis Hamilton dias atr\u00e1s sobre racismo. Tudo come\u00e7ou com uma entrevista do ex-chef\u00e3o da F1 \u00e0 CNN. Falando sobre o ativismo do piloto da Mercedes e as manifesta\u00e7\u00f5es antirracistas pelo mundo, <a href=\"https:\/\/www.grandepremio.com\/br\/f1\/noticias\/formula-1-repudia-declaracoes-de-ecclestone-sobre-racismo-e-demarca-distancia\/\">Ecclestone declarou, entre outras coisas, que \u201cmuitas vezes afro-americanos s\u00e3o mais racistas que os brancos\u201d<\/a> e insistiu que n\u00e3o h\u00e1 discrimina\u00e7\u00e3o racial no esporte. Hamilton respondeu quase que imediatamente e disse que o <a href=\"https:\/\/www.grandepremio.com\/br\/f1\/noticias\/hamilton-abomina-comentario-ignorante-e-mal-educado-de-ecclestone-sobre-racismo\/\">compatriota foi \u201cignorante\u201d e \u201cmal-educado\u201d<\/a>. Agora, o ex-dirigente retomou o tema e se voltou contra Lewis, afirmando que o hexacampe\u00e3o teve sorte de ter tanto sucesso em um lugar em que a &#8220;cor da pele n\u00e3o \u00e9 um fator&#8221;.<\/p>\n\n\n\n<p class=\"wp-block-paragraph\">Ainda sobre as atitudes e palavras do atual l\u00edder do campeonato 2020, o ex-chefe da F\u00f3rmula 1 se ateve ao coment\u00e1rio feito sobre sua educa\u00e7\u00e3o. &#8220;Lewis poderia come\u00e7ar conscientizando as pessoas de que muita gente que n\u00e3o \u00e9 branca trabalha nas equipes e que s\u00e3o dadas a elas as mesmas oportunidades. Lewis, voc\u00ea disse que sou mal-educado e ignorante. Tenho o mesmo n\u00edvel de escolaridade que voc\u00ea. Mas eu, ao menos, tive uma raz\u00e3o. Eu estava na escola durante a \u00faltima guerra, nem sempre nas melhores condi\u00e7\u00f5es&#8221;, afirmou Ecclestone ao Daily Mail.<\/p>\n\n\n\n<figure class=\"wp-block-image size-large\"><img decoding=\"async\" src=\"https:\/\/www.grandepremio.com\/br\/wp-content\/uploads\/2020\/07\/mercedes-lewishamilton-02-3-1024x683.jpg\" alt=\"\" class=\"wp-image-395640\"\/><figcaption>Lewis Hamilton venceu o GP da \u00c1ustria e protestou (Foto: Mercedes)<\/figcaption><\/figure>\n\n\n\n<p class=\"wp-block-paragraph\">&#8220;Voc\u00ea tem sorte, porque se eu tivesse sido educado adequadamente, talvez a F1 n\u00e3o fosse o que ela \u00e9 para que voc\u00ea pudesse se beneficiar como faz. E eu me sa\u00ed muito bem, mas j\u00e1 estava ganhando dinheiro antes de entrar na F1.&#8221;<\/p>\n\n\n\n<p class=\"wp-block-paragraph\">E ressaltou em seguida que Hamilton deveria se considerar &#8220;sortudo&#8221; por estar em um momento em que pode obter o m\u00e1ximo de sucesso na carreira. &#8220;Quando vencer outro campeonato, ser\u00e1 por conta de seu talento e pelo fato de estar no lugar certo na hora certa. Como muitas outras pessoas bem-sucedidas, voc\u00ea teve um pouco de sorte e trabalhou muito por isso. Mas voc\u00ea \u00e9 tamb\u00e9m uma pessoa especial e um piloto especial&#8221;, disse o ingl\u00eas de 89 anos, que completou o pensamento com uma sugest\u00e3o controversa.<\/p>\n\n\n\n<p class=\"wp-block-paragraph\">&#8220;N\u00e3o pense na cor da pele, pense na cor da mente. Somos todos humanos com os mesmos movimentos. Devemos pensar tamb\u00e9m da mesma maneira. N\u00e3o inveje os outros. Basta melhorar e acompanhar. Todos n\u00f3s temos algo diferente dos outros.&#8221;<\/p>\n\n\n\n<p class=\"wp-block-paragraph\">Um dos atletas mais famosos e bem-sucedidos no planeta, Hamilton assumiu papel contundente nas manifesta\u00e7\u00f5es contra o racismo que ganharam o mundo desde o assassinato de George Floyd, por um policial branco, nos Estados Unidos. Na F1, tamb\u00e9m vem se posicionando e cobrando que categoria intensifique as a\u00e7\u00f5es contra o racismo e que promova pol\u00edtica para aumentar a diversidade no esporte.<\/p>\n\n\n\n<figure class=\"wp-block-embed-youtube wp-block-embed is-type-video is-provider-youtube wp-embed-aspect-16-9 wp-has-aspect-ratio\"><div class=\"wp-block-embed__wrapper\">\n<iframe loading=\"lazy\" title=\"FERRARI dorme no ponto e JOGA FORA duas temporadas na F1 | GP \u00e0s 10\" width=\"500\" height=\"281\" src=\"https:\/\/www.youtube.com\/embed\/yc1VsJL3_6U?feature=oembed\" frameborder=\"0\" allow=\"accelerometer; autoplay; clipboard-write; encrypted-media; gyroscope; picture-in-picture; web-share\" referrerpolicy=\"strict-origin-when-cross-origin\" allowfullscreen><\/iframe>\n<\/div><\/figure>\n","protected":false},"excerpt":{"rendered":"<p>Bernie Ecclestone se voltou contra Lewis Hamilton novamente. O ex-chefe da F1 afirmou que o hexacampe\u00e3o teve sorte por estar em um esporte em \u201cque a cor da pele n\u00e3o \u00e9 um fator\u201d<\/p>\n","protected":false},"author":0,"featured_media":0,"comment_status":"closed","ping_status":"closed","sticky":false,"template":"","format":"standard","meta":{"42wp_featured_image_caption":"","42wp_featured_image_credits":"","42wp_featured_video":"","42wp_featured_image_hidden":false,"42wp_authors_list":[],"footnotes":""},"categories":[2],"tags":[539,147,118,24837,24860,87,1871],"42wp_author":[47109],"class_list":["post-128742","post","type-post","status-publish","format-standard","hentry","category-f1","tag-bernie-ecclestone","tag-f1","tag-f1-2020","tag-formula-1-2","tag-formula-1-2020-2","tag-lewis-hamilton","tag-protestos","42wp_author-redacao-gp"],"_links":{"self":[{"href":"https:\/\/grandepremio.com\/br\/wp-json\/wp\/v2\/posts\/128742","targetHints":{"allow":["GET"]}}],"collection":[{"href":"https:\/\/grandepremio.com\/br\/wp-json\/wp\/v2\/posts"}],"about":[{"href":"https:\/\/grandepremio.com\/br\/wp-json\/wp\/v2\/types\/post"}],"replies":[{"embeddable":true,"href":"https:\/\/grandepremio.com\/br\/wp-json\/wp\/v2\/comments?post=128742"}],"version-history":[{"count":0,"href":"https:\/\/grandepremio.com\/br\/wp-json\/wp\/v2\/posts\/128742\/revisions"}],"wp:attachment":[{"href":"https:\/\/grandepremio.com\/br\/wp-json\/wp\/v2\/media?parent=128742"}],"wp:term":[{"taxonomy":"category","embeddable":true,"href":"https:\/\/grandepremio.com\/br\/wp-json\/wp\/v2\/categories?post=128742"},{"taxonomy":"post_tag","embeddable":true,"href":"https:\/\/grandepremio.com\/br\/wp-json\/wp\/v2\/tags?post=128742"},{"taxonomy":"42wp_author","embeddable":true,"href":"https:\/\/grandepremio.com\/br\/wp-json\/wp\/v2\/42wp_author?post=128742"}],"curies":[{"name":"wp","href":"https:\/\/api.w.org\/{rel}","templated":true}]}}