{"id":128779,"date":"2020-07-23T15:12:50","date_gmt":"2020-07-23T18:12:50","guid":{"rendered":"https:\/\/grandepremio.com\/br\/noticias\/cadeira-cativa-fala-da-estreia-de-fittipaldi-na-f1-e-chama-castilho-de-andrade-e-jan-balder\/"},"modified":"2021-07-09T01:32:45","modified_gmt":"2021-07-09T04:32:45","slug":"cadeira-cativa-fala-da-estreia-de-fittipaldi-na-f1-e-chama-castilho-de-andrade-e-jan-balder","status":"publish","type":"post","link":"https:\/\/grandepremio.com\/br\/grande-premio\/cadeira-cativa-fala-da-estreia-de-fittipaldi-na-f1-e-chama-castilho-de-andrade-e-jan-balder\/","title":{"rendered":"Cadeira Cativa #16 recorda 50 anos da estreia de Fittipaldi na F\u00f3rmula 1"},"content":{"rendered":"\n<p class=\"wp-block-paragraph\">O Cadeira Cativa chega \u00e0 edi\u00e7\u00e3o de n\u00famero 16 nesta quinta-feira (23). O programa, apresentado por Flavio Gomes, vai receber o ex-piloto Jan Balder e o jornalista Castilho de Andrade para relembrar os 50 anos da estreia de Emerson Fittipaldi na F\u00f3rmula 1. A atra\u00e7\u00e3o vai ao ar, ao vivo, a partir das 20h (de Bras\u00edlia, GMT -3), no canal do <strong>GRANDE PR\u00caMIO <\/strong>no YouTube.<\/p>\n\n\n\n<p class=\"wp-block-paragraph\">Holand\u00eas de nascen\u00e7a e radicado no Brasil desde a inf\u00e2ncia, Jan Balder tem larga carreira no automobilismo, atuando como piloto, chefe de equipe e cronometrista. Foi companheiro de Emerson Fittipaldi na tradicional edi\u00e7\u00e3o de 1966 das Mil Milhas Brasileiras.<\/p>\n\n\n\n<figure class=\"wp-block-image size-large\"><img decoding=\"async\" src=\"https:\/\/www.grandepremio.com\/br\/wp-content\/uploads\/2020\/07\/Fittipaldi-2-1024x717.jpg\" alt=\"\" class=\"wp-image-397412\"\/><figcaption>Emerson Fittipaldi em Brands Hatch (Foto: Reprodu\u00e7\u00e3o)<\/figcaption><\/figure>\n\n\n\n<p class=\"wp-block-paragraph\">Castilho de Andrade \u00e9 um renomado jornalista de automobilismo e volta para sua terceira participa\u00e7\u00e3o no programa. Tem carreira no Jornal da Tarde e Estado de S. Paulo. Atualmente \u00e9 diretor de imprensa do GP do Brasil de F\u00f3rmula 1 e colunista da Gazeta Esportiva.<\/p>\n\n\n\n<p class=\"wp-block-paragraph\">O Cadeira Cativa, que re\u00fane jornalistas e especialistas do esporte a motor, tem produ\u00e7\u00e3o de Evelyn Guimar\u00e3es, Gabriel Carvalho, Pedro Luis Cuenca e Rodrigo Berton.&nbsp;<a href=\"https:\/\/www.youtube.com\/playlist?list=PLULYLQYUzB5quTd-TVZPMhYwfGBYPTVy7\">Confira aqui os programas anteriores.<\/a><\/p>\n\n\n\n<figure class=\"wp-block-embed-youtube wp-block-embed is-type-video is-provider-youtube wp-embed-aspect-16-9 wp-has-aspect-ratio\"><div class=\"wp-block-embed__wrapper\">\n<iframe loading=\"lazy\" title=\"EMERSON FITTIPALDI: 50 anos da ESTREIA do bicampe\u00e3o na F1 | Cadeira Cativa #16\" width=\"500\" height=\"281\" src=\"https:\/\/www.youtube.com\/embed\/pDNY8c5dtEo?feature=oembed\" frameborder=\"0\" allow=\"accelerometer; autoplay; clipboard-write; encrypted-media; gyroscope; picture-in-picture; web-share\" referrerpolicy=\"strict-origin-when-cross-origin\" allowfullscreen><\/iframe>\n<\/div><\/figure>\n","protected":false},"excerpt":{"rendered":"<p>O Cadeira Cativa #16 recorda a primeira corrida de Emerson Fittipaldi na F\u00f3rmula 1. Os convidados s\u00e3o Castilho de Andrade e Jan Balder<\/p>\n","protected":false},"author":0,"featured_media":1000399544,"comment_status":"closed","ping_status":"closed","sticky":false,"template":"","format":"standard","meta":{"42wp_featured_image_caption":"","42wp_featured_image_credits":"","42wp_featured_video":"","42wp_featured_image_hidden":false,"42wp_authors_list":[],"footnotes":""},"categories":[4],"tags":[24900,25283,796,25600],"42wp_author":[47119],"class_list":["post-128779","post","type-post","status-publish","format-standard","has-post-thumbnail","hentry","category-grande-premio","tag-cadeira-cativa","tag-castilho-de-andrade","tag-emerson-fittipaldi","tag-jan-balder","42wp_author-gabriel-carvalho"],"_links":{"self":[{"href":"https:\/\/grandepremio.com\/br\/wp-json\/wp\/v2\/posts\/128779","targetHints":{"allow":["GET"]}}],"collection":[{"href":"https:\/\/grandepremio.com\/br\/wp-json\/wp\/v2\/posts"}],"about":[{"href":"https:\/\/grandepremio.com\/br\/wp-json\/wp\/v2\/types\/post"}],"replies":[{"embeddable":true,"href":"https:\/\/grandepremio.com\/br\/wp-json\/wp\/v2\/comments?post=128779"}],"version-history":[{"count":0,"href":"https:\/\/grandepremio.com\/br\/wp-json\/wp\/v2\/posts\/128779\/revisions"}],"wp:featuredmedia":[{"embeddable":true,"href":"https:\/\/grandepremio.com\/br\/wp-json\/wp\/v2\/media\/1000399544"}],"wp:attachment":[{"href":"https:\/\/grandepremio.com\/br\/wp-json\/wp\/v2\/media?parent=128779"}],"wp:term":[{"taxonomy":"category","embeddable":true,"href":"https:\/\/grandepremio.com\/br\/wp-json\/wp\/v2\/categories?post=128779"},{"taxonomy":"post_tag","embeddable":true,"href":"https:\/\/grandepremio.com\/br\/wp-json\/wp\/v2\/tags?post=128779"},{"taxonomy":"42wp_author","embeddable":true,"href":"https:\/\/grandepremio.com\/br\/wp-json\/wp\/v2\/42wp_author?post=128779"}],"curies":[{"name":"wp","href":"https:\/\/api.w.org\/{rel}","templated":true}]}}