{"id":128786,"date":"2020-07-23T10:46:00","date_gmt":"2020-07-23T13:46:00","guid":{"rendered":"https:\/\/grandepremio.com\/br\/noticias\/71-a-volta-da-stock-car-com-bueno-e-abreu\/"},"modified":"2020-07-25T13:53:41","modified_gmt":"2020-07-25T16:53:41","slug":"71-a-volta-da-stock-car-com-bueno-e-abreu","status":"publish","type":"post","link":"https:\/\/grandepremio.com\/br\/podcast\/71-a-volta-da-stock-car-com-bueno-e-abreu\/","title":{"rendered":"#71: A volta da Stock Car com Bueno e Abreu"},"content":{"rendered":"\n<p class=\"wp-block-paragraph\">O Paddockast desta semana aborda a volta da Stock Car, que acontece no pr\u00f3ximo domingo (26), em Goi\u00e2nia. Junto de Nathalia de Vivo, Felipe Noronha entrevista os pilotos Cac\u00e1 Bueno e \u00c1tila Abreu, dois dos principais nomes do grid. A transmiss\u00e3o come\u00e7a \u00e0s 11h (de Bras\u00edlia, GMT -3).<\/p>\n\n\n\n<p class=\"wp-block-paragraph\"><strong>Acompanhe o Paddockast em v\u00eddeo:<\/strong><\/p>\n\n\n\n<iframe loading=\"lazy\" src=\"https:\/\/www.facebook.com\/plugins\/post.php?href=https%3A%2F%2Fwww.facebook.com%2Fgrandepremio%2Fvideos%2F714787879078372%2F&amp;show_text=true&amp;width=552&amp;appId=549198555228409&amp;height=558\" width=\"552\" height=\"558\" style=\"border:none;overflow:hidden\" scrolling=\"no\" frameborder=\"0\" allowtransparency=\"true\" allow=\"encrypted-media\"><\/iframe>\n\n\n","protected":false},"excerpt":{"rendered":"<p>Edi\u00e7\u00e3o desta semana do Paddockast aborda a volta da Stock Car em um bate-papo com os pilotos Cac\u00e1 Bueno e \u00c1tila Abreu<\/p>\n","protected":false},"author":0,"featured_media":1000399450,"comment_status":"closed","ping_status":"closed","sticky":false,"template":"","format":"standard","meta":{"42wp_featured_image_caption":"","42wp_featured_image_credits":"","42wp_featured_video":"","42wp_featured_image_hidden":false,"42wp_authors_list":[],"footnotes":""},"categories":[37],"tags":[162,69],"42wp_author":[47109],"class_list":["post-128786","post","type-post","status-publish","format-standard","has-post-thumbnail","hentry","category-podcast","tag-paddockast","tag-stock-car","42wp_author-redacao-gp"],"_links":{"self":[{"href":"https:\/\/grandepremio.com\/br\/wp-json\/wp\/v2\/posts\/128786","targetHints":{"allow":["GET"]}}],"collection":[{"href":"https:\/\/grandepremio.com\/br\/wp-json\/wp\/v2\/posts"}],"about":[{"href":"https:\/\/grandepremio.com\/br\/wp-json\/wp\/v2\/types\/post"}],"replies":[{"embeddable":true,"href":"https:\/\/grandepremio.com\/br\/wp-json\/wp\/v2\/comments?post=128786"}],"version-history":[{"count":0,"href":"https:\/\/grandepremio.com\/br\/wp-json\/wp\/v2\/posts\/128786\/revisions"}],"wp:featuredmedia":[{"embeddable":true,"href":"https:\/\/grandepremio.com\/br\/wp-json\/wp\/v2\/media\/1000399450"}],"wp:attachment":[{"href":"https:\/\/grandepremio.com\/br\/wp-json\/wp\/v2\/media?parent=128786"}],"wp:term":[{"taxonomy":"category","embeddable":true,"href":"https:\/\/grandepremio.com\/br\/wp-json\/wp\/v2\/categories?post=128786"},{"taxonomy":"post_tag","embeddable":true,"href":"https:\/\/grandepremio.com\/br\/wp-json\/wp\/v2\/tags?post=128786"},{"taxonomy":"42wp_author","embeddable":true,"href":"https:\/\/grandepremio.com\/br\/wp-json\/wp\/v2\/42wp_author?post=128786"}],"curies":[{"name":"wp","href":"https:\/\/api.w.org\/{rel}","templated":true}]}}