{"id":128799,"date":"2020-07-23T04:15:00","date_gmt":"2020-07-23T07:15:00","guid":{"rendered":"https:\/\/grandepremio.com\/br\/noticias\/melancolica-aposentadoria-parece-destino-de-raikkonen-e-talvez-esteja-bem-com-isso\/"},"modified":"2020-07-22T20:24:57","modified_gmt":"2020-07-22T23:24:57","slug":"melancolica-aposentadoria-parece-destino-de-raikkonen-e-talvez-esteja-bem-com-isso","status":"publish","type":"post","link":"https:\/\/grandepremio.com\/br\/f1\/melancolica-aposentadoria-parece-destino-de-raikkonen-e-talvez-esteja-bem-com-isso\/","title":{"rendered":"Melanc\u00f3lica aposentadoria parece destino de R\u00e4ikk\u00f6nen. E talvez esteja bem com isso"},"content":{"rendered":"\n<figure class=\"wp-block-embed-dailymotion wp-block-embed is-type-video is-provider-dailymotion wp-embed-aspect-16-9 wp-has-aspect-ratio\"><div class=\"wp-block-embed__wrapper\">\n<iframe loading=\"lazy\" title=\"EX-PILOTO na ativa, R\u00c4IKK\u00d6NEN emula T\u00daLIO MARAVILHA na F1 | GP \u00e0s 10\" frameborder=\"0\" width=\"500\" height=\"281\" src=\"https:\/\/geo.dailymotion.com\/player.html?video=x7v4wrz&#038;\" allowfullscreen allow=\"autoplay; fullscreen; picture-in-picture; web-share\"><\/iframe>\n<\/div><\/figure>\n\n\n\n<p class=\"wp-block-paragraph\">Aos s\u00e1bados, n\u00e3o fez nem c\u00f3cegas no Q2 nas sess\u00f5es de classifica\u00e7\u00e3o, inclusive sendo o 20\u00b0 &#8211; portanto, \u00faltimo &#8211; na Hungria. Aos domingos, um abandono, uma largada em posi\u00e7\u00e3o errada, menos um ponto na carteira.<\/p>\n\n\n\n<p class=\"wp-block-paragraph\">A fase de Kimi R\u00e4ikk\u00f6nen, 40 anos, \u00e9 horrorosa. Sua carreira caminha para um fim melanc\u00f3lico. Mas talvez ele esteja bem com isso.<\/p>\n\n\n\n<figure class=\"wp-block-image size-large\"><img decoding=\"async\" src=\"https:\/\/www.grandepremio.com\/br\/wp-content\/uploads\/2020\/07\/alfaromeo-kimiraikkonen-01-5-1024x683.jpg\" alt=\"\" class=\"wp-image-397705\"\/><figcaption>Kimi R\u00e4ikk\u00f6nen (Foto: Alfa Romeo)<\/figcaption><\/figure>\n\n\n\n<p class=\"wp-block-paragraph\">Nos \u00faltimos <strong><a href=\"https:\/\/www.youtube.com\/watch?v=n9rftPaqFSY\">&#8216;Briefings<\/a><\/strong>&#8216;, demos nota zero para R\u00e4ikk\u00f6nen por ter feito corridas realmente muito fracas na \u00c1ustria e em Hungaroring. A an\u00e1lise precisa ser esportiva, de fato, quando se comenta um GP. O que a gente n\u00e3o pode ignorar quando escreve com calma, por\u00e9m, \u00e9 que h\u00e1 uma chance grande do finland\u00eas sequer pensar na parte competitiva da F1 no momento.<\/p>\n\n\n\n<p class=\"wp-block-paragraph\">Claro que ele \u00e9 obrigado a dar entrevistas, a comentar o que fez e o que n\u00e3o conseguiu fazer, mas j\u00e1 com t\u00edtulo mundial e com uma fam\u00edlia que faz quest\u00e3o de sempre estar por perto, o n\u00f3rdico talvez veja a pista apenas como um palco de lazer. E se tem quem pague para se divertir, melhor ainda. Aposentar-se longe do auge &#8211; que, no caso dele, \u00e9 importante lembrar, \u00e9 um t\u00edtulo mundial na mais forte categoria do mundo &#8211; acaba se tornando irrelevante.<\/p>\n\n\n\n<p class=\"wp-block-paragraph\">\u00c9 claro que o tempo de Kimi como relevante na categoria j\u00e1 se foi. Mas ser relevante \u00e9 abstrato. O que \u00e9 importante para a imprensa? O que \u00e9 importante para o f\u00e3? O que \u00e9 importante para um pai?<\/p>\n\n\n\n<figure class=\"wp-block-embed-youtube wp-block-embed is-type-video is-provider-youtube wp-embed-aspect-16-9 wp-has-aspect-ratio\"><div class=\"wp-block-embed__wrapper\">\n<iframe loading=\"lazy\" title=\"F1 2020: Hamilton dominante de novo - a an\u00e1lise do GP DA HUNGRIA | Briefing\" width=\"500\" height=\"281\" src=\"https:\/\/www.youtube.com\/embed\/n9rftPaqFSY?feature=oembed\" frameborder=\"0\" allow=\"accelerometer; autoplay; clipboard-write; encrypted-media; gyroscope; picture-in-picture; web-share\" referrerpolicy=\"strict-origin-when-cross-origin\" allowfullscreen><\/iframe>\n<\/div><\/figure>\n\n\n\n<p class=\"wp-block-paragraph\">Robin tem cinco anos e, tal como o pai, j\u00e1 gosta de velocidade. R\u00e4ikk\u00f6nen j\u00e1 brinca, inclusive, que mal consegue acompanhar o filho quando andando juntos de kart. <\/p>\n\n\n\n<p class=\"wp-block-paragraph\">E se na cabe\u00e7a do campe\u00e3o do mundo de 2007 ser relevante significa deixar o filho assisti-lo correndo na F1? E se significa deixar Robin pegar o gosto pela coisa convivendo com a categoria?<\/p>\n\n\n\n<p class=\"wp-block-paragraph\">Aparentemente, o homem de gelo n\u00e3o \u00e9 t\u00e3o frio assim. Ama F1, ama a fam\u00edlia e tenta ser exemplo. E por isso, mesmo com seu tempo j\u00e1 passado, continua.<\/p>\n\n\n\n<p class=\"wp-block-paragraph\">Ou, claro, ele \u00e9 t\u00e3o frio que n\u00e3o se importa em ocupar o lugar de um jovem piloto na F1. Vai saber.<\/p>\n\n\n\n<h4 class=\"wp-block-heading\"><strong>Giovinazzi se diz preparado para Ferrari. Ao fim, ele \u00e9 ruim de an\u00e1lise<\/strong><\/h4>\n\n\n\n<p class=\"wp-block-paragraph\">Com a pausa em raz\u00e3o da pandemia, Antonio Giovinazzi teve tempo para fazer um &#8216;tour&#8217; de entrevistas, nas quais repetiu a mesma ideia: &#8220;<strong><a href=\"https:\/\/www.grandepremio.com\/br\/f1\/noticias\/giovinazzi-afirma-buscar-vaga-na-ferrari-para-2021-depende-de-mim\/\">N\u00e3o escondo que quero a vaga na Ferrari.<\/a><\/strong>&#8220;<\/p>\n\n\n\n<p class=\"wp-block-paragraph\">Sonhar \u00e9 permitido, mas ser realista \u00e9 uma ideia melhor. Ao final das contas, o italiano parece estar t\u00e3o mal nas an\u00e1lises como est\u00e1 nas corridas.<\/p>\n\n\n\n<figure class=\"wp-block-image size-large\"><img decoding=\"async\" src=\"https:\/\/www.grandepremio.com\/br\/wp-content\/uploads\/2020\/07\/000_1UH914-1024x683.jpg\" alt=\"\" class=\"wp-image-392025\"\/><figcaption>Antonio Giovinazzi guia a Alfa Romeo pelo segundo ano consecutivo (Foto: AFP)<\/figcaption><\/figure>\n\n\n\n<p class=\"wp-block-paragraph\">Diferentemente do companheiro de equipe, Giovinazzi corre pela sobreviv\u00eancia na categoria. Aos 26 anos, j\u00e1 n\u00e3o \u00e9 mais um menino, e viu a Ferrari apostar para 2021 em dois pilotos mais novos: Charles Leclerc tem 22, Carlos Sainz tem 25. Ou seja: n\u00e3o vai dar para o italiano realizar o sonho ferrarista.<\/p>\n\n\n\n<p class=\"wp-block-paragraph\">Mas, se entregasse resultados, talvez ainda pudesse reclamar publicamente, por exemplo. N\u00e3o \u00e9 o caso: claro que ele pode culpar o pr\u00f3prio motor Ferrari que n\u00e3o ajuda em nada os carros da Alfa Romeo, mas brigar (e perder, na maioria dos casos &#8211; s\u00f3 ficou \u00e0 frente de Nicholas Latifi na \u00c1ustria) contra as Williams nos treinos de classifica\u00e7\u00e3o n\u00e3o d\u00e1 ao piloto exatamente muitos argumentos positivos.<\/p>\n\n\n\n<p class=\"wp-block-paragraph\">O lugar de Giovinazzi n\u00e3o \u00e9 na F1. N\u00e3o que ele seja um piloto ruim, s\u00f3 n\u00e3o est\u00e1 entre os 20 que merecem ocupar o grid da principal categoria do mundo. Se sonhava com a Ferrari para o ano que vem, \u00e9 melhor j\u00e1 analisar em qual categoria pode se encaixar no futuro. <strong><a href=\"https:\/\/www.grandepremio.com\/br\/indy\/noticias\/penske-confirma-interesse-da-ferrari-em-ser-fornecedora-de-motores-na-indy\/\">Bem, se a Ferrari for para a Indy&#8230;<\/a><\/strong><\/p>\n\n\n\n<figure class=\"wp-block-embed-youtube wp-block-embed is-type-video is-provider-youtube wp-embed-aspect-16-9 wp-has-aspect-ratio\"><div class=\"wp-block-embed__wrapper\">\n<iframe loading=\"lazy\" title=\"Por que VOLTA de FERNANDO ALONSO \u00e0 F1 \u00e9 um GRANDE ACERTO | GP \u00e0s 10\" width=\"500\" height=\"281\" src=\"https:\/\/www.youtube.com\/embed\/mPJAxNgC_C0?feature=oembed\" frameborder=\"0\" allow=\"accelerometer; autoplay; clipboard-write; encrypted-media; gyroscope; picture-in-picture; web-share\" referrerpolicy=\"strict-origin-when-cross-origin\" allowfullscreen><\/iframe>\n<\/div><\/figure>\n","protected":false},"excerpt":{"rendered":"<p>Kimi R\u00e4ikk\u00f6nen segue na F\u00f3rmula 1 porque gosta de velocidade. Ent\u00e3o h\u00e1 uma possibilidade real dele n\u00e3o ligar de ter que conduzir uma decadente Alfa Romeo para ter tal sensa\u00e7\u00e3o de prazer<\/p>\n","protected":false},"author":0,"featured_media":0,"comment_status":"closed","ping_status":"closed","sticky":false,"template":"","format":"standard","meta":{"42wp_featured_image_caption":"","42wp_featured_image_credits":"","42wp_featured_video":"","42wp_featured_image_hidden":false,"42wp_authors_list":[],"footnotes":""},"categories":[2],"tags":[457,456,147,118,207,24837,24846,24834],"42wp_author":[47129],"class_list":["post-128799","post","type-post","status-publish","format-standard","hentry","category-f1","tag-alfa-romeo","tag-antonio-giovinazzi","tag-f1","tag-f1-2020","tag-ferrari","tag-formula-1-2","tag-formula-um-2","tag-kimi-raikkonen-2","42wp_author-felipe-noronha"],"_links":{"self":[{"href":"https:\/\/grandepremio.com\/br\/wp-json\/wp\/v2\/posts\/128799","targetHints":{"allow":["GET"]}}],"collection":[{"href":"https:\/\/grandepremio.com\/br\/wp-json\/wp\/v2\/posts"}],"about":[{"href":"https:\/\/grandepremio.com\/br\/wp-json\/wp\/v2\/types\/post"}],"replies":[{"embeddable":true,"href":"https:\/\/grandepremio.com\/br\/wp-json\/wp\/v2\/comments?post=128799"}],"version-history":[{"count":0,"href":"https:\/\/grandepremio.com\/br\/wp-json\/wp\/v2\/posts\/128799\/revisions"}],"wp:attachment":[{"href":"https:\/\/grandepremio.com\/br\/wp-json\/wp\/v2\/media?parent=128799"}],"wp:term":[{"taxonomy":"category","embeddable":true,"href":"https:\/\/grandepremio.com\/br\/wp-json\/wp\/v2\/categories?post=128799"},{"taxonomy":"post_tag","embeddable":true,"href":"https:\/\/grandepremio.com\/br\/wp-json\/wp\/v2\/tags?post=128799"},{"taxonomy":"42wp_author","embeddable":true,"href":"https:\/\/grandepremio.com\/br\/wp-json\/wp\/v2\/42wp_author?post=128799"}],"curies":[{"name":"wp","href":"https:\/\/api.w.org\/{rel}","templated":true}]}}