{"id":128816,"date":"2020-07-22T11:20:05","date_gmt":"2020-07-22T14:20:05","guid":{"rendered":"https:\/\/grandepremio.com\/br\/noticias\/sem-arrependimentos-e-sem-titulo-vettel-avalia-passagem-de-6-anos-pela-ferrari\/"},"modified":"2020-07-22T14:27:33","modified_gmt":"2020-07-22T17:27:33","slug":"sem-arrependimentos-e-sem-titulo-vettel-avalia-passagem-de-6-anos-pela-ferrari","status":"publish","type":"post","link":"https:\/\/grandepremio.com\/br\/f1\/sem-arrependimentos-e-sem-titulo-vettel-avalia-passagem-de-6-anos-pela-ferrari\/","title":{"rendered":"Sem arrependimentos e sem t\u00edtulo: Vettel avalia passagem de 6 anos pela Ferrari"},"content":{"rendered":"\n<figure class=\"wp-block-embed-youtube wp-block-embed is-type-video is-provider-youtube wp-embed-aspect-16-9 wp-has-aspect-ratio\"><div class=\"wp-block-embed__wrapper\">\n<iframe loading=\"lazy\" title=\"HAMILTON, hepta na F1? Que ser\u00e1 de M\u00c1RQUEZ na MotoGP? E a Indy? | Paddock #206\" width=\"500\" height=\"281\" src=\"https:\/\/www.youtube.com\/embed\/TP82pKieHhY?feature=oembed\" frameborder=\"0\" allow=\"accelerometer; autoplay; clipboard-write; encrypted-media; gyroscope; picture-in-picture; web-share\" referrerpolicy=\"strict-origin-when-cross-origin\" allowfullscreen><\/iframe>\n<\/div><\/figure>\n\n\n\n<p class=\"wp-block-paragraph\">Como todo casamento, Sebastian Vettel e Ferrari viveram seus altos e baixos durante as seis temporadas de relacionamento. A parceria termina ao final de 2020, e o alem\u00e3o fez balan\u00e7o dos \u00faltimos anos, mostrou autocr\u00edtica e reconheceu que apesar de n\u00e3o se arrepender de nenhuma decis\u00e3o, falhou em conseguir t\u00edtulos.<\/p>\n\n\n\n<p class=\"wp-block-paragraph\">O tetracampe\u00e3o chegou ao time italiano em 2015. Na \u00e9poca, veio para substituir Fernando Alonso e liderar o projeto para enfim tirar a escuderia da fila e conseguir o primeiro t\u00edtulo desde o de Kimi R\u00e4ikk\u00f6nen em 2007 &#8211; ao menos o time ainda conseguiu o de Construtores em 2008.<\/p>\n\n\n\n<p class=\"wp-block-paragraph\">Desde ent\u00e3o, conseguiu 54 p\u00f3dios e 14 vit\u00f3rias, ficando com os vice-campeonatos de 2017 e 2018. Mas no ano passado, o #5 enfrentou diversos problemas, erros &nbsp;\u2013 como a rodada enquanto brigava com Lewis Hamilton no Bahrein ou novamente em Austin, mas agora com Daniel Ricciardo \u2013 al\u00e9m de a chegada de Charles Leclerc, que assumiu o papel de #1 na equipe.<\/p>\n\n\n\n<figure class=\"wp-block-image size-large\"><img decoding=\"async\" src=\"https:\/\/www.grandepremio.com\/br\/wp-content\/uploads\/2020\/07\/ferrari-sebastianvettel-04-1024x683.jpg\" alt=\"\" class=\"wp-image-397775\"\/><figcaption>Vettel: sem arrependimento e sem t\u00edtulo (Foto: Ferrari)<\/figcaption><\/figure>\n\n\n\n<p class=\"wp-block-paragraph\">Em uma liga\u00e7\u00e3o e <a href=\"https:\/\/www.grandepremio.com\/br\/f1\/noticias\/vettel-revela-que-ferrari-sequer-fez-oferta-para-renovacao-de-contrato\/\">sem proposta de renova\u00e7\u00e3o<\/a>, Vettel foi informado de que n\u00e3o seguiria na Ferrari em 2020. Mattia Binotto, chefe da esquadra, <a href=\"https:\/\/www.grandepremio.com\/br\/f1\/noticias\/ferrari-culpa-coronavirus-por-falta-de-proposta-a-vettel-a-situacao-mudou\/\">apontou que o cen\u00e1rio mudou com a chegada da pandemia<\/a>, <a href=\"https:\/\/www.grandepremio.com\/br\/f1\/noticias\/vettel-rebate-ferrari-e-diz-que-pandemia-do-coronavirus-nao-foi-decisiva-para-saida-em-2020\/\">mas o alem\u00e3o negou a culpa do coronav\u00edrus.<\/a><\/p>\n\n\n\n<p class=\"wp-block-paragraph\">Entretanto, Seb exaltou tudo o que viveu at\u00e9 o momento, mesmo n\u00e3o conseguindo cumprir o objetivo principal. \u201cCorrer na Ferrari sempre foi um sonho de crian\u00e7a, desde que vi Michael [Schumacher] subir naquele carro vermelho. \u00c9 uma equipe impressionante\u201d, falou em entrevista ao canal Sky Sports F1.<\/p>\n\n\n\n<p class=\"wp-block-paragraph\">\u201cMeu desejo de ir para a Ferrari finalmente se realizou, mas tinha a miss\u00e3o de ser campe\u00e3o mundial e n\u00e3o consegui. Falhamos com este objetivo, mas tamb\u00e9m tivemos anos muito bons juntos, vivemos bons momentos e vencemos corridas. N\u00e3o me arrependo de ter assinado com a Ferrari\u201d, completou.<\/p>\n\n\n\n<p class=\"wp-block-paragraph\">Apesar de ainda n\u00e3o ter definido seu futuro para a temporada 2021, rumores t\u00eam tomado a imprensa apontando uma <a href=\"https:\/\/www.grandepremio.com\/br\/f1\/noticias\/vettel-tem-so-racing-point-aston-martin-como-unico-rumo-na-f1-pode-dar-muito-certo\/\">poss\u00edvel ida para a Racing Point\/Aston Martin<\/a>. <a href=\"https:\/\/www.grandepremio.com\/br\/f1\/noticias\/vettel-admite-conversas-com-aston-martin-mas-despista-nao-ha-nada-concreto\/\">Apesar de admitir conversas, disse n\u00e3o ter nada concreto<\/a>. Pior para Sergio P\u00e9rez, <a href=\"https:\/\/www.grandepremio.com\/br\/f1\/noticias\/sensor-aranha-de-perez-apita-e-avisa-saida-e-obvia-se-aston-martin-contratar-vettel\/\">que j\u00e1 v\u00ea seu lugar amea\u00e7ado no time<\/a>.<\/p>\n\n\n\n<figure class=\"wp-block-embed-youtube wp-block-embed is-type-video is-provider-youtube wp-embed-aspect-16-9 wp-has-aspect-ratio\"><div class=\"wp-block-embed__wrapper\">\n<iframe loading=\"lazy\" title=\"Do GENIAL Hamilton ao PASTEL\u00c3O da Ferrari: o GP da Est\u00edria de F1 | GP \u00e0s 10\" width=\"500\" height=\"281\" src=\"https:\/\/www.youtube.com\/embed\/Ds9_0V-cufM?feature=oembed\" frameborder=\"0\" allow=\"accelerometer; autoplay; clipboard-write; encrypted-media; gyroscope; picture-in-picture; web-share\" referrerpolicy=\"strict-origin-when-cross-origin\" allowfullscreen><\/iframe>\n<\/div><\/figure>\n","protected":false},"excerpt":{"rendered":"<p>O alem\u00e3o destacou as boas conquistas com a escuderia de Maranello nas seis temporadas juntos, mas lamentou n\u00e3o ter sido campe\u00e3o usando as cores do time italiano<\/p>\n","protected":false},"author":0,"featured_media":1000396729,"comment_status":"closed","ping_status":"closed","sticky":false,"template":"","format":"standard","meta":{"42wp_featured_image_caption":"","42wp_featured_image_credits":"","42wp_featured_video":"","42wp_featured_image_hidden":false,"42wp_authors_list":[],"footnotes":""},"categories":[2],"tags":[147,207,24837,24860,210,24908],"42wp_author":[47109],"class_list":["post-128816","post","type-post","status-publish","format-standard","has-post-thumbnail","hentry","category-f1","tag-f1","tag-ferrari","tag-formula-1-2","tag-formula-1-2020-2","tag-sebastian-vettel","tag-temporada-2020-formula-1","42wp_author-redacao-gp"],"_links":{"self":[{"href":"https:\/\/grandepremio.com\/br\/wp-json\/wp\/v2\/posts\/128816","targetHints":{"allow":["GET"]}}],"collection":[{"href":"https:\/\/grandepremio.com\/br\/wp-json\/wp\/v2\/posts"}],"about":[{"href":"https:\/\/grandepremio.com\/br\/wp-json\/wp\/v2\/types\/post"}],"replies":[{"embeddable":true,"href":"https:\/\/grandepremio.com\/br\/wp-json\/wp\/v2\/comments?post=128816"}],"version-history":[{"count":0,"href":"https:\/\/grandepremio.com\/br\/wp-json\/wp\/v2\/posts\/128816\/revisions"}],"wp:featuredmedia":[{"embeddable":true,"href":"https:\/\/grandepremio.com\/br\/wp-json\/wp\/v2\/media\/1000396729"}],"wp:attachment":[{"href":"https:\/\/grandepremio.com\/br\/wp-json\/wp\/v2\/media?parent=128816"}],"wp:term":[{"taxonomy":"category","embeddable":true,"href":"https:\/\/grandepremio.com\/br\/wp-json\/wp\/v2\/categories?post=128816"},{"taxonomy":"post_tag","embeddable":true,"href":"https:\/\/grandepremio.com\/br\/wp-json\/wp\/v2\/tags?post=128816"},{"taxonomy":"42wp_author","embeddable":true,"href":"https:\/\/grandepremio.com\/br\/wp-json\/wp\/v2\/42wp_author?post=128816"}],"curies":[{"name":"wp","href":"https:\/\/api.w.org\/{rel}","templated":true}]}}