{"id":128849,"date":"2020-07-21T08:35:13","date_gmt":"2020-07-21T11:35:13","guid":{"rendered":"https:\/\/grandepremio.com\/br\/noticias\/chamado-de-militante-por-mario-andretti-hamilton-se-decepciona-pura-ignorancia\/"},"modified":"2020-07-21T12:39:57","modified_gmt":"2020-07-21T15:39:57","slug":"chamado-de-militante-por-mario-andretti-hamilton-se-decepciona-pura-ignorancia","status":"publish","type":"post","link":"https:\/\/grandepremio.com\/br\/f1\/chamado-de-militante-por-mario-andretti-hamilton-se-decepciona-pura-ignorancia\/","title":{"rendered":"Chamado de \u201cmilitante\u201d por Mario Andretti, Hamilton se decepciona: \u201cPura ignor\u00e2ncia\u201d"},"content":{"rendered":"\n<figure class=\"wp-block-embed-youtube wp-block-embed is-type-video is-provider-youtube wp-embed-aspect-16-9 wp-has-aspect-ratio\"><div class=\"wp-block-embed__wrapper\">\n<iframe loading=\"lazy\" title=\"HAMILTON, hepta na F1? Que ser\u00e1 de M\u00c1RQUEZ na MotoGP? E a Indy? | Paddock #206\" width=\"500\" height=\"281\" src=\"https:\/\/www.youtube.com\/embed\/TP82pKieHhY?feature=oembed\" frameborder=\"0\" allow=\"accelerometer; autoplay; clipboard-write; encrypted-media; gyroscope; picture-in-picture; web-share\" referrerpolicy=\"strict-origin-when-cross-origin\" allowfullscreen><\/iframe>\n<\/div><\/figure>\n\n\n\n<p class=\"wp-block-paragraph\">\u00danico piloto preto na hist\u00f3ria da F\u00f3rmula 1 e cada vez mais perto de tornar-se o competidor mais bem-sucedido de todos em n\u00famero de t\u00edtulos e vit\u00f3rias, Lewis Hamilton vive momento sublime nas pistas e, fora delas, levanta uma luta solit\u00e1ria ao ser uma voz \u00edmpar no meio da categoria ao se levantar frontalmente contra o racismo, a desigualdade social e todo tipo de preconceito. As manifesta\u00e7\u00f5es antirracistas lideradas pelo hexacampe\u00e3o mundial, no entanto, continuam a irritar parte da chamada maioria branca, que enxerga na atitude do brit\u00e2nico de 35 anos como \u201cmilit\u00e2ncia\u201d.<\/p>\n\n\n\n<p class=\"wp-block-paragraph\">Semanas atr\u00e1s, <a href=\"https:\/\/www.grandepremio.com\/br\/f1\/noticias\/formula-1-repudia-declaracoes-de-ecclestone-sobre-racismo-e-demarca-distancia\/\">Bernie Ecclestone n\u00e3o somente minimizou os protestos<\/a> \u2014 que ganharam corpo ao redor do mundo depois do assassinato de George Floyd pelo policial branco Derek Chauvin em 25 de maio em Minneapolis, nos Estados Unidos \u2014, <a href=\"https:\/\/www.grandepremio.com\/br\/f1\/noticias\/formula-1-repudia-declaracoes-de-ecclestone-sobre-racismo-e-demarca-distancia\/\">mas foi al\u00e9m ao usar uma express\u00e3o racista para justificar o racismo<\/a>. Agora foi a vez de Mario Andretti, campe\u00e3o mundial de F1 em 1978, criticar Hamilton pelas manifesta\u00e7\u00f5es dentro e fora das pistas. O norte-americano de origem italiana, branco de 80 anos, foi frontalmente rebatido pelo hexacampe\u00e3o.<\/p>\n\n\n\n<figure class=\"wp-block-image size-large\"><img decoding=\"async\" src=\"https:\/\/www.grandepremio.com\/br\/wp-content\/uploads\/2020\/07\/000_1V25QZ-1024x683.jpg\" alt=\"\" class=\"wp-image-395477\"\/><figcaption>Lewis Hamilton criticou as falas de Mario Andretti e Jackie Stewart sobre os protestos antirracistas (Foto: AFP)<\/figcaption><\/figure>\n\n\n\n<p class=\"wp-block-paragraph\">Em entrevista ao jornal chileno El Mercurio concedida na semana passada, o patriarca dos Andretti afirmou: &#8220;Respeito muito Lewis, mas por que se converter num militante? Ele sempre foi aceito e ganhou o respeito de todo mundo. Acho que o objetivo disso \u00e9 pretensioso. Sinto muito, ele est\u00e1 criando um problema que n\u00e3o existe.&#8221;<\/p>\n\n\n\n<p class=\"wp-block-paragraph\">Nos stories de sua conta no Instagram, Hamilton criticou as declara\u00e7\u00f5es de Mario. &#8220;Isso \u00e9 decepcionante, mas infelizmente \u00e9 uma realidade que algumas das gera\u00e7\u00f5es mais velhas que ainda hoje t\u00eam voz n\u00e3o conseguem sair do seu pr\u00f3prio caminho e n\u00e3o reconhecem que h\u00e1 um problema.&#8221;<\/p>\n\n\n\n<p class=\"wp-block-paragraph\">&#8220;Novamente, isso \u00e9 pura ignor\u00e2ncia, mas n\u00e3o vai me impedir de continuar lutando por mudan\u00e7as&#8221;, garantiu o l\u00edder da temporada 2020 do Mundial de F\u00f3rmula 1.<\/p>\n\n\n\n<p class=\"wp-block-paragraph\">Outro campe\u00e3o a negar a exist\u00eancia do racismo foi Jackie Stewart que, ao site Good Morning Britain, disse que &#8220;ele [Hamilton] fala muito a respeito disso, mas n\u00e3o acho que exista um problema t\u00e3o grande. N\u00e3o h\u00e1 resist\u00eancia \u00e0 mudan\u00e7a. Se [pretos] forem bons no que fazem, v\u00e3o ser aceitos na F\u00f3rmula 1&#8221;.<\/p>\n\n\n\n<p class=\"wp-block-paragraph\">Hamilton se mostrou decepcionado com o coment\u00e1rio do ex-piloto escoc\u00eas, hoje com 81 anos. &#8220;Nunca \u00e9 tarde para aprender e espero que este homem pelo qual sempre tive respeito possa dedicar algum tempo para se educar&#8221;, rebateu o recordista de poles e a cinco triunfos de superar Michael Schumacher para tornar-se o maior vencedor da hist\u00f3ria da F1.<\/p>\n\n\n\n<figure class=\"wp-block-embed-youtube wp-block-embed is-type-video is-provider-youtube wp-embed-aspect-16-9 wp-has-aspect-ratio\"><div class=\"wp-block-embed__wrapper\">\n<iframe loading=\"lazy\" title=\"F1 2020: Hamilton dominante de novo - a an\u00e1lise do GP DA HUNGRIA | Briefing\" width=\"500\" height=\"281\" src=\"https:\/\/www.youtube.com\/embed\/n9rftPaqFSY?feature=oembed\" frameborder=\"0\" allow=\"accelerometer; autoplay; clipboard-write; encrypted-media; gyroscope; picture-in-picture; web-share\" referrerpolicy=\"strict-origin-when-cross-origin\" allowfullscreen><\/iframe>\n<\/div><\/figure>\n","protected":false},"excerpt":{"rendered":"<p>Recentemente, o campe\u00e3o mundial de F\u00f3rmula 1 em 1978 afirmou que Lewis Hamilton \u201cest\u00e1 criando um problema que n\u00e3o existe\u201d ao se manifestar de forma enf\u00e1tica contra o racismo. O hexacampe\u00e3o rebateu: \u201cN\u00e3o vai me impedir de continuar lutando por mudan\u00e7as\u201d<\/p>\n","protected":false},"author":0,"featured_media":1000389564,"comment_status":"closed","ping_status":"closed","sticky":false,"template":"","format":"standard","meta":{"42wp_featured_image_caption":"","42wp_featured_image_credits":"","42wp_featured_video":"","42wp_featured_image_hidden":false,"42wp_authors_list":[],"footnotes":""},"categories":[2],"tags":[147,118,24837,24836,3435,87,531,2545],"42wp_author":[47109],"class_list":["post-128849","post","type-post","status-publish","format-standard","has-post-thumbnail","hentry","category-f1","tag-f1","tag-f1-2020","tag-formula-1-2","tag-grande-premio-2","tag-jackie-stewart","tag-lewis-hamilton","tag-mario-andretti","tag-racismo","42wp_author-redacao-gp"],"_links":{"self":[{"href":"https:\/\/grandepremio.com\/br\/wp-json\/wp\/v2\/posts\/128849","targetHints":{"allow":["GET"]}}],"collection":[{"href":"https:\/\/grandepremio.com\/br\/wp-json\/wp\/v2\/posts"}],"about":[{"href":"https:\/\/grandepremio.com\/br\/wp-json\/wp\/v2\/types\/post"}],"replies":[{"embeddable":true,"href":"https:\/\/grandepremio.com\/br\/wp-json\/wp\/v2\/comments?post=128849"}],"version-history":[{"count":0,"href":"https:\/\/grandepremio.com\/br\/wp-json\/wp\/v2\/posts\/128849\/revisions"}],"wp:featuredmedia":[{"embeddable":true,"href":"https:\/\/grandepremio.com\/br\/wp-json\/wp\/v2\/media\/1000389564"}],"wp:attachment":[{"href":"https:\/\/grandepremio.com\/br\/wp-json\/wp\/v2\/media?parent=128849"}],"wp:term":[{"taxonomy":"category","embeddable":true,"href":"https:\/\/grandepremio.com\/br\/wp-json\/wp\/v2\/categories?post=128849"},{"taxonomy":"post_tag","embeddable":true,"href":"https:\/\/grandepremio.com\/br\/wp-json\/wp\/v2\/tags?post=128849"},{"taxonomy":"42wp_author","embeddable":true,"href":"https:\/\/grandepremio.com\/br\/wp-json\/wp\/v2\/42wp_author?post=128849"}],"curies":[{"name":"wp","href":"https:\/\/api.w.org\/{rel}","templated":true}]}}