{"id":128886,"date":"2020-07-19T16:49:09","date_gmt":"2020-07-19T19:49:09","guid":{"rendered":"https:\/\/grandepremio.com\/br\/noticias\/confira-declaracoes-dos-pilotos-apos-gp-da-hungria-3a-etapa-da-formula-1-2020\/"},"modified":"2020-07-19T17:06:20","modified_gmt":"2020-07-19T20:06:20","slug":"confira-declaracoes-dos-pilotos-apos-gp-da-hungria-3a-etapa-da-formula-1-2020","status":"publish","type":"post","link":"https:\/\/grandepremio.com\/br\/f1\/confira-declaracoes-dos-pilotos-apos-gp-da-hungria-3a-etapa-da-formula-1-2020\/","title":{"rendered":"Confira declara\u00e7\u00f5es dos pilotos ap\u00f3s GP da Hungria, 3\u00aa etapa da F\u00f3rmula 1 2020"},"content":{"rendered":"\n<figure class=\"wp-block-embed-youtube wp-block-embed is-type-video is-provider-youtube wp-embed-aspect-16-9 wp-has-aspect-ratio\"><div class=\"wp-block-embed__wrapper\">\n<iframe loading=\"lazy\" title=\"F1 2020: Hamilton dominante de novo - a an\u00e1lise do GP DA HUNGRIA | Briefing\" width=\"500\" height=\"281\" src=\"https:\/\/www.youtube.com\/embed\/n9rftPaqFSY?feature=oembed\" frameborder=\"0\" allow=\"accelerometer; autoplay; clipboard-write; encrypted-media; gyroscope; picture-in-picture; web-share\" referrerpolicy=\"strict-origin-when-cross-origin\" allowfullscreen><\/iframe>\n<\/div><\/figure>\n\n\n\n<p class=\"wp-block-paragraph\"><a href=\"https:\/\/www.grandepremio.com\/br\/f1\/noticias\/hamilton-vence-com-folga-movimentado-gp-da-hungria-verstappen-vai-do-drama-ao-podio\/\">Lewis Hamilton dominou o GP da Hungria deste domingo (19)<\/a>. Largando na ponta, o #44 liderou todas as voltas, fez a volta mais r\u00e1pida e terminou a prova com 8s702 de vantagem para Max Verstappen, que bateu antes da largada e foi o segundo colocado. Valtteri Bottas recuperou-se de uma largada ruim e terminou em terceiro, fechando o p\u00f3dio.<\/p>\n\n\n\n<p class=\"wp-block-paragraph\">Lance Stroll acabou em quarto, com Alexander Albon superando Sebastian Vettel nas voltas finais para ficar em quinto. Sergio P\u00e9rez foi o s\u00e9timo, com Daniel Ricciardo em oitavo. Kevin Magnussen, na pista, terminou em nono, mas foi punido em dez segundos e teve a posi\u00e7\u00e3o final invertida com Carlos Sainz Jr., fechando assim o top-10.<\/p>\n\n\n\n<p class=\"wp-block-paragraph\">Charles Leclerc voltou a decepcionar e terminou em 11\u00ba, seguido por Daniil Kvyat, Lando Norris, Esteban Ocon, Kimi R\u00e4ikk\u00f6nen, Romain Grosjean, Antonio Giovinazzi, George Russel e Nicholas Latifi.<\/p>\n\n\n\n<p class=\"wp-block-paragraph\">Com problemas durante todo o final de semana, Pierre Gasly foi o \u00fanico abandono da prova h\u00fangara, ainda na volta 18.<\/p>\n\n\n\n<figure class=\"wp-block-image size-large\"><img decoding=\"async\" src=\"https:\/\/www.grandepremio.com\/br\/wp-content\/uploads\/2020\/07\/000_1VG012-1024x706.jpg\" alt=\"\" class=\"wp-image-398399\"\/><figcaption>Largada do GP da Hungria 2020 de F\u00f3rmula 1 (Foto: AFP)<\/figcaption><\/figure>\n\n\n\n<p class=\"wp-block-paragraph\"><strong>Confira as declara\u00e7\u00f5es dos pilotos:<\/strong><\/p>\n\n\n\n<p class=\"wp-block-paragraph\"><strong>Lewis Hamilton, vencedor:<\/strong> <a href=\"https:\/\/www.grandepremio.com\/br\/f1\/noticias\/hamilton-comemora-grande-estrategia-da-mercedes-em-vitoria-na-hungria-perfeitos\/\">Hamilton comemora \u201cgrande estrat\u00e9gia\u201d da Mercedes em vit\u00f3ria na Hungria: \u201cPerfeitos\u201d<\/a><\/p>\n\n\n\n<p class=\"wp-block-paragraph\"><strong>Max Verstappen, segundo:<\/strong> <a href=\"https:\/\/www.grandepremio.com\/br\/f1\/noticias\/verstappen-agradece-mecanicos-incriveis-e-comemora-segundo-lugar-como-vitoria\/\">Verstappen agradece mec\u00e2nicos \u201cincr\u00edveis\u201d e comemora segundo lugar \u201ccomo vit\u00f3ria\u201d<\/a><\/p>\n\n\n\n<p class=\"wp-block-paragraph\"><strong>Valtteri Bottas, terceiro:<\/strong> <a href=\"https:\/\/www.grandepremio.com\/br\/f1\/noticias\/bottas-explica-erro-na-largada-e-lamenta-corrida-bem-ruim-na-hungria\/\">Bottas explica erro na largada e lamenta \u201ccorrida bem ruim\u201d na Hungria<\/a><\/p>\n\n\n\n<p class=\"wp-block-paragraph\"><strong>Lance Stroll, quarto:<\/strong> <a href=\"https:\/\/www.grandepremio.com\/br\/f1\/noticias\/stroll-fala-em-felicidade-por-4o-na-hungria-mas-perez-lamenta-longe-da-melhor-forma\/\">Stroll fala em felicidade por 4\u00ba na Hungria, mas P\u00e9rez lamenta: \u201cLonge da melhor forma\u201d<\/a><\/p>\n\n\n\n<p class=\"wp-block-paragraph\"><strong>Alexander Albon, quinto:<\/strong> <a href=\"https:\/\/www.grandepremio.com\/br\/f1\/noticias\/5o-albon-elogia-ritmo-da-red-bull-e-ignora-investigacao-nao-estou-preocupado\/\">5\u00ba, Albon elogia ritmo da Red Bull e ignora investiga\u00e7\u00e3o: \u201cN\u00e3o estou preocupado\u201d<\/a><\/p>\n\n\n\n<p class=\"wp-block-paragraph\"><strong>Sebastian Vettel, sexto:<\/strong> <a href=\"https:\/\/www.grandepremio.com\/br\/f1\/noticias\/vettel-diz-que-ferrari-voltou-ao-normal-com-6-na-hungria-leclerc-se-decepciona\/\">Vettel diz que Ferrari \u201cvoltou ao normal\u201d com 6\u00b0 na Hungria. Leclerc se decepciona<\/a><\/p>\n\n\n\n<p class=\"wp-block-paragraph\"><strong>Sergio P\u00e9rez, s\u00e9timo:<\/strong> <a href=\"https:\/\/www.grandepremio.com\/br\/f1\/noticias\/stroll-fala-em-felicidade-por-4o-na-hungria-mas-perez-lamenta-longe-da-melhor-forma\/\">Stroll fala em felicidade por 4\u00ba na Hungria, mas P\u00e9rez lamenta: \u201cLonge da melhor forma\u201d<\/a><\/p>\n\n\n\n<figure class=\"wp-block-image size-large\"><img decoding=\"async\" src=\"https:\/\/www.grandepremio.com\/br\/wp-content\/uploads\/2020\/07\/racingpoint-lancestroll-02-4-1024x683.jpg\" alt=\"\" class=\"wp-image-398590\"\/><figcaption>Festa na Racing Point pela quarta posi\u00e7\u00e3o de Lance Stroll (Foto: Racing Point)<\/figcaption><\/figure>\n\n\n\n<p class=\"wp-block-paragraph\"><strong>Daniel Ricciardo, oitavo: <\/strong>Bastante coisa aconteceu na corrida e, como um todo, estou feliz. Eu fiz de tudo e sinto que tirei o m\u00e1ximo que podia do carro. Nossa largada foi boa e todo mundo ao nosso redor colocou slicks bem cedo. Mostramos bom ritmo com m\u00e9dios e quase alcan\u00e7amos o top-6 no fim. Oitavo lugar era o m\u00e1ximo poss\u00edvel, e j\u00e1 conseguimos oitavos em cada corrida at\u00e9 aqui. N\u00e3o \u00e9 ruim, mas sinto que temos velocidade para ir al\u00e9m. N\u00e3o estamos longe dos seis primeiros, estamos chegando l\u00e1. Sabemos que resultados melhores est\u00e3o logo ali.\u201d<\/p>\n\n\n\n<p class=\"wp-block-paragraph\"><strong>Carlos Sainz Jr., nono:<\/strong> <a href=\"https:\/\/www.grandepremio.com\/br\/f1\/noticias\/norris-lamenta-falha-em-largada-no-molhado-na-hungria-sainz-pontua-mas-ve-dia-duro\/\">Norris lamenta falha em largada no molhado na Hungria. Sainz pontua, mas v\u00ea \u201cdia duro\u201d<\/a><\/p>\n\n\n\n<p class=\"wp-block-paragraph\"><strong>Kevin Magnussen, d\u00e9cimo:<\/strong> \u201cFoi uma boa manobra da equipe [colocar slicks antes da largada]. Eu falei pelo r\u00e1dio que estava seco demais para intermedi\u00e1rios, ent\u00e3o fizemos nossa aposta. As primeiras voltas foram complicadas, mas tudo se encaixou depois. O ritmo foi bom. O pneu dianteiro esquerdo come\u00e7ou a se esfarelar porque n\u00e3o o cuidamos t\u00e3o bem. Estava indo bem, mas depois o Albon fez uma manobra de \u00faltima hora e me acertou na primeira curva. Acertou minha asa dianteira, que ficou danificada. Fiquei com muito menos ritmo no carro depois. Tentamos algumas coisas, mas n\u00e3o deu para seguir nos pontos.\u201d<\/p>\n\n\n\n<p class=\"wp-block-paragraph\"><strong>Charles Leclerc, 11\u00ba:<\/strong> <a href=\"https:\/\/www.grandepremio.com\/br\/f1\/noticias\/vettel-diz-que-ferrari-voltou-ao-normal-com-6-na-hungria-leclerc-se-decepciona\/\">Vettel diz que Ferrari \u201cvoltou ao normal\u201d com 6\u00b0 na Hungria. Leclerc se decepciona<\/a><\/p>\n\n\n\n<p class=\"wp-block-paragraph\"><strong>Daniil Kvyat, 12\u00ba:<\/strong> &#8220;Fiquei feliz com o ritmo de corrida hoje. Ultrapassei alguns carros na primeira volta e fiz uma boa chamada para trocar os pneus no momento certo. Ap\u00f3s as paradas nos boxes, acabei atr\u00e1s de alguns carros que eu j\u00e1 tinha ultrapassado no come\u00e7o da prova. Preciso rever a corrida para entender isso melhor, pois achei que tinha chance de pontuar hoje, ent\u00e3o terminar em 12\u00ba n\u00e3o \u00e9 satisfat\u00f3rio. Ainda estou trabalhando para entender o carro com meus engenheiros e aprendemos muito nas \u00faltimas tr\u00eas corridas. Toda volta \u00e9 importante e vamos tentar diferentes solu\u00e7\u00f5es para adequar o carro ao meu estilo de pilotagem para Silverstone.&#8221;<\/p>\n\n\n\n<p class=\"wp-block-paragraph\"><strong>Lando Norris, 13\u00ba:<\/strong> <a href=\"https:\/\/www.grandepremio.com\/br\/f1\/noticias\/norris-lamenta-falha-em-largada-no-molhado-na-hungria-sainz-pontua-mas-ve-dia-duro\/\">Norris lamenta falha em largada no molhado na Hungria. Sainz pontua, mas v\u00ea \u201cdia duro\u201d<\/a><\/p>\n\n\n\n<figure class=\"wp-block-image size-large\"><img decoding=\"async\" src=\"https:\/\/www.grandepremio.com\/br\/wp-content\/uploads\/2020\/07\/mclaren-landonorris-02-3-1024x683.jpg\" alt=\"\" class=\"wp-image-398584\"\/><figcaption>Lando Norris e a McLaren n\u00e3o tiveram bom desempenho no Hungaroring (Foto: McLaren)<\/figcaption><\/figure>\n\n\n\n<p class=\"wp-block-paragraph\"><strong>Esteban Ocon, 14\u00ba:<\/strong> \u201cFoi um fim de semana duro desde o come\u00e7o. N\u00e3o estamos felizes, claro, porque n\u00e3o \u00e9 um grande resultado. Estamos todos decepcionados e s\u00f3 podemos melhorar daqui pra frente. Precisamos aprender, ir em frente e voltar mais fortes. Muita coisa aconteceu na corrida, mas n\u00e3o progredimos em qualquer condi\u00e7\u00e3o de pista. Precisamos revisar tudo e trabalhar pesado para evitar esses resultados. As duas primeiras provas foram decentes, mas n\u00e3o melhoramos muito para essa.&#8221;<\/p>\n\n\n\n<p class=\"wp-block-paragraph\"><strong>Kimi R\u00e4ikk\u00f6nen, 15\u00ba: <\/strong> &#8220;N\u00e3o foi uma corrida movimentada para mim. Infelizmente, largando da posi\u00e7\u00e3o que est\u00e1vamos significava um trabalho muito dif\u00edcil \u00e0 frente. Fizemos o poss\u00edvel, mas n\u00e3o foi suficiente para pontos. Nosso ritmo n\u00e3o era ruim, consegui ganhar posi\u00e7\u00f5es na largada, mas a puni\u00e7\u00e3o me jogou para o fundo de novo. O grid estava escorregadio, acabei passando do colchete e n\u00e3o tive tempo para dar r\u00e9. Poder\u00edamos conquistar mais posi\u00e7\u00f5es, ent\u00e3o \u00e9 uma pena. Temos de trabalhar para melhorar nossa classifica\u00e7\u00e3o, mas podemos nos manter positivos pelo desempenho nos domingos.&#8221;<\/p>\n\n\n\n<p class=\"wp-block-paragraph\"><strong>Romain Grosjean, 16\u00ba:<\/strong> \u201cFoi uma boa manobra da equipe [colocar slicks antes da largada]. Eu falei pelo r\u00e1dio que estava seco demais para intermedi\u00e1rios, ent\u00e3o fizemos nossa aposta. As primeiras voltas foram complicadas, mas tudo se encaixou depois. O ritmo foi bom. O pneu dianteiro esquerdo come\u00e7ou a se esfarelar porque n\u00e3o o cuidamos t\u00e3o bem. Estava indo bem, mas depois o Albon fez uma manobra de \u00faltima hora e me acertou na primeira curva. Acertou minha asa dianteira, que ficou danificada. Fiquei com muito menos ritmo no carro depois. Tentamos algumas coisas, mas n\u00e3o deu para seguir nos pontos.&#8221;<\/p>\n\n\n\n<p class=\"wp-block-paragraph\"><strong>Antonio Giovinazzi, 17\u00ba:<\/strong> &#8220;Sabia que seria dif\u00edcil depois da classifica\u00e7\u00e3o, mas pelo menos podemos ficar satisfeitos com o ritmo que tivemos no fim da corrida. Minha largada foi OK, mas trocamos para os pneus macios na primeira passada e eles estavam longe de ser o melhor composto hoje. Isso me custou muito tempo, e na hora que coloquei os duros, que eram muito melhores, j\u00e1 era tarde para recuperar posi\u00e7\u00f5es. A pausa antes de Silverstone ser\u00e1 muito importante para entendermos o que aconteceu nas \u00faltimas semanas. Precisamos trabalhar muito para melhorar o carro e estar em melhor forma na pr\u00f3xima rodada tripla.&#8221;<\/p>\n\n\n\n<p class=\"wp-block-paragraph\"><strong>George Russell, 18\u00ba:<\/strong> &#8220;Fizemos uma largada ruim na pista molhada e estava muito escorregadia. Acho que tudo mundo do lado interno estava sofrendo por alguma raz\u00e3o. A partir da\u00ed, nosso ritmo foi muito ruim, precisamos entender o que aconteceu. No ano passado foi o contr\u00e1rio, tivemos um ritmo melhor na corrida do que na classifica\u00e7\u00e3o. Agora fomos mais r\u00e1pidos no s\u00e1bado do que no domingo. Entretanto, se olharmos para os passos dados, especialmente aos s\u00e1bados, estamos relativamente gratos. Temos muitas coisas positivas, mas precisamos verificar os pontos negativos e fazer o ritmo do carro melhorar.&#8221;<\/p>\n\n\n\n<p class=\"wp-block-paragraph\"><strong>Nicholas Latifi, 19\u00ba:<\/strong> &#8220;Tive boa largada e uma decente primeira volta, ent\u00e3o tudo aconteceu nos boxes. Infelizmente pegamos o pitlane muito cheio. Tive um furo no pneu e isso causou muitos danos ao levar novamente o carro para os boxes. Perdemos um peda\u00e7o do assoalho, ent\u00e3o manter o carro na pista foi bem dif\u00edcil. Hoje n\u00e3o era meu dia, fui azarado, mas existem pontos positivos para tirar do s\u00e1bado. Precisamos reiniciar para Silverstone.&#8221;<\/p>\n\n\n\n<p class=\"wp-block-paragraph\"><strong>Pierre Gasly, abandonou:<\/strong> &#8220;Foi um final de semana muito dif\u00edcil para n\u00f3s. Por alguma raz\u00e3o, sofremos o tempo todo com alguns problemas. Hoje tivemos um problema trem de for\u00e7a desde o in\u00edcio da corrida, ent\u00e3o abandonamos. \u00c9 uma decep\u00e7\u00e3o, mas tivemos azares ao longo dos dias. Agora temos um tempo at\u00e9 Silverstone e espero estar melhor l\u00e1.&#8221;<\/p>\n","protected":false},"excerpt":{"rendered":"<p>Dono da pole, Lewis Hamilton venceu com facilidade o GP da Hungria deste domingo (19). Max Verstappen se recuperou de um erro antes da largada para assegurar o segundo lugar e Valtteri Bottas completou o p\u00f3dio<\/p>\n","protected":false},"author":0,"featured_media":1000398398,"comment_status":"closed","ping_status":"closed","sticky":false,"template":"","format":"standard","meta":{"42wp_featured_image_caption":"","42wp_featured_image_credits":"","42wp_featured_video":"","42wp_featured_image_hidden":false,"42wp_authors_list":[],"footnotes":""},"categories":[2],"tags":[654,457,524,456,25390,209,969,211,781,302,147,118,207,24837,24860,800,1647,119,117,24834,485,547,87,203,90,82,801,676,310,204,229,120,210,3132,612,215],"42wp_author":[47109],"class_list":["post-128886","post","type-post","status-publish","format-standard","has-post-thumbnail","hentry","category-f1","tag-alexander-albon","tag-alfa-romeo","tag-alphatauri","tag-antonio-giovinazzi","tag-carlos-sainz-jr-2","tag-charles-leclerc","tag-corrida","tag-daniel-ricciardo","tag-daniil-kvyat","tag-esteban-ocon","tag-f1","tag-f1-2020","tag-ferrari","tag-formula-1-2","tag-formula-1-2020-2","tag-george-russell","tag-gp-da-hungria","tag-haas","tag-kevin-magnussen","tag-kimi-raikkonen-2","tag-lance-stroll","tag-lando-norris","tag-lewis-hamilton","tag-max-verstappen","tag-mclaren","tag-mercedes","tag-nicholas-latifi","tag-pierre-gasly","tag-racing-point","tag-red-bull","tag-renault","tag-romain-grosjean","tag-sebastian-vettel","tag-sergio-perez","tag-valtteri-bottas","tag-williams","42wp_author-redacao-gp"],"_links":{"self":[{"href":"https:\/\/grandepremio.com\/br\/wp-json\/wp\/v2\/posts\/128886","targetHints":{"allow":["GET"]}}],"collection":[{"href":"https:\/\/grandepremio.com\/br\/wp-json\/wp\/v2\/posts"}],"about":[{"href":"https:\/\/grandepremio.com\/br\/wp-json\/wp\/v2\/types\/post"}],"replies":[{"embeddable":true,"href":"https:\/\/grandepremio.com\/br\/wp-json\/wp\/v2\/comments?post=128886"}],"version-history":[{"count":0,"href":"https:\/\/grandepremio.com\/br\/wp-json\/wp\/v2\/posts\/128886\/revisions"}],"wp:featuredmedia":[{"embeddable":true,"href":"https:\/\/grandepremio.com\/br\/wp-json\/wp\/v2\/media\/1000398398"}],"wp:attachment":[{"href":"https:\/\/grandepremio.com\/br\/wp-json\/wp\/v2\/media?parent=128886"}],"wp:term":[{"taxonomy":"category","embeddable":true,"href":"https:\/\/grandepremio.com\/br\/wp-json\/wp\/v2\/categories?post=128886"},{"taxonomy":"post_tag","embeddable":true,"href":"https:\/\/grandepremio.com\/br\/wp-json\/wp\/v2\/tags?post=128886"},{"taxonomy":"42wp_author","embeddable":true,"href":"https:\/\/grandepremio.com\/br\/wp-json\/wp\/v2\/42wp_author?post=128886"}],"curies":[{"name":"wp","href":"https:\/\/api.w.org\/{rel}","templated":true}]}}