{"id":128909,"date":"2020-07-19T10:57:40","date_gmt":"2020-07-19T13:57:40","guid":{"rendered":"https:\/\/grandepremio.com\/br\/noticias\/marc-marquez-fratura-braco-direito-apos-forte-acidente-durante-gp-da-espanha\/"},"modified":"2020-07-19T19:51:05","modified_gmt":"2020-07-19T22:51:05","slug":"marc-marquez-fratura-braco-direito-apos-forte-acidente-durante-gp-da-espanha","status":"publish","type":"post","link":"https:\/\/grandepremio.com\/br\/motogp\/marc-marquez-fratura-braco-direito-apos-forte-acidente-durante-gp-da-espanha\/","title":{"rendered":"Marc M\u00e1rquez fratura bra\u00e7o direito ap\u00f3s forte acidente durante GP da Espanha"},"content":{"rendered":"<p><meta http-equiv=\"refresh\" content=\"150; url=http:\/\/www.grandepremio.com\/br\/indy\/noticias\/iowa-tem-primeira-prova-da-eficiencia-do-aeroscreen-em-acidentes-assustadores\/?fl=true&amp;utm_source=lance target=\" _blank\"=\"\"><\/p>\n\n\n<p class=\"wp-block-paragraph\">Marc M\u00e1rquez teve o pior come\u00e7o de temporada poss\u00edvel na MotoGP. O hexacampe\u00e3o fraturou o bra\u00e7o direito <a href=\"https:\/\/www.grandepremio.com\/br\/motogp\/noticias\/marc-marquez-sofre-queda-forte-na-espanha-e-deixa-pista-de-ambulancia\/?fl=true&amp;utm_source=lance\">ap\u00f3s sofrer uma violenta queda e abandonar no final<\/a> do GP da Espanha deste domingo (19).<\/p>\n\n\n\n<p class=\"wp-block-paragraph\">O espanhol vinha forte na primeira parte da disputa, assumindo a primeira posi\u00e7\u00e3o ap\u00f3s ultrapassar Maverick Vi\u00f1ales. Entretanto, ainda nos giros iniciais, teve de salvar uma queda e acabou indo para 16\u00ba.<\/p>\n\n\n\n<p class=\"wp-block-paragraph\">Em corrida de recupera\u00e7\u00e3o, estava em terceiro restando quatro voltas para a bandeira quadriculada. Mas um novo erro cobrou caro ao espanhol: caiu com for\u00e7a na curva 4, abandonou a corrida e deixou o circuito de ambul\u00e2ncia.<\/p>\n\n\n\n<figure class=\"wp-block-video\"><video class=\"video-js vjs-big-play-centered\" data-gp-vjs=\"1\" controls src=\"https:\/\/www.grandepremio.com\/br\/wp-content\/uploads\/2020\/07\/M\u00e1rquez_acidente.mp4\"><\/video><\/figure>\n\n\n\n<p class=\"wp-block-paragraph\">No primeiro momento, foi levado ao centro m\u00e9dico do circuito. \u201cMarc levou um forte golpe em seu bra\u00e7o, agora est\u00e3o checando tudo e fazendo raio-x. Teve de tomar alguns analg\u00e9sicos para diminuir a dor\u201d, explicou Alberto Puig, chefe da Honda.<\/p>\n\n\n\n<p class=\"wp-block-paragraph\">Ap\u00f3s os exames preliminares, constatou-se que Marc teve fratura diafis\u00e1ria transversal no \u00famero direito, o maior osso que se localiza na parte superior do membro, informou o comunicado da Honda. O piloto vai ficar em observa\u00e7\u00e3o em Jerez por 12 horas.<\/p>\n\n\n\n<p class=\"wp-block-paragraph\">Na segunda-feira, volta para Barcelona e vai ser levado ao Hospital Universit\u00e1rio Dexeus, onde passa pela sala de cirurgia no dia seguinte. Quem realiza a opera\u00e7\u00e3o \u00e9 Xavier Mir, m\u00e9dico da MotoGP, e sua equipe. &#8220;O tempo de recupera\u00e7\u00e3o ainda n\u00e3o \u00e9 conhecido. A equipe vai dar uma atualiza\u00e7\u00e3o ap\u00f3s a opera\u00e7\u00e3o&#8221;, completou o time.<\/p>\n\n\n\n<p class=\"wp-block-paragraph\">Com isso, a situa\u00e7\u00e3o complica o campeonato do #93, pois na pr\u00f3xima semana a classe rainha do Mundial disputa a segunda etapa do calend\u00e1rio, tamb\u00e9m em Jerez.<\/p>\n\n\n\n<p class=\"wp-block-paragraph\"><a href=\"https:\/\/www.grandepremio.com\/br\/motogp\/noticias\/quartararo-vence-a-1a-na-motogp-na-espanha-marc-marquez-erra-duas-vezes-e-abandona\/?fl=true&amp;utm_source=lance\">O GP da Espanha foi vencido por Fabio Quartararo, da SRT Yamaha<\/a>.<\/p>\n\n\n\n<figure class=\"wp-block-embed-youtube wp-block-embed is-type-video is-provider-youtube wp-embed-aspect-16-9 wp-has-aspect-ratio\"><div class=\"wp-block-embed__wrapper\">\n<iframe loading=\"lazy\" title=\"F1 2020: Hamilton dominante de novo - a an\u00e1lise do GP DA HUNGRIA | Briefing\" width=\"500\" height=\"281\" src=\"https:\/\/www.youtube.com\/embed\/n9rftPaqFSY?feature=oembed\" frameborder=\"0\" allow=\"accelerometer; autoplay; clipboard-write; encrypted-media; gyroscope; picture-in-picture; web-share\" referrerpolicy=\"strict-origin-when-cross-origin\" allowfullscreen><\/iframe>\n<\/div><\/figure>\n","protected":false},"excerpt":{"rendered":"<p>Pela les\u00e3o sofrida no \u00famero direito, o espanhol vai precisar passar por uma cirurgia em Barcelona na pr\u00f3xima ter\u00e7a-feira<\/p>\n","protected":false},"author":0,"featured_media":1000398214,"comment_status":"closed","ping_status":"closed","sticky":false,"template":"","format":"standard","meta":{"42wp_featured_image_caption":"","42wp_featured_image_credits":"","42wp_featured_video":"","42wp_featured_image_hidden":false,"42wp_authors_list":[],"footnotes":""},"categories":[8],"tags":[996,130,1690,24996,79,174,78,173,889],"42wp_author":[47123],"class_list":["post-128909","post","type-post","status-publish","format-standard","has-post-thumbnail","hentry","category-motogp","tag-gp-da-espanha","tag-honda","tag-jerez","tag-marc-marquez-2","tag-moto-gp","tag-moto-gp-2020","tag-motogp","tag-motogp-2020","tag-temporada-2020-motogp","42wp_author-nathalia-de-vivo"],"_links":{"self":[{"href":"https:\/\/grandepremio.com\/br\/wp-json\/wp\/v2\/posts\/128909","targetHints":{"allow":["GET"]}}],"collection":[{"href":"https:\/\/grandepremio.com\/br\/wp-json\/wp\/v2\/posts"}],"about":[{"href":"https:\/\/grandepremio.com\/br\/wp-json\/wp\/v2\/types\/post"}],"replies":[{"embeddable":true,"href":"https:\/\/grandepremio.com\/br\/wp-json\/wp\/v2\/comments?post=128909"}],"version-history":[{"count":0,"href":"https:\/\/grandepremio.com\/br\/wp-json\/wp\/v2\/posts\/128909\/revisions"}],"wp:featuredmedia":[{"embeddable":true,"href":"https:\/\/grandepremio.com\/br\/wp-json\/wp\/v2\/media\/1000398214"}],"wp:attachment":[{"href":"https:\/\/grandepremio.com\/br\/wp-json\/wp\/v2\/media?parent=128909"}],"wp:term":[{"taxonomy":"category","embeddable":true,"href":"https:\/\/grandepremio.com\/br\/wp-json\/wp\/v2\/categories?post=128909"},{"taxonomy":"post_tag","embeddable":true,"href":"https:\/\/grandepremio.com\/br\/wp-json\/wp\/v2\/tags?post=128909"},{"taxonomy":"42wp_author","embeddable":true,"href":"https:\/\/grandepremio.com\/br\/wp-json\/wp\/v2\/42wp_author?post=128909"}],"curies":[{"name":"wp","href":"https:\/\/api.w.org\/{rel}","templated":true}]}}