{"id":128922,"date":"2020-07-19T05:30:24","date_gmt":"2020-07-19T08:30:24","guid":{"rendered":"https:\/\/grandepremio.com\/br\/noticias\/rins-passa-por-nova-avaliacao-mas-e-barrado-pelos-medicos-no-gp-da-espanha\/"},"modified":"2020-07-19T06:23:16","modified_gmt":"2020-07-19T09:23:16","slug":"rins-passa-por-nova-avaliacao-mas-e-barrado-pelos-medicos-no-gp-da-espanha","status":"publish","type":"post","link":"https:\/\/grandepremio.com\/br\/motogp\/rins-passa-por-nova-avaliacao-mas-e-barrado-pelos-medicos-no-gp-da-espanha\/","title":{"rendered":"Rins passa por nova avalia\u00e7\u00e3o, mas \u00e9 barrado pelos m\u00e9dicos no GP da Espanha"},"content":{"rendered":"\n<p class=\"wp-block-paragraph\">\u00c1lex Rins n\u00e3o vai mesmo disputar o GP da Espanha de <strong><a href=\"https:\/\/www.grandepremio.com\/br\/motogp\/?fl=true&amp;utm_source=lance\">MotoGP<\/a><\/strong> deste domingo (19). O #42 foi submetido a uma nova avalia\u00e7\u00e3o m\u00e9dica nesta manh\u00e3, mas, de novo, foi considerado inapto.<\/p>\n\n\n\n<p class=\"wp-block-paragraph\">O piloto da Suzuki sofreu uma queda na curva 11 de Jerez nos instantes finais da <strong><a href=\"https:\/\/www.grandepremio.com\/br\/motogp\/noticias\/quartararo-destrona-vinales-e-abre-2020-com-pole-na-espanha-marc-marquez-e-3o\/\">classifica\u00e7\u00e3o de s\u00e1bado<\/a><\/strong> e <strong><a href=\"https:\/\/www.grandepremio.com\/br\/motogp\/noticias\/rins-sofre-lesao-no-ombro-em-queda-na-classificacao-e-fica-fora-do-gp-da-espanha\/\">acabou lesionando o ombro direito<\/a><\/strong>. Atendido na Clinica Mobile, \u00c1lex passou por um raio-x que permitiu aos m\u00e9dicos identificarem uma fratura e um deslocamento. Rins recebeu um sedativo leve, teve ombro recolocado na posi\u00e7\u00e3o e foi transferido para um hospital local para passar por novos exames.<\/p>\n\n\n\n<figure class=\"wp-block-image size-large\"><img decoding=\"async\" src=\"https:\/\/pbs.twimg.com\/media\/EdRUi7uXoAAReIX?format=jpg&amp;name=medium\" alt=\"\"\/><figcaption>\u00c1lex Rins passou por novos exames nesta manh\u00e3 (Foto: Suzuki)<\/figcaption><\/figure>\n\n\n\n<figure class=\"wp-block-embed-spotify wp-block-embed is-type-rich is-provider-spotify wp-embed-aspect-21-9 wp-has-aspect-ratio\"><div class=\"wp-block-embed__wrapper\">\n<iframe title=\"Spotify Embed: O que esperar da MotoGP 2020? | Paddockast #70\" style=\"border-radius: 12px\" width=\"100%\" height=\"152\" frameborder=\"0\" allowfullscreen allow=\"autoplay; clipboard-write; encrypted-media; fullscreen; picture-in-picture\" loading=\"lazy\" src=\"https:\/\/open.spotify.com\/embed\/episode\/5HrCv7W9fXW2DyE1X1DUql?utm_source=oembed\"><\/iframe>\n<\/div><figcaption><strong>Paddockast #70 | O QUE ESPERAR DA MOTOGP 2020?<\/strong><br>Ou\u00e7a tamb\u00e9m:&nbsp;<a href=\"http:\/\/podcasts.apple.com\/br\/podcast\/paddockast\/id1371540198\">PODCASTS APPLE<\/a>&nbsp;|&nbsp;<a href=\"https:\/\/www.subscribeonandroid.com\/www.central3.com.br\/category\/podcasts\/paddockast\/feed\/podcast\/\">ANDROID<\/a>&nbsp;|&nbsp;<a href=\"https:\/\/player.fm\/series\/paddockast\">PLAYERFM<\/a><\/figcaption><\/figure>\n\n\n\n<p class=\"wp-block-paragraph\">O companheiro de Joan Mir foi submetido a uma s\u00e9rie de testes, inclusive uma resson\u00e2ncia magn\u00e9tica, que revelou uma fratura sem deslocamento do trocanter, uma junta no topo do \u00famero, e uma prov\u00e1vel ruptura parcial do m\u00fasculo redondo menor adjacente. Rins tem tamb\u00e9m um edema muscular significativo na regi\u00e3o do m\u00fasculo e dos tend\u00f5es, mas a integridade do tend\u00e3o do manguito rotador n\u00e3o foi afetada.<\/p>\n\n\n\n<p class=\"wp-block-paragraph\">\u201cDepois da queda, \u00c1lex passou por uma resson\u00e2ncia magn\u00e9tica no Hospital Jerez Puerta del Sur e isso confirmou algumas les\u00f5es, como danos em m\u00fasculo e ligamento e uma fratura no ombro. Isso significa uma les\u00e3o m\u00faltipla, com um tempo de recupera\u00e7\u00e3o potencialmente longo\u201d, disse Xavier Mir, traumatologista da MotoGP. \u201cDecidimos que ele n\u00e3o precisa de cirurgia e vai come\u00e7ar magnetoterapia para reduzir o edema. Ele tamb\u00e9m far\u00e1 reabilita\u00e7\u00e3o com estimulo el\u00e9trico para tentar correr na semana que vem\u201d, apontou.<\/p>\n\n\n\n<p class=\"wp-block-paragraph\">\u201cConcordamos que era imposs\u00edvel correr hoje e o Dr. [\u00c1ngel] Charte administrou mais alguns potentes analg\u00e9sicos\u201d, completou.<\/p>\n\n\n\n<p class=\"wp-block-paragraph\">Rins lamentou a les\u00e3o e prometeu se empenhar para tentar disputar o GP da Andaluzia, etapa do pr\u00f3ximo fim de semana.<\/p>\n\n\n\n<p class=\"wp-block-paragraph\">\u201c\u00c9 imposs\u00edvel correr hoje aqui em Jerez. \u00c9 realmente desapontador ter sofrido essa les\u00e3o, porque a minha sensa\u00e7\u00e3o com a moto tinha sido realmente boa ao longo do fim de semana\u201d, lamentou Rins. \u201cMas, no momento, preciso pensar em ficar bem o mais r\u00e1pido poss\u00edvel. Os m\u00e9dicos v\u00e3o me ajudar com a reabilita\u00e7\u00e3o na pr\u00f3xima semana e me deram analg\u00e9sicos mais fortes. Vou tentar o m\u00e1ximo para pilotar na semana que vem\u201d, prometeu.<\/p>\n\n\n\n<p class=\"wp-block-paragraph\">Chefe do time, Davide Brivio afirmou que a les\u00e3o fica ainda mais dura por conta da proximidade entre as corridas desta temporada.<\/p>\n\n\n\n<p class=\"wp-block-paragraph\">\u201cEstamos muito desapontados com o fato de \u00c1lex n\u00e3o poder correr, especialmente porque sentimos que t\u00ednhamos a chance de um bom resultado. \u00c1lex foi realmente r\u00e1pido, com um bom ritmo, ent\u00e3o \u00e9 uma pena\u201d, comentou Brivio. \u201c\u00c9 ainda mais dif\u00edcil que isso tenha acontecido em uma temporada t\u00e3o curta. Ele n\u00e3o pode correr hoje, mas durante a pr\u00f3xima semana vamos dar nosso melhor para tentar coloc\u00e1-lo de volta na pista no pr\u00f3ximo fim de semana\u201d, encerrou.<\/p>\n\n\n\n<p class=\"wp-block-paragraph\">O <strong>GRANDE PR\u00caMIO<\/strong> acompanha todas as atividades do <strong><a href=\"https:\/\/www.grandepremio.com\/br\/motogp\/ultimas-noticias\/?fl=true&amp;utm_source=lance\">GP da Espanha<\/a><\/strong>, segunda etapa do Mundial de Motovelocidade 2020.<\/p>\n\n\n\n<figure class=\"wp-block-embed-youtube wp-block-embed is-type-video is-provider-youtube wp-embed-aspect-16-9 wp-has-aspect-ratio\"><div class=\"wp-block-embed__wrapper\">\n<iframe loading=\"lazy\" title=\"ROSSI x LORENZO: um muro de dist\u00e2ncia e o raio-x da rivalidade na MOTOGP\" width=\"500\" height=\"281\" src=\"https:\/\/www.youtube.com\/embed\/wZ6WLbaRY30?feature=oembed\" frameborder=\"0\" allow=\"accelerometer; autoplay; clipboard-write; encrypted-media; gyroscope; picture-in-picture; web-share\" referrerpolicy=\"strict-origin-when-cross-origin\" allowfullscreen><\/iframe>\n<\/div><\/figure>\n\n\n","protected":false},"excerpt":{"rendered":"<p>\u00c1lex Rins sofreu uma fratura no trocanter e uma prov\u00e1vel ruptura parcial do m\u00fasculo redondo menor adjacente em uma queda na classifica\u00e7\u00e3o em Jerez de la Frontera<\/p>\n","protected":false},"author":0,"featured_media":1000398089,"comment_status":"closed","ping_status":"closed","sticky":false,"template":"","format":"standard","meta":{"42wp_featured_image_caption":"","42wp_featured_image_credits":"","42wp_featured_video":"","42wp_featured_image_hidden":false,"42wp_authors_list":[],"footnotes":""},"categories":[8],"tags":[1877,1690,79,174,280,78,173,847,134],"42wp_author":[47109],"class_list":["post-128922","post","type-post","status-publish","format-standard","has-post-thumbnail","hentry","category-motogp","tag-espanha","tag-jerez","tag-moto-gp","tag-moto-gp-2020","tag-motoe","tag-motogp","tag-motogp-2020","tag-mundial-de-motovelocidade","tag-suzuki","42wp_author-redacao-gp"],"_links":{"self":[{"href":"https:\/\/grandepremio.com\/br\/wp-json\/wp\/v2\/posts\/128922","targetHints":{"allow":["GET"]}}],"collection":[{"href":"https:\/\/grandepremio.com\/br\/wp-json\/wp\/v2\/posts"}],"about":[{"href":"https:\/\/grandepremio.com\/br\/wp-json\/wp\/v2\/types\/post"}],"replies":[{"embeddable":true,"href":"https:\/\/grandepremio.com\/br\/wp-json\/wp\/v2\/comments?post=128922"}],"version-history":[{"count":0,"href":"https:\/\/grandepremio.com\/br\/wp-json\/wp\/v2\/posts\/128922\/revisions"}],"wp:featuredmedia":[{"embeddable":true,"href":"https:\/\/grandepremio.com\/br\/wp-json\/wp\/v2\/media\/1000398089"}],"wp:attachment":[{"href":"https:\/\/grandepremio.com\/br\/wp-json\/wp\/v2\/media?parent=128922"}],"wp:term":[{"taxonomy":"category","embeddable":true,"href":"https:\/\/grandepremio.com\/br\/wp-json\/wp\/v2\/categories?post=128922"},{"taxonomy":"post_tag","embeddable":true,"href":"https:\/\/grandepremio.com\/br\/wp-json\/wp\/v2\/tags?post=128922"},{"taxonomy":"42wp_author","embeddable":true,"href":"https:\/\/grandepremio.com\/br\/wp-json\/wp\/v2\/42wp_author?post=128922"}],"curies":[{"name":"wp","href":"https:\/\/api.w.org\/{rel}","templated":true}]}}