{"id":128939,"date":"2020-07-18T15:14:15","date_gmt":"2020-07-18T18:14:15","guid":{"rendered":"https:\/\/grandepremio.com\/br\/noticias\/confira-declaracoes-dos-pilotos-apos-classificacao-do-gp-da-hungria-2020\/"},"modified":"2020-07-18T21:06:47","modified_gmt":"2020-07-19T00:06:47","slug":"confira-declaracoes-dos-pilotos-apos-classificacao-do-gp-da-hungria-2020","status":"publish","type":"post","link":"https:\/\/grandepremio.com\/br\/f1\/confira-declaracoes-dos-pilotos-apos-classificacao-do-gp-da-hungria-2020\/","title":{"rendered":"Confira declara\u00e7\u00f5es dos pilotos ap\u00f3s classifica\u00e7\u00e3o do GP da Hungria 2020"},"content":{"rendered":"\n<p class=\"wp-block-paragraph\">Lewis Hamilton foi superior aos rivais na classifica\u00e7\u00e3o para o GP da Hungria de F\u00f3rmula 1. <a href=\"https:\/\/www.grandepremio.com\/br\/f1\/noticias\/hamilton-crava-90a-pole-da-carreira-na-formula-1-com-recorde-na-hungria-stroll-sai-em-3o\/\">O brit\u00e2nico cravou 1min13s477 neste s\u00e1bado (11) para largar na ponta pela s\u00e9tima vez no Hungaroring<\/a> e alcan\u00e7ar a 90\u00aa pole na carreira. Valtteri Bottas, tamb\u00e9m da Mercedes, completa a primeira fila.<\/p>\n\n\n\n<p class=\"wp-block-paragraph\">A Racing Point fechou a segunda fila do grid. Lance Stroll surpreendeu e garantiu a terceira posi\u00e7\u00e3o no grid, seguido pelo companheiro Sergio P\u00e9rez. A Ferrari chega na sequ\u00eancia, com Sebastian Vettel e Charles Leclerc, respectivamente.<\/p>\n\n\n\n<p class=\"wp-block-paragraph\">Max Verstappen ficou apenas na s\u00e9tima posi\u00e7\u00e3o, seguido por Lando Norris, Carlos Sainz e Pierre Gasly. O piloto da AlphaTauri teve problemas durante todo o treino, n\u00e3o marcou tempo no Q3, mas vai largar em d\u00e9cimo.<\/p>\n\n\n\n<p class=\"wp-block-paragraph\">Dessa Vez, Daniel Ricciardo n\u00e3o passou do Q2, com o tempo de 1min15s661. O piloto da Renault larga em 11\u00ba, seguido por George Russell, Alexander Albon, Esteban Ocon e Nicholas Latifi.<\/p>\n\n\n\n<figure class=\"wp-block-image size-large\"><img decoding=\"async\" src=\"https:\/\/www.grandepremio.com\/br\/wp-content\/uploads\/2020\/07\/racingpoint-lancestroll-01-6-1024x683.jpg\" alt=\"\" class=\"wp-image-397737\"\/><figcaption>Lance Stroll colocou a Racing Point na terceira posi\u00e7\u00e3o (Foto: Racing Point)<\/figcaption><\/figure>\n\n\n\n<p class=\"wp-block-paragraph\">O Q1 contou com as elimina\u00e7\u00f5es de Kevin Magnussen, Daniil Kvyat, Romain Grosjean e Antonio Giovinazzi. Em atua\u00e7\u00e3o muito ruim, Kimi R\u00e4ikk\u00f6nen fez apenas 1min16s614 e larga na \u00faltima posi\u00e7\u00e3o do grid.<\/p>\n\n\n\n<p class=\"wp-block-paragraph\"><strong>Confira as declara\u00e7\u00f5es dos pilotos:<\/strong><\/p>\n\n\n\n<p class=\"wp-block-paragraph\"><strong>Lewis Hamilton, pole: <\/strong><a href=\"https:\/\/www.grandepremio.com\/br\/f1\/noticias\/hamilton-vibra-com-setima-pole-na-hungria-mas-alerta-carro-nao-esta-nos-trilhos\/\">Hamilton vibra com s\u00e9tima pole na Hungria, mas alerta: carro \u201cn\u00e3o est\u00e1 nos trilhos\u201d<\/a><\/p>\n\n\n\n<p class=\"wp-block-paragraph\"><strong>Valtteri Bottas, segundo: <\/strong><a href=\"https:\/\/www.grandepremio.com\/br\/f1\/noticias\/bottas-ve-mercedes-em-outro-nivel-e-lamenta-volta-no-q3-poderia-ter-sido-mais-rapido\/\">Bottas v\u00ea \u201cMercedes em outro n\u00edvel\u201d e lamenta volta no Q3: \u201cPoderia ter sido mais r\u00e1pido\u201d<\/a><\/p>\n\n\n\n<p class=\"wp-block-paragraph\"><strong>Lance Stroll, terceiro: <\/strong><a href=\"https:\/\/www.grandepremio.com\/br\/f1\/noticias\/stroll-sorri-com-3o-no-grid-da-hungria-e-exalta-carro-forte-durante-o-fim-de-semana-todo\/\">Stroll sorri com 3\u00ba no grid da Hungria e exalta \u201ccarro forte durante o fim de semana todo\u201d<\/a><\/p>\n\n\n\n<p class=\"wp-block-paragraph\"><strong>Sergio P\u00e9rez, quarto: <\/strong><a href=\"https:\/\/www.grandepremio.com\/br\/f1\/noticias\/superado-por-stroll-perez-reclama-de-tonturas-na-hungria-nao-me-senti-100\/\">Superado por Stroll, P\u00e9rez reclama de tonturas na Hungria: \u201cN\u00e3o me senti 100%\u201d<\/a><\/p>\n\n\n\n<p class=\"wp-block-paragraph\"><strong>Sebastian Vettel, quinto: <\/strong><a href=\"https:\/\/www.grandepremio.com\/br\/f1\/noticias\/vettel-aposta-em-estrategia-para-realizar-sonhos-realistas-na-corrida-da-hungria\/\">Vettel aposta em estrat\u00e9gia para realizar \u201csonhos realistas\u201d na corrida da Hungria<\/a><\/p>\n\n\n\n<p class=\"wp-block-paragraph\"><strong>Charles Leclerc, sexto: <\/strong><a href=\"https:\/\/www.grandepremio.com\/br\/f1\/noticias\/em-treino-dificil-leclerc-ve-ferrari-com-problemas-nas-retas-e-melhor-nas-curvas\/\">Em \u201ctreino dif\u00edcil\u201d, Leclerc v\u00ea Ferrari \u201ccom problemas nas retas e melhor nas curvas\u201d<\/a><\/p>\n\n\n\n<figure class=\"wp-block-image size-large\"><img decoding=\"async\" src=\"https:\/\/www.grandepremio.com\/br\/wp-content\/uploads\/2020\/07\/ferrari-charlesleclerc-03-1-1024x683.jpg\" alt=\"\" class=\"wp-image-397771\"\/><figcaption>Charles Leclerc ficou em sexto na classifica\u00e7\u00e3o (Foto: Ferrari)<\/figcaption><\/figure>\n\n\n\n<p class=\"wp-block-paragraph\"><strong>Max Verstappen, s\u00e9timo: <\/strong><a href=\"https:\/\/www.grandepremio.com\/br\/f1\/noticias\/indignado-com-carro-muito-ruim-verstappen-dispara-nao-somos-lentos-assim-ha-tempos\/\">Indignado com carro \u201cmuito ruim\u201d, Verstappen dispara: \u201cN\u00e3o somos lentos assim h\u00e1 tempos\u201d<\/a><\/p>\n\n\n\n<p class=\"wp-block-paragraph\"><strong>Lando Norris, oitavo:<\/strong> <a href=\"https:\/\/www.grandepremio.com\/br\/f1\/noticias\/com-racing-point-em-outra-liga-sainz-e-norris-creem-hungria-reflete-nivel-da-mclaren\/\">Com \u201cRacing Point em outra liga\u201d, Sainz e Norris creem: Hungria reflete n\u00edvel da McLaren<\/a><\/p>\n\n\n\n<p class=\"wp-block-paragraph\"><strong>Carlos Sainz Jr., nono:<\/strong> <a href=\"https:\/\/www.grandepremio.com\/br\/f1\/noticias\/com-racing-point-em-outra-liga-sainz-e-norris-creem-hungria-reflete-nivel-da-mclaren\/\">Com \u201cRacing Point em outra liga\u201d, Sainz e Norris creem: Hungria reflete n\u00edvel da McLaren<\/a><\/p>\n\n\n\n<p class=\"wp-block-paragraph\"><strong>Pierre Gasly, d\u00e9cimo:<\/strong> &#8220;Estou muito feliz por ter ido ao Q3 pela segunda vez nesse ano, mas \u00e9 uma pena que tenhamos passado por problemas no fim de semana, isso nos custou nossa \u00faltima volta no Q2 e a ida \u00e0 pista no Q3. Tenho certeza que vamos estudar os problemas e tentar resolv\u00ea-los. Espero que tudo seja resolvido para amanh\u00e3. Com rela\u00e7\u00e3o ao desempenho, estou satisfeito que conseguimos acertar tudo em volta lan\u00e7ada na classifica\u00e7\u00e3o mesmo sem ter tido muita quilometragem ontem. Foi desafiador, mas no fim demos voltas decentes e me senti bem no carro. Espero que seja o caso amanh\u00e3.&#8221;<\/p>\n\n\n\n<p class=\"wp-block-paragraph\"><strong>Daniel Ricciardo, 11\u00ba:<\/strong> &#8220;Hoje n\u00e3o conseguimos melhorar. Usar pneus m\u00e9dios no Q2 provavelmente n\u00e3o foi uma boa ideia. N\u00e3o acho que est\u00e1vamos mais lentos que ontem, s\u00f3 que os outros melhoraram. Vamos trabalhar nisso e tentar entender o que aconteceu. Ainda podemos ficar otimistas para amanh\u00e3. Temos uma escolha de pneus livre e que pode ser importante, vamos tentar fazer com que isso funcione. Sinto-me otimista e certamente temos pontos a disputar.&#8221;<\/p>\n\n\n\n<p class=\"wp-block-paragraph\"><strong>George Russell, 12\u00ba:<\/strong> <a href=\"https:\/\/www.grandepremio.com\/br\/f1\/noticias\/russell-defende-amigo-albon-e-diz-que-red-bull-o-faz-parecer-um-idiota-e-ele-nao-e\/\">Russell defende amigo Albon e diz que Red Bull \u201co faz parecer um idiota, e ele n\u00e3o \u00e9\u201d<\/a><\/p>\n\n\n\n<p class=\"wp-block-paragraph\"><strong>Alexander Albon, 13\u00ba:<\/strong> <a href=\"https:\/\/www.grandepremio.com\/br\/f1\/noticias\/russell-defende-amigo-albon-e-diz-que-red-bull-o-faz-parecer-um-idiota-e-ele-nao-e\/\">Russell defende amigo Albon e diz que Red Bull \u201co faz parecer um idiota, e ele n\u00e3o \u00e9\u201d<\/a><\/p>\n\n\n\n<figure class=\"wp-block-image size-large\"><img decoding=\"async\" src=\"https:\/\/www.grandepremio.com\/br\/wp-content\/uploads\/2020\/07\/redbull-alexanderalbon-02-1-1024x673.jpg\" alt=\"\" class=\"wp-image-397743\"\/><figcaption>Alexander Albon n\u00e3o passou do Q2 na Hungria (Foto: Getty Images\/Red Bull Content Pool)<\/figcaption><\/figure>\n\n\n\n<p class=\"wp-block-paragraph\"><strong>Esteban Ocon, 14\u00ba:<\/strong> &#8220;N\u00e3o foi um grande classificat\u00f3rio para n\u00f3s. Precisamos revisar algumas coisas, porque n\u00e3o t\u00ednhamos o ritmo para passar ao Q3. Eu n\u00e3o fiquei feliz particularmente com o equil\u00edbrio do carro, estava dif\u00edcil de guiar. \u00c9 decepcionante, claro, mas est\u00e1 tudo em jogo para amanh\u00e3. Se estiver seco, temos uma escolha de pneus livre e, se chover, sabemos que temos boas chances.&#8221;<\/p>\n\n\n\n<p class=\"wp-block-paragraph\"><strong>Nicholas Latifi, 15\u00ba:<\/strong> <a href=\"https:\/\/www.grandepremio.com\/br\/f1\/noticias\/russell-defende-amigo-albon-e-diz-que-red-bull-o-faz-parecer-um-idiota-e-ele-nao-e\/\">Russell defende amigo Albon e diz que Red Bull \u201co faz parecer um idiota, e ele n\u00e3o \u00e9\u201d<\/a><\/p>\n\n\n\n<p class=\"wp-block-paragraph\"><strong>Kevin Magnussen, 16\u00ba:<\/strong> &#8220;Acredito que esper\u00e1vamos um pouco mais. Tive um pouco de tr\u00e1fego no \u00faltimo setor da tentativa final. Perdi a vaga no Q2 por uma pequena margem, ent\u00e3o fez a diferen\u00e7a. \u00c9 isso, vamos largar em 16\u00ba e ver o que conseguimos fazer. Pensando em qu\u00e3o bom estava o carro na corrida na \u00c1ustria, acho que tenho motivo para ficar feliz e esperar algo melhor. Nunca \u00e9 f\u00e1cil largar em 16\u00ba, mas j\u00e1 pontuei partindo dessa posi\u00e7\u00e3o. Espero que seja uma corrida agitada, talvez com Safety Car e at\u00e9 chuva porque pode ser nossa chance.&#8221;<\/p>\n\n\n\n<p class=\"wp-block-paragraph\"><strong>Daniil Kvyat, 17\u00ba:<\/strong> &#8220;\u00c9 um fim de semana dif\u00edcil at\u00e9 aqui, o carro n\u00e3o est\u00e1 certo para mim. Tivemos dificuldades de encontrar o ajuste certo e o equil\u00edbrio, ent\u00e3o n\u00e3o estamos conseguindo fazer com que os pneus funcionem. N\u00e3o estou casando com o carro, e preciso trabalhar com os engenheiros para saber em qual dire\u00e7\u00e3o temos de ir. De qualquer forma, foi bem complicado fazer volta lan\u00e7ada. Normalmente eu tiro o melhor do carro na corrida, ent\u00e3o vamos ver amanh\u00e3.&#8221;<\/p>\n\n\n\n<p class=\"wp-block-paragraph\"><strong>Romain Grosjean, 18\u00ba:<\/strong> &#8220;Acho que o carro tinha potencial para chegar ao Q2 hoje. Meu segundo jogo de pneus esstava \u00f3timo e fomos para 13\u00ba ou algo assim. Isso me deixou com um bom sentimento com o carro. Com o \u00faltimo jogo de compostos eu estava convecido de que iria para o Q2, o equipamento estava bom. Perdemos tempo e tive que apertar o bot\u00e3o de neutro na \u00faltima curva para deixar a fila andar, ent\u00e3o meus pneus esfriaram e o treino acabou.&#8221;<\/p>\n\n\n\n<p class=\"wp-block-paragraph\"><strong>Antonio Giovinazzi, 19\u00ba:<\/strong> &#8220;Foi um dia dif\u00edcil com um resultado decepcionante. T\u00ednhamos muito trabalho a fazer para salvar algo deste final de semana, mas ainda precisamos entender como ser\u00e1 a corrida deste domingo. O clima \u00e9 incerto, mas ainda precisamos entender o que houve na classifica\u00e7\u00e3o. Largar no fim do grid n\u00e3o \u00e9 o ideal, especialmente em uma pista complicada para ultrapassar, mas espero que o ritmo de corrida seja bom como foi na \u00c1ustria.&#8221;<\/p>\n\n\n\n<p class=\"wp-block-paragraph\"><strong>Kimi R\u00e4ikk\u00f6nen, 20\u00ba:<\/strong> &#8220;Estamos distantes de onde dever\u00edamos estar. Precisamos analisar o que deu errado e entender como ficamos aqui atr\u00e1s. Temos muito trabalho a fazer em diversas \u00e1rea, precisamos ter nossa velocidade novamente. Amanh\u00e3 \u00e9 outro dia, mas n\u00e3o ser\u00e1 um domingo f\u00e1cil, ent\u00e3o vamos ver como ser\u00e1.&#8221;<\/p>\n\n\n\n<p class=\"wp-block-paragraph\">O&nbsp;<strong>GRANDE PR\u00caMIO<\/strong>&nbsp;transmite&nbsp;<a href=\"https:\/\/www.grandepremio.com\/br\/ao-vivo\/f1\/?fl=true&amp;utm_source=lance\"><strong>ao vivo e em tempo real<\/strong><\/a>&nbsp;todas as atividades do GP da Hungria, terceira etapa do campeonato da F\u00f3rmula 1 2020.<\/p>\n\n\n\n<p class=\"wp-block-paragraph\">Neste domingo, o Briefing entra ao vivo \u00e0s 9h (Bras\u00edlia, GMT -3) o pr\u00e9-corrida do GP da Hungria de F1 com an\u00e1lise da classifica\u00e7\u00e3o e as \u00faltimas informa\u00e7\u00f5es antes da largada da terceira etapa do Mundial 2020. Inscreva-se no canal do&nbsp;<strong><a href=\"https:\/\/bit.ly\/GPCanal\">GRANDE PR\u00caMIO no YouTube e ative as notifica\u00e7\u00f5es<\/a><\/strong>.<\/p>\n\n\n\n<figure class=\"wp-block-embed-youtube wp-block-embed is-type-video is-provider-youtube wp-embed-aspect-16-9 wp-has-aspect-ratio\"><div class=\"wp-block-embed__wrapper\">\n<iframe loading=\"lazy\" title=\"Por que VOLTA de FERNANDO ALONSO \u00e0 F1 \u00e9 um GRANDE ACERTO | GP \u00e0s 10\" width=\"500\" height=\"281\" src=\"https:\/\/www.youtube.com\/embed\/mPJAxNgC_C0?feature=oembed\" frameborder=\"0\" allow=\"accelerometer; autoplay; clipboard-write; encrypted-media; gyroscope; picture-in-picture; web-share\" referrerpolicy=\"strict-origin-when-cross-origin\" allowfullscreen><\/iframe>\n<\/div><\/figure>\n","protected":false},"excerpt":{"rendered":"<p>Com 1min13s477, Lewis Hamilton assegurou a pole-position para o GP da Hungria neste s\u00e1bado (18). Valtteri Bottas completa a primeira fila, com Lance Stroll fechando o top-3<\/p>\n","protected":false},"author":0,"featured_media":1000397683,"comment_status":"closed","ping_status":"closed","sticky":false,"template":"","format":"standard","meta":{"42wp_featured_image_caption":"","42wp_featured_image_credits":"","42wp_featured_video":"","42wp_featured_image_hidden":false,"42wp_authors_list":[],"footnotes":""},"categories":[2],"tags":[654,457,524,456,25390,209,211,781,302,147,118,207,24837,24860,800,1647,119,117,24834,485,547,87,203,90,82,676,310,204,229,120,210,3132,612,215],"42wp_author":[47109],"class_list":["post-128939","post","type-post","status-publish","format-standard","has-post-thumbnail","hentry","category-f1","tag-alexander-albon","tag-alfa-romeo","tag-alphatauri","tag-antonio-giovinazzi","tag-carlos-sainz-jr-2","tag-charles-leclerc","tag-daniel-ricciardo","tag-daniil-kvyat","tag-esteban-ocon","tag-f1","tag-f1-2020","tag-ferrari","tag-formula-1-2","tag-formula-1-2020-2","tag-george-russell","tag-gp-da-hungria","tag-haas","tag-kevin-magnussen","tag-kimi-raikkonen-2","tag-lance-stroll","tag-lando-norris","tag-lewis-hamilton","tag-max-verstappen","tag-mclaren","tag-mercedes","tag-pierre-gasly","tag-racing-point","tag-red-bull","tag-renault","tag-romain-grosjean","tag-sebastian-vettel","tag-sergio-perez","tag-valtteri-bottas","tag-williams","42wp_author-redacao-gp"],"_links":{"self":[{"href":"https:\/\/grandepremio.com\/br\/wp-json\/wp\/v2\/posts\/128939","targetHints":{"allow":["GET"]}}],"collection":[{"href":"https:\/\/grandepremio.com\/br\/wp-json\/wp\/v2\/posts"}],"about":[{"href":"https:\/\/grandepremio.com\/br\/wp-json\/wp\/v2\/types\/post"}],"replies":[{"embeddable":true,"href":"https:\/\/grandepremio.com\/br\/wp-json\/wp\/v2\/comments?post=128939"}],"version-history":[{"count":0,"href":"https:\/\/grandepremio.com\/br\/wp-json\/wp\/v2\/posts\/128939\/revisions"}],"wp:featuredmedia":[{"embeddable":true,"href":"https:\/\/grandepremio.com\/br\/wp-json\/wp\/v2\/media\/1000397683"}],"wp:attachment":[{"href":"https:\/\/grandepremio.com\/br\/wp-json\/wp\/v2\/media?parent=128939"}],"wp:term":[{"taxonomy":"category","embeddable":true,"href":"https:\/\/grandepremio.com\/br\/wp-json\/wp\/v2\/categories?post=128939"},{"taxonomy":"post_tag","embeddable":true,"href":"https:\/\/grandepremio.com\/br\/wp-json\/wp\/v2\/tags?post=128939"},{"taxonomy":"42wp_author","embeddable":true,"href":"https:\/\/grandepremio.com\/br\/wp-json\/wp\/v2\/42wp_author?post=128939"}],"curies":[{"name":"wp","href":"https:\/\/api.w.org\/{rel}","templated":true}]}}