{"id":128944,"date":"2020-07-18T13:21:54","date_gmt":"2020-07-18T16:21:54","guid":{"rendered":"https:\/\/grandepremio.com\/br\/noticias\/em-treino-dificil-leclerc-ve-ferrari-com-problemas-nas-retas-e-melhor-nas-curvas\/"},"modified":"2020-07-18T13:21:58","modified_gmt":"2020-07-18T16:21:58","slug":"em-treino-dificil-leclerc-ve-ferrari-com-problemas-nas-retas-e-melhor-nas-curvas","status":"publish","type":"post","link":"https:\/\/grandepremio.com\/br\/f1\/em-treino-dificil-leclerc-ve-ferrari-com-problemas-nas-retas-e-melhor-nas-curvas\/","title":{"rendered":"Em &#8220;treino dif\u00edcil&#8221;, Leclerc v\u00ea Ferrari &#8220;com problemas nas retas e melhor nas curvas&#8221;"},"content":{"rendered":"\n<figure class=\"wp-block-embed-youtube wp-block-embed is-type-video is-provider-youtube wp-embed-aspect-16-9 wp-has-aspect-ratio\"><div class=\"wp-block-embed__wrapper\">\n<iframe loading=\"lazy\" title=\"Por que VOLTA de FERNANDO ALONSO \u00e0 F1 \u00e9 um GRANDE ACERTO | GP \u00e0s 10\" width=\"500\" height=\"281\" src=\"https:\/\/www.youtube.com\/embed\/mPJAxNgC_C0?feature=oembed\" frameborder=\"0\" allow=\"accelerometer; autoplay; clipboard-write; encrypted-media; gyroscope; picture-in-picture; web-share\" referrerpolicy=\"strict-origin-when-cross-origin\" allowfullscreen><\/iframe>\n<\/div><\/figure>\n\n\n\n<p class=\"wp-block-paragraph\">Pelo segundo fim de semana seguido, <a href=\"https:\/\/www.grandepremio.com\/br\/?s=leclerc\">Charles Leclerc<\/a> largar\u00e1 atr\u00e1s de <a href=\"https:\/\/www.grandepremio.com\/br\/?s=vettel\">Sebastian Vettel<\/a>. Assim como no GP da Est\u00edria, Leclerc se v\u00ea atr\u00e1s, mas agora em posi\u00e7\u00e3o geral bem melhor: ficou com a sexta coloca\u00e7\u00e3o no <a href=\"https:\/\/www.grandepremio.com\/br\/f1\/noticias\/hamilton-crava-90a-pole-da-carreira-na-formula-1-com-recorde-na-hungria-stroll-sai-em-3o\/?fl=true&amp;utm_source=lance\">treino classificat\u00f3rio da Hungria<\/a>, realizado na manh\u00e3 deste s\u00e1bado (18). Mas, <a href=\"https:\/\/www.grandepremio.com\/br\/f1\/noticias\/vettel-aposta-em-estrategia-para-realizar-sonhos-realistas-na-corrida-da-hungria\/?fl=true&amp;utm_source=lance\">diferente de um esperan\u00e7oso Vettel<\/a>, Leclerc estava num clima mais soturno.<\/p>\n\n\n\n<p class=\"wp-block-paragraph\">O piloto monegasco compartilha as expectativas de Vettel sobre marcar bons ponto, mas, enquanto o alem\u00e3o fala em sonhos, Leclerc explicou mais as dificuldades que disse ter vivido durante o dia. E deu um diagn\u00f3stico que serve para as pr\u00f3ximas corridas: embora o carro da <a href=\"https:\/\/www.grandepremio.com\/br\/?s=ferrari\">Ferrari<\/a> esteja melhor nas muitas curvas de Hungaroring, ainda tende a sofrer em pistas com mais retas.<\/p>\n\n\n\n<p class=\"wp-block-paragraph\">&#8220;Nosso ritmo de corrida \u00e9 um pouco melhor que o de classifica\u00e7\u00e3o, ent\u00e3o espero que possamos marcar bons pontos para a equipe amanh\u00e3&#8221;, falou.<\/p>\n\n\n\n<p class=\"wp-block-paragraph\">&#8220;Foi um treino dif\u00edcil para mim, eu tive dificuldades. No momento, temos problemas nas retas e somos mais velozes nas curvas, o que nos deixa mais competitivos neste fim de semana. Depois temos de ver se tiramos um pouco de arrasto do carro para sermos mais r\u00e1pidos nas retas&#8221;, finalizou.<\/p>\n\n\n\n<p class=\"wp-block-paragraph\">O <strong>GRANDE PR\u00caMIO<\/strong> transmite ao vivo e em tempo real todas as atividades do GP da Hungria, terceira etapa do campeonato da F\u00f3rmula 1 2020.<\/p>\n\n\n\n<figure class=\"wp-block-embed-youtube wp-block-embed is-type-video is-provider-youtube wp-embed-aspect-16-9 wp-has-aspect-ratio\"><div class=\"wp-block-embed__wrapper\">\n<iframe loading=\"lazy\" title=\"Vai ganhar... PERDEU! Hist\u00f3rias de quem foi DERROTADO, mas VENCEU na F1\" width=\"500\" height=\"281\" src=\"https:\/\/www.youtube.com\/embed\/Xcee6J_DjcM?feature=oembed\" frameborder=\"0\" allow=\"accelerometer; autoplay; clipboard-write; encrypted-media; gyroscope; picture-in-picture; web-share\" referrerpolicy=\"strict-origin-when-cross-origin\" allowfullscreen><\/iframe>\n<\/div><\/figure>\n","protected":false},"excerpt":{"rendered":"<p>O ferrarista reconhece que as chances de pontuar bem na Hungria s\u00e3o \u00f3timas, entretanto se lamentou tanto que nem parecia ter feito a melhor classifica\u00e7\u00e3o do ano<\/p>\n","protected":false},"author":0,"featured_media":1000397771,"comment_status":"closed","ping_status":"closed","sticky":false,"template":"","format":"standard","meta":{"42wp_featured_image_caption":"","42wp_featured_image_credits":"","42wp_featured_video":"","42wp_featured_image_hidden":false,"42wp_authors_list":[],"footnotes":""},"categories":[2],"tags":[209,118,207,157,1647,159,158,4122,210],"42wp_author":[47120],"class_list":["post-128944","post","type-post","status-publish","format-standard","has-post-thumbnail","hentry","category-f1","tag-charles-leclerc","tag-f1-2020","tag-ferrari","tag-formula-1-2020","tag-gp-da-hungria","tag-horarios-da-f1","tag-horarios-da-formula-1","tag-hungaroring","tag-sebastian-vettel","42wp_author-pedro-henrique-marum"],"_links":{"self":[{"href":"https:\/\/grandepremio.com\/br\/wp-json\/wp\/v2\/posts\/128944","targetHints":{"allow":["GET"]}}],"collection":[{"href":"https:\/\/grandepremio.com\/br\/wp-json\/wp\/v2\/posts"}],"about":[{"href":"https:\/\/grandepremio.com\/br\/wp-json\/wp\/v2\/types\/post"}],"replies":[{"embeddable":true,"href":"https:\/\/grandepremio.com\/br\/wp-json\/wp\/v2\/comments?post=128944"}],"version-history":[{"count":0,"href":"https:\/\/grandepremio.com\/br\/wp-json\/wp\/v2\/posts\/128944\/revisions"}],"wp:featuredmedia":[{"embeddable":true,"href":"https:\/\/grandepremio.com\/br\/wp-json\/wp\/v2\/media\/1000397771"}],"wp:attachment":[{"href":"https:\/\/grandepremio.com\/br\/wp-json\/wp\/v2\/media?parent=128944"}],"wp:term":[{"taxonomy":"category","embeddable":true,"href":"https:\/\/grandepremio.com\/br\/wp-json\/wp\/v2\/categories?post=128944"},{"taxonomy":"post_tag","embeddable":true,"href":"https:\/\/grandepremio.com\/br\/wp-json\/wp\/v2\/tags?post=128944"},{"taxonomy":"42wp_author","embeddable":true,"href":"https:\/\/grandepremio.com\/br\/wp-json\/wp\/v2\/42wp_author?post=128944"}],"curies":[{"name":"wp","href":"https:\/\/api.w.org\/{rel}","templated":true}]}}