{"id":12897,"date":"2026-01-21T18:04:09","date_gmt":"2026-01-21T21:04:09","guid":{"rendered":"https:\/\/grandepremio.com\/br\/noticias\/aston-martin-apuros-cautela-honda-sinal-problemas-diz-caio-cavalcante\/"},"modified":"2026-01-21T18:56:46","modified_gmt":"2026-01-21T21:56:46","slug":"aston-martin-apuros-cautela-honda-sinal-problemas-diz-caio-cavalcante","status":"publish","type":"post","link":"https:\/\/grandepremio.com\/br\/f1\/aston-martin-apuros-cautela-honda-sinal-problemas-diz-caio-cavalcante\/","title":{"rendered":"&#8220;Aston Martin em apuros? Cautela da Honda \u00e9 sinal de problemas&#8221;, diz Caio Cavalcante"},"content":{"rendered":"\n<p class=\"wp-block-paragraph\">Por meio do presidente da divis\u00e3o esportiva, a <strong>Honda <\/strong>admitiu publicamente que enfrenta dificuldades no desenvolvimento do motor da temporada 2026 da <strong>F\u00f3rmula 1<\/strong>. <strong>Koji Watanabe <\/strong>revelou ainda que nem faz ideia da posi\u00e7\u00e3o da montadora japonesa em rela\u00e7\u00e3o \u00e0s rivais, o que j\u00e1 pode ser um sinal de preocupa\u00e7\u00e3o para a <strong>Aston Martin<\/strong>.<\/p>\n\n\n\n<p class=\"wp-block-paragraph\">Se confirmado o d\u00e9ficit da unidade de pot\u00eancia japonesa, a equipe esmeraldina pode se encontrar em apuros j\u00e1 na pr\u00e9-temporada. Veja a an\u00e1lise de<strong> Caio Cavalcante<\/strong>:<\/p>\n\n\n\n<figure class=\"wp-block-embed is-type-video is-provider-youtube wp-block-embed-youtube wp-embed-aspect-9-16 wp-has-aspect-ratio\"><div class=\"wp-block-embed__wrapper\">\n<iframe loading=\"lazy\" title=\"ASTON MARTIN EM APUROS? HONDA ADMITE DIFICULDADES COM MOTOR\ud83d\ude2e\ud83d\udcc9\" width=\"422\" height=\"750\" src=\"https:\/\/www.youtube.com\/embed\/Yk2H95DH1r0?feature=oembed\" frameborder=\"0\" allow=\"accelerometer; autoplay; clipboard-write; encrypted-media; gyroscope; picture-in-picture; web-share\" referrerpolicy=\"strict-origin-when-cross-origin\" allowfullscreen><\/iframe>\n<\/div><\/figure>\n\n\n\n<p class=\"wp-block-paragraph\">A&nbsp;<strong><a href=\"https:\/\/www.grandepremio.com\/br\/f1\/\">F\u00f3rmula 1<\/a><\/strong>&nbsp;est\u00e1 de f\u00e9rias. Os carros voltam a acelerar de&nbsp;<strong>26 a 30 de janeiro<\/strong>&nbsp;em testes privados em&nbsp;<strong>Barcelona<\/strong>. Depois, seguem para o&nbsp;<strong>Bahrein&nbsp;<\/strong>para mais duas sess\u00f5es da pr\u00e9-temporada: de&nbsp;<strong>11 a 13 de fevereiro<\/strong>&nbsp;e de&nbsp;<strong>18 a 20 de fevereiro<\/strong>. O<strong>&nbsp;GRANDE PR\u00caMIO&nbsp;<\/strong>acompanha todas as atividades de 2026.<\/p>\n\n\n\n<p class=\"wp-block-paragraph\">\u25b6\ufe0f&nbsp;<strong>Inscreva-se nos dois canais do GRANDE PR\u00caMIO no YouTube:&nbsp;<a href=\"https:\/\/www.youtube.com\/channel\/UC9OlHEgxoaY6QY6nWPoiqQg?sub_confirmation=1\" target=\"_blank\" rel=\"noreferrer noopener\">GP<\/a>&nbsp;|&nbsp;<a href=\"https:\/\/www.youtube.com\/channel\/UC9csiS6q_C3C0FYhyr1rnFA?sub_confirmation=1\" target=\"_blank\" rel=\"noreferrer noopener\">GP2<\/a><\/strong><\/p>\n\n\n\n<h2 class=\"wp-block-heading\" id=\"h-f1-hoje-saiba-aqui-as-noticias-mais-importantes-do-dia-da-formula-1\"><strong>F1 hoje: saiba aqui as not\u00edcias mais importantes do dia da F\u00f3rmula 1<\/strong><\/h2>\n\n\n\n<p class=\"wp-block-paragraph\">A reda\u00e7\u00e3o do&nbsp;<strong>GRANDE PR\u00caMIO<\/strong>&nbsp;selecionou as not\u00edcias mais importantes das \u00faltimas horas para voc\u00ea ficar por dentro de tudo que acontece na F1.<\/p>\n\n\n\n<p class=\"wp-block-paragraph\"><strong>\u25b6\ufe0f&nbsp;<a href=\"https:\/\/www.grandepremio.com\/br\/f1\/noticias\/como-acidente-gabriel-bortoleto-gp-sao-paulo-impactou-producao-carro-audi\/\">Como acidente de Bortoleto no GP de S\u00e3o Paulo impactou produ\u00e7\u00e3o do carro da Audi<\/a><br>\u25b6\ufe0f&nbsp;<a href=\"https:\/\/www.grandepremio.com\/br\/f1\/noticias\/max-verstappen-explica-pilotos-serao-mais-importantes-equipes-formula-1-2026\/\">Verstappen explica como pilotos ser\u00e3o mais importantes para equipes na F1 2026<\/a><br>\u25b6\ufe0f&nbsp;<a href=\"https:\/\/www.grandepremio.com\/br\/f1\/noticias\/f1-mantem-turne-global-cidade-do-mexico-recebe-exposicao-oficial-categoria\/\">F1 mant\u00e9m turn\u00ea global e Cidade do M\u00e9xico recebe exposi\u00e7\u00e3o oficial da categoria<\/a><\/strong><\/p>\n","protected":false},"excerpt":{"rendered":"<p>A Honda admitiu publicamente que enfrenta dificuldades no desenvolvimento do motor da F1 2026, o que pode prejudicar severamente a Aston Martin<\/p>\n","protected":false},"author":0,"featured_media":1001051251,"comment_status":"closed","ping_status":"closed","sticky":false,"template":"","format":"standard","meta":{"42wp_featured_image_caption":"","42wp_featured_image_credits":"","42wp_featured_video":"","42wp_featured_image_hidden":false,"42wp_authors_list":[],"footnotes":""},"categories":[2],"tags":[309,5660,969,147,29516,642,160,180,31425,30103,28285,130,866,32191],"42wp_author":[47163],"class_list":["post-12897","post","type-post","status-publish","format-standard","has-post-thumbnail","hentry","category-f1","tag-aston-martin","tag-classificacao","tag-corrida","tag-f1","tag-f1-2026","tag-f1-ao-vivo","tag-f1-tv","tag-formula-1","tag-formula-1-2026","tag-grande-premio-f1","tag-grandepremio","tag-honda","tag-motor-honda","tag-regulamento-f1-2026","42wp_author-caio-cavalcante"],"_links":{"self":[{"href":"https:\/\/grandepremio.com\/br\/wp-json\/wp\/v2\/posts\/12897","targetHints":{"allow":["GET"]}}],"collection":[{"href":"https:\/\/grandepremio.com\/br\/wp-json\/wp\/v2\/posts"}],"about":[{"href":"https:\/\/grandepremio.com\/br\/wp-json\/wp\/v2\/types\/post"}],"replies":[{"embeddable":true,"href":"https:\/\/grandepremio.com\/br\/wp-json\/wp\/v2\/comments?post=12897"}],"version-history":[{"count":0,"href":"https:\/\/grandepremio.com\/br\/wp-json\/wp\/v2\/posts\/12897\/revisions"}],"wp:featuredmedia":[{"embeddable":true,"href":"https:\/\/grandepremio.com\/br\/wp-json\/wp\/v2\/media\/1001051251"}],"wp:attachment":[{"href":"https:\/\/grandepremio.com\/br\/wp-json\/wp\/v2\/media?parent=12897"}],"wp:term":[{"taxonomy":"category","embeddable":true,"href":"https:\/\/grandepremio.com\/br\/wp-json\/wp\/v2\/categories?post=12897"},{"taxonomy":"post_tag","embeddable":true,"href":"https:\/\/grandepremio.com\/br\/wp-json\/wp\/v2\/tags?post=12897"},{"taxonomy":"42wp_author","embeddable":true,"href":"https:\/\/grandepremio.com\/br\/wp-json\/wp\/v2\/42wp_author?post=12897"}],"curies":[{"name":"wp","href":"https:\/\/api.w.org\/{rel}","templated":true}]}}