{"id":128973,"date":"2020-07-18T03:30:00","date_gmt":"2020-07-18T06:30:00","guid":{"rendered":"https:\/\/grandepremio.com\/br\/noticias\/iowa-tem-primeira-prova-da-eficiencia-do-aeroscreen-em-acidentes-assustadores\/"},"modified":"2020-07-18T09:05:10","modified_gmt":"2020-07-18T12:05:10","slug":"iowa-tem-primeira-prova-da-eficiencia-do-aeroscreen-em-acidentes-assustadores","status":"publish","type":"post","link":"https:\/\/grandepremio.com\/br\/indy\/iowa-tem-primeira-prova-da-eficiencia-do-aeroscreen-em-acidentes-assustadores\/","title":{"rendered":"Iowa tem primeira prova da efici\u00eancia do aeroscreen em acidentes assustadores"},"content":{"rendered":"\n<p class=\"wp-block-paragraph\">O <a href=\"https:\/\/www.grandepremio.com\/br\/indy\/noticias\/pagenaud-sai-de-ultimo-segura-pressao-de-dixon-e-vence-movimentado-gp-de-iowa-1\/?fl=true&amp;utm_source=lance\">GP de Iowa 1<\/a> da <a href=\"https:\/\/www.grandepremio.com\/br\/indy\/?fl=true&amp;utm_source=lance\">Indy <\/a>foi bastante movimentado, cheio de alternativas, boas disputas, grandes atua\u00e7\u00f5es, mas tamb\u00e9m marcou uma tremenda prova de fogo para a categoria. \u00c9 que dois acidentes perigosos aconteceram e colocaram em teste a efici\u00eancia do aeroscreen, que respondeu muito bem, especialmente no <a href=\"https:\/\/www.grandepremio.com\/br\/indy\/noticias\/herta-acerta-veekay-em-relargada-abortada-e-decola-em-acidente-assustador-em-iowa\/?fl=true&amp;utm_source=lance\">choque entre Colton Herta e Rinus VeeKay<\/a>.<\/p>\n\n\n\n<p class=\"wp-block-paragraph\">Para come\u00e7ar, a batida j\u00e1 foi das mais assustadoras. A relargada foi abortada, Herta n\u00e3o conseguiu desacelerar e subiu no carro de VeeKay. A\u00ed que aconteceu o primeiro dos testes no incidente: a repeti\u00e7\u00e3o em c\u00e2mera lenta mostrou que foi o aeroscreen que impediu que o bico do americano entrasse no cockpit do holand\u00eas, o que poderia ter sido grav\u00edssimo.<\/p>\n\n\n\n<p class=\"wp-block-paragraph\">&#8220;Estou muito feliz, especialmente com a seguran\u00e7a. Eu sa\u00ed do carro e revi tudo. O aeroscreen foi destru\u00eddo. Ent\u00e3o, agrade\u00e7o a Indy pela c\u00e9lula de seguran\u00e7a&#8221;, comentou VeeKay ao sair do carro.<\/p>\n\n\n\n<figure class=\"wp-block-image size-large\"><img decoding=\"async\" src=\"https:\/\/www.grandepremio.com\/br\/wp-content\/uploads\/2020\/07\/Herta-1-1024x576.jpg\" alt=\"\" class=\"wp-image-397349\"\/><figcaption>Colton Herta subiu no carro de Rinus VeeKay (Foto: Reprodu\u00e7\u00e3o\/DAZN)<\/figcaption><\/figure>\n\n\n\n<p class=\"wp-block-paragraph\">Mas n\u00e3o parou por ali. Colton foi lan\u00e7ado, decolou e pegou na grade de prote\u00e7\u00e3o. Por sorte, nenhum impacto mais s\u00e9rio, mas o aeroscreen estava ali para proteger. S\u00f3 que o pior poderia n\u00e3o ter sido com os dois, por mais que visualmente a batida tenha sido muito feia. Ocorre que destro\u00e7os, especialmente do carro de Herta, foram lan\u00e7ados pela pista e alguns foram parar em Marcus Ericsson, que prontamente rebateu com o escudo posicionado na frente do cockpit.<\/p>\n\n\n\n<p class=\"wp-block-paragraph\">Foi basicamente a melhor resposta que a Indy poderia ter tido, afinal, a implementa\u00e7\u00e3o do aeroscreen est\u00e1 intimamente ligada ao acidente fatal de Justin Wilson que, de certa forma, foi bem parecido, o brit\u00e2nico meio que estava na posi\u00e7\u00e3o em que hoje estava Ericsson. Nas 500 Milhas de Pocono, em 2015, o ent\u00e3o l\u00edder da prova Sage Karam perdeu o carro, bateu e fragmentos da asa dianteira voaram diretamente na cabe\u00e7a de Wilson, que n\u00e3o resistiu e morreu dias depois.<\/p>\n\n\n\n<p class=\"wp-block-paragraph\">&#8220;Foi um pouco assustador na relargada. Tinha muito detrito voando, algumas pe\u00e7as grandes atingiram o aeroscreen, ent\u00e3o mostra o grande trabalho que a Indy fez. Eles realmente trabalharem bem para me proteger&#8221;, declarou o sueco \u00e0 revista americana &#8216;Racer&#8217;.<\/p>\n\n\n\n<figure class=\"wp-block-image size-large\"><img decoding=\"async\" src=\"https:\/\/www.grandepremio.com\/br\/wp-content\/uploads\/2020\/07\/29-1-1024x682.jpg\" alt=\"\" class=\"wp-image-397402\"\/><figcaption>Muitas pe\u00e7as de Colton Herta voaram pela pista de Iowa (Foto: Indycar)<\/figcaption><\/figure>\n\n\n\n<p class=\"wp-block-paragraph\">A corrida de hoje ainda teve um acidente<a href=\"https:\/\/www.grandepremio.com\/br\/indy\/noticias\/power-se-da-mal-em-parada-da-penske-perde-roda-e-quase-e-acertado-em-iowa\/?fl=true&amp;utm_source=lance\"> impressionante de Will Power<\/a>, que perdeu uma roda, roda que, ali\u00e1s, pegou no muro e voltou, passando muito perto da cabe\u00e7a do australiano. Novamente, ali estava o aeroscreen para garantir que nada acontecesse.<\/p>\n\n\n\n<p class=\"wp-block-paragraph\">O campeonato n\u00e3o mudou muito, com mais um grande resultado de Scott Dixon e Simon Pagenaud, apesar de uma vit\u00f3ria imensa, sem cortar tanto a vantagem, que est\u00e1 ali em 50 pontos. E, por mais que a corrida tenha sido sensacional, ficou ainda melhor pela efici\u00eancia de seu equipamento de seguran\u00e7a.<\/p>\n\n\n\n<p class=\"wp-block-paragraph\">Por mais que a pe\u00e7a ainda tenha problemas, o que \u00e9 absolutamente natural para algo que acabou de estrear, est\u00e1 mais do que clara sua import\u00e2ncia e sua efici\u00eancia. Cuidar do calor no cockpit, de algum problema de visibilidade, tudo isso \u00e9 pouco diante do tremendo passo adiante que a Indy deu com o aeroscreen. Iowa, que nem \u00e9 um dos ovais mais perigosos, mostrou o tamanho dos riscos que a categoria corre e, assim, de qu\u00e3o essencial \u00e9 que os pilotos estejam protegidos.<\/p>\n\n\n\n<figure class=\"wp-block-embed-spotify wp-block-embed is-type-rich is-provider-spotify wp-embed-aspect-21-9 wp-has-aspect-ratio\"><div class=\"wp-block-embed__wrapper\">\n<iframe title=\"Spotify Embed: O que esperar da MotoGP 2020? | Paddockast #70\" style=\"border-radius: 12px\" width=\"100%\" height=\"152\" frameborder=\"0\" allowfullscreen allow=\"autoplay; clipboard-write; encrypted-media; fullscreen; picture-in-picture\" loading=\"lazy\" src=\"https:\/\/open.spotify.com\/embed\/episode\/5HrCv7W9fXW2DyE1X1DUql?utm_source=oembed\"><\/iframe>\n<\/div><figcaption><strong>Paddockast #70 | O QUE ESPERAR DA MOTOGP 2020?<\/strong><br>Ou\u00e7a tamb\u00e9m:&nbsp;<a href=\"http:\/\/podcasts.apple.com\/br\/podcast\/paddockast\/id1371540198\">PODCASTS APPLE<\/a>&nbsp;|&nbsp;<a href=\"https:\/\/www.subscribeonandroid.com\/www.central3.com.br\/category\/podcasts\/paddockast\/feed\/podcast\/\">ANDROID<\/a>&nbsp;|&nbsp;<a href=\"https:\/\/player.fm\/series\/paddockast\">PLAYERFM<\/a><\/figcaption><\/figure>\n\n\n\n<figure class=\"wp-block-embed-youtube wp-block-embed is-type-video is-provider-youtube wp-embed-aspect-16-9 wp-has-aspect-ratio\"><div class=\"wp-block-embed__wrapper\">\n<iframe loading=\"lazy\" title=\"F1 na Est\u00edria, Indy em Road America e MotoGP de volta | Paddock #205\" width=\"500\" height=\"281\" src=\"https:\/\/www.youtube.com\/embed\/iHwnCN-wTJg?feature=oembed\" frameborder=\"0\" allow=\"accelerometer; autoplay; clipboard-write; encrypted-media; gyroscope; picture-in-picture; web-share\" referrerpolicy=\"strict-origin-when-cross-origin\" allowfullscreen><\/iframe>\n<\/div><\/figure>\n","protected":false},"excerpt":{"rendered":"<p>A Indy teve o primeiro teste de fogo para o aeroscreen e o resultado foi positivo. Diante de dois acidentes perigosos, a pe\u00e7a respondeu muito bem<\/p>\n","protected":false},"author":0,"featured_media":1000397400,"comment_status":"closed","ping_status":"closed","sticky":false,"template":"","format":"standard","meta":{"42wp_featured_image_caption":"","42wp_featured_image_credits":"","42wp_featured_video":"","42wp_featured_image_hidden":false,"42wp_authors_list":[],"footnotes":""},"categories":[3],"tags":[1579,4351,93,96,2188,1596,3133],"42wp_author":[47108,47119,47117],"class_list":["post-128973","post","type-post","status-publish","format-standard","has-post-thumbnail","hentry","category-indy","tag-colton-herta","tag-gp-de-iowa","tag-indy","tag-indy-2020","tag-rinus-veekay","tag-simon-pagenaud","tag-will-power","42wp_author-admin","42wp_author-gabriel-carvalho","42wp_author-gabriel-curty"],"_links":{"self":[{"href":"https:\/\/grandepremio.com\/br\/wp-json\/wp\/v2\/posts\/128973","targetHints":{"allow":["GET"]}}],"collection":[{"href":"https:\/\/grandepremio.com\/br\/wp-json\/wp\/v2\/posts"}],"about":[{"href":"https:\/\/grandepremio.com\/br\/wp-json\/wp\/v2\/types\/post"}],"replies":[{"embeddable":true,"href":"https:\/\/grandepremio.com\/br\/wp-json\/wp\/v2\/comments?post=128973"}],"version-history":[{"count":0,"href":"https:\/\/grandepremio.com\/br\/wp-json\/wp\/v2\/posts\/128973\/revisions"}],"wp:featuredmedia":[{"embeddable":true,"href":"https:\/\/grandepremio.com\/br\/wp-json\/wp\/v2\/media\/1000397400"}],"wp:attachment":[{"href":"https:\/\/grandepremio.com\/br\/wp-json\/wp\/v2\/media?parent=128973"}],"wp:term":[{"taxonomy":"category","embeddable":true,"href":"https:\/\/grandepremio.com\/br\/wp-json\/wp\/v2\/categories?post=128973"},{"taxonomy":"post_tag","embeddable":true,"href":"https:\/\/grandepremio.com\/br\/wp-json\/wp\/v2\/tags?post=128973"},{"taxonomy":"42wp_author","embeddable":true,"href":"https:\/\/grandepremio.com\/br\/wp-json\/wp\/v2\/42wp_author?post=128973"}],"curies":[{"name":"wp","href":"https:\/\/api.w.org\/{rel}","templated":true}]}}