{"id":128999,"date":"2020-07-17T13:42:24","date_gmt":"2020-07-17T16:42:24","guid":{"rendered":"https:\/\/grandepremio.com\/br\/noticias\/ferrari-segue-mclaren-e-se-ve-pronta-para-assinar-novo-pacto-da-concordia\/"},"modified":"2020-07-17T13:48:50","modified_gmt":"2020-07-17T16:48:50","slug":"ferrari-segue-mclaren-e-se-ve-pronta-para-assinar-novo-pacto-da-concordia","status":"publish","type":"post","link":"https:\/\/grandepremio.com\/br\/f1\/ferrari-segue-mclaren-e-se-ve-pronta-para-assinar-novo-pacto-da-concordia\/","title":{"rendered":"Ferrari segue McLaren e se v\u00ea \u201cpronta para assinar\u201d novo Pacto da Conc\u00f3rdia"},"content":{"rendered":"\n<figure class=\"wp-block-embed-youtube wp-block-embed is-type-video is-provider-youtube wp-embed-aspect-16-9 wp-has-aspect-ratio\"><div class=\"wp-block-embed__wrapper\">\n<iframe loading=\"lazy\" title=\"FERNANDO ALONSO retorna \u00e0 F1: mas o que isso significa? | Cadeira Cativa #15\" width=\"500\" height=\"281\" src=\"https:\/\/www.youtube.com\/embed\/Vy8ll5LMvbE?feature=oembed\" frameborder=\"0\" allow=\"accelerometer; autoplay; clipboard-write; encrypted-media; gyroscope; picture-in-picture; web-share\" referrerpolicy=\"strict-origin-when-cross-origin\" allowfullscreen><\/iframe>\n<\/div><\/figure>\n\n\n\n<p class=\"wp-block-paragraph\">A mais longeva e tradicional equipe do Mundial de F\u00f3rmula 1 se diz pronta para assinar o novo Pacto da Conc\u00f3rdia. Trata-se de um documento fundamental para que a categoria possa ser realizada porque regula as rela\u00e7\u00f5es comerciais e a distribui\u00e7\u00e3o de receita entre a F1, a FIA (Federa\u00e7\u00e3o Internacional de Automobilismo) e as dez equipes do grid. O atual acordo vence ao fim desta temporada, mas a Ferrari seguiu a <a href=\"https:\/\/www.grandepremio.com\/br\/f1\/noticias\/comprometida-com-f1-mclaren-revela-estar-perto-de-assinar-novo-pacto-da-concordia\/\">McLaren<\/a> e, por meio do chefe de equipe Mattia Binotto, afirmou nesta sexta-feira (17), na Hungria, que est\u00e1 perto de assinar o novo documento.<\/p>\n\n\n\n<p class=\"wp-block-paragraph\">Sem a assinatura e a ades\u00e3o ao acordo, nenhuma equipe pode participar do Mundial de F\u00f3rmula 1. Ao afirmar que a Ferrari est\u00e1 preparada para confirmar o acerto com o Liberty Media, Mattia Binotto deixa claro que n\u00e3o h\u00e1 a menor possibilidade de a escuderia de Maranello deixar o grid.<\/p>\n\n\n\n<p class=\"wp-block-paragraph\">\u201cO Pacto da Conc\u00f3rdia e onde n\u00f3s estamos hoje \u00e9 o resultado de longas discuss\u00f5es. No que diz respeito \u00e0 Ferrari, estamos prontos para assinar. Gostar\u00edamos de assinar, e acho que em breve\u201d, garantiu o engenheiro \u00edtalo-su\u00ed\u00e7o.<\/p>\n\n\n\n<figure class=\"wp-block-image size-large\"><img decoding=\"async\" src=\"https:\/\/www.grandepremio.com\/br\/wp-content\/uploads\/2020\/05\/20044-styrian-gp-sunday-1024x683.jpg\" alt=\"Mattia Binotto\" class=\"wp-image-395786\"\/><figcaption>Mattia Binotto assegurou que a Ferrari est\u00e1 bem perto de assinar o novo Pacto da Conc\u00f3rdia (Foto: Ferrari)<\/figcaption><\/figure>\n\n\n\n<p class=\"wp-block-paragraph\">\u201cIsso \u00e9 importante para o futuro, para ter uma maior clareza. Pelo menos, todos n\u00f3s vamos saber onde estamos, e creio que isso seja importante para as equipes pequenas porque isso, digamos assim, faz parte do pacote\u201d, salientou.<\/p>\n\n\n\n<p class=\"wp-block-paragraph\">A Ferrari ostenta alguns privil\u00e9gios no atual Pacto da Conc\u00f3rdia. Al\u00e9m do poder de veto em rela\u00e7\u00e3o a poss\u00edveis mudan\u00e7as nas regras, a equipe recebe um b\u00f4nus por ser a equipe mais longeva na categoria, cerca de US$ 100 milh\u00f5es (ou R$ 535 milh\u00f5es) por temporada.<\/p>\n\n\n\n<p class=\"wp-block-paragraph\">Nas entrelinhas, Binotto sinaliza que a Ferrari tende a manter tais privil\u00e9gios. \u201cPortanto, olhar para o futuro com clareza \u00e9 importante, ent\u00e3o estamos prontos para assinar. Acho que tamb\u00e9m estamos felizes porque sabemos que a F\u00f3rmula 1 n\u00e3o alterou a import\u00e2ncia do papel da Ferrari na categoria, o que, para n\u00f3s, foi fundamental, ent\u00e3o estamos satisfeitos com isso\u201d.<\/p>\n\n\n\n<p class=\"wp-block-paragraph\">Binotto segue o discurso adotado nesta manh\u00e3 de sexta-feira na Hungria por Zak Brown, CEO da McLaren, que assegurou que a escuderia brit\u00e2nica vai seguir na F\u00f3rmula 1, restando somente a assinatura do novo acordo comercial.<\/p>\n\n\n\n<p class=\"wp-block-paragraph\">\u201cO novo Pacto da Conc\u00f3rdia complementa os regulamentos financeiros, t\u00e9cnicos e desportivos e garante uma base s\u00f3lida para a sustentabilidade, o crescimento e o sucesso da F\u00f3rmula 1 e de todas as partes interessadas\u201d, explicou o dirigente norte-americano.<\/p>\n\n\n\n<p class=\"wp-block-paragraph\">\u201cO Liberty Media, a F1 e a FIA, juntamente com as equipes, trabalham de forma incessante para proteger o esporte ao longo da crise do Covid-19, no nosso retorno \u00e0s competi\u00e7\u00f5es e em longo prazo. A McLaren Racing est\u00e1 completamente comprometida com a F\u00f3rmula 1, e estamos prontos para assinar este novo contrato em breve\u201d, concluiu o executivo.<\/p>\n\n\n\n<p class=\"wp-block-paragraph\">O <strong>GRANDE PR\u00caMIO<\/strong> acompanha <a href=\"https:\/\/www.grandepremio.com\/br\/ao-vivo\/f1\/gp-da-hungria-2020-treinos-livres\/?fl=true&amp;utm_source=lance\">AO VIVO e em TEMPO REAL<\/a> todo o fim de semana do GP da Hungria de F\u00f3rmula 1.<\/p>\n\n\n\n<figure class=\"wp-block-embed-youtube wp-block-embed is-type-video is-provider-youtube wp-embed-aspect-16-9 wp-has-aspect-ratio\"><div class=\"wp-block-embed__wrapper\">\n<iframe loading=\"lazy\" title=\"Vai ganhar... PERDEU! Hist\u00f3rias de quem foi DERROTADO, mas VENCEU na F1\" width=\"500\" height=\"281\" src=\"https:\/\/www.youtube.com\/embed\/Xcee6J_DjcM?feature=oembed\" frameborder=\"0\" allow=\"accelerometer; autoplay; clipboard-write; encrypted-media; gyroscope; picture-in-picture; web-share\" referrerpolicy=\"strict-origin-when-cross-origin\" allowfullscreen><\/iframe>\n<\/div><\/figure>\n","protected":false},"excerpt":{"rendered":"<p>Assim como fez Zak Brown nesta sexta-feira, Mattia Binotto confirmou que a Ferrari est\u00e1 muito perto de assinar o documento que rege as rela\u00e7\u00f5es comerciais e a distribui\u00e7\u00e3o de receita entre a F\u00f3rmula 1, a FIA e as dez equipes do grid. \u201cEstamos felizes porque sabemos que a F\u00f3rmula 1 n\u00e3o alterou a import\u00e2ncia do papel da Ferrari na categoria\u201d, disse o dirigente \u00edtalo-su\u00ed\u00e7o<\/p>\n","protected":false},"author":0,"featured_media":1000397156,"comment_status":"closed","ping_status":"closed","sticky":false,"template":"","format":"standard","meta":{"42wp_featured_image_caption":"","42wp_featured_image_credits":"","42wp_featured_video":"","42wp_featured_image_hidden":false,"42wp_authors_list":[],"footnotes":""},"categories":[2],"tags":[147,118,207,24837,24860,24836,442,90,25542,580],"42wp_author":[47110],"class_list":["post-128999","post","type-post","status-publish","format-standard","has-post-thumbnail","hentry","category-f1","tag-f1","tag-f1-2020","tag-ferrari","tag-formula-1-2","tag-formula-1-2020-2","tag-grande-premio-2","tag-mattia-binotto","tag-mclaren","tag-pacto-da-concordia","tag-zak-brown","42wp_author-fernando-silva"],"_links":{"self":[{"href":"https:\/\/grandepremio.com\/br\/wp-json\/wp\/v2\/posts\/128999","targetHints":{"allow":["GET"]}}],"collection":[{"href":"https:\/\/grandepremio.com\/br\/wp-json\/wp\/v2\/posts"}],"about":[{"href":"https:\/\/grandepremio.com\/br\/wp-json\/wp\/v2\/types\/post"}],"replies":[{"embeddable":true,"href":"https:\/\/grandepremio.com\/br\/wp-json\/wp\/v2\/comments?post=128999"}],"version-history":[{"count":0,"href":"https:\/\/grandepremio.com\/br\/wp-json\/wp\/v2\/posts\/128999\/revisions"}],"wp:featuredmedia":[{"embeddable":true,"href":"https:\/\/grandepremio.com\/br\/wp-json\/wp\/v2\/media\/1000397156"}],"wp:attachment":[{"href":"https:\/\/grandepremio.com\/br\/wp-json\/wp\/v2\/media?parent=128999"}],"wp:term":[{"taxonomy":"category","embeddable":true,"href":"https:\/\/grandepremio.com\/br\/wp-json\/wp\/v2\/categories?post=128999"},{"taxonomy":"post_tag","embeddable":true,"href":"https:\/\/grandepremio.com\/br\/wp-json\/wp\/v2\/tags?post=128999"},{"taxonomy":"42wp_author","embeddable":true,"href":"https:\/\/grandepremio.com\/br\/wp-json\/wp\/v2\/42wp_author?post=128999"}],"curies":[{"name":"wp","href":"https:\/\/api.w.org\/{rel}","templated":true}]}}