{"id":129042,"date":"2020-07-16T11:00:00","date_gmt":"2020-07-16T14:00:00","guid":{"rendered":"https:\/\/grandepremio.com\/br\/noticias\/predestinado-e-opiniao-publica-a-favor-leclerc-tem-tratamento-vip-na-italia\/"},"modified":"2020-07-14T19:51:33","modified_gmt":"2020-07-14T22:51:33","slug":"predestinado-e-opiniao-publica-a-favor-leclerc-tem-tratamento-vip-na-italia","status":"publish","type":"post","link":"https:\/\/grandepremio.com\/br\/f1\/predestinado-e-opiniao-publica-a-favor-leclerc-tem-tratamento-vip-na-italia\/","title":{"rendered":"Predestinado e opini\u00e3o p\u00fablica a favor: Leclerc tem tratamento VIP na It\u00e1lia"},"content":{"rendered":"\n<p class=\"wp-block-paragraph\">No Cadeira Cativa #14, Cesare Maria Mannucci detalhou como \u00e9 a vis\u00e3o da opini\u00e3o p\u00fablica italiana sobre Charles Leclerc, piloto da\u00a0<a href=\"https:\/\/www.grandepremio.com\/br\/equipe\/f1\/2020\/scuderia-ferrari\/\">Ferrari<\/a> que teve contrato renovado at\u00e9 2024. Apesar de erros e pol\u00eamicas desde que chegou \u00e0 equipe, o monegasco continua com prest\u00edgio diante de todos.<\/p>\n\n\n\n<p class=\"wp-block-paragraph\">&#8220;A opini\u00e3o p\u00fablica ficou a favor quando ele fez a besteira na classifica\u00e7\u00e3o em Baku [em 2019] ou no \u00faltimo GP do Brasil. Aqui, por enquanto, Leclerc \u00e9 o piloto mais querido que tem&#8221;, afirmou o jornalista italiano.<\/p>\n\n\n\n<p class=\"wp-block-paragraph\">O Cadeira Cativa \u00e9 o programa do&nbsp;<strong>GRANDE PR\u00caMIO&nbsp;<a href=\"https:\/\/www.youtube.com\/playlist?list=PLULYLQYUzB5quTd-TVZPMhYwfGBYPTVy7\">que recebe jornalistas e personalidades marcantes da cobertura de esporte a motor do Brasil<\/a><\/strong>.<\/p>\n\n\n\n<p class=\"wp-block-paragraph\"><strong>Assista ao trecho completo abaixo:<\/strong><\/p>\n\n\n\n<figure class=\"wp-block-embed-youtube wp-block-embed is-type-video is-provider-youtube wp-embed-aspect-16-9 wp-has-aspect-ratio\"><div class=\"wp-block-embed__wrapper\">\n<iframe loading=\"lazy\" title=\"Jejum de T\u00cdTULOS na F1 e crise: o que acontece com a FERRARI? | Cadeira Cativa #14\" width=\"500\" height=\"281\" src=\"https:\/\/www.youtube.com\/embed\/NWA-KpPjI-M?start=3916&amp;feature=oembed\" frameborder=\"0\" allow=\"accelerometer; autoplay; clipboard-write; encrypted-media; gyroscope; picture-in-picture; web-share\" referrerpolicy=\"strict-origin-when-cross-origin\" allowfullscreen><\/iframe>\n<\/div><\/figure>\n\n\n","protected":false},"excerpt":{"rendered":"<p>Charles Leclerc chegou \u00e0 Ferrari em 2019 como segundo piloto. Sua primeira temporada pela equipe, por\u00e9m, rendeu duas vit\u00f3rias, a aten\u00e7\u00e3o da imprensa e uma mudan\u00e7a na vis\u00e3o da opini\u00e3o p\u00fablica italiana. No Cadeira Cativa #14, Cesare Maria Mannucci explicou como ele \u00e9 tratado no pa\u00eds<\/p>\n","protected":false},"author":0,"featured_media":0,"comment_status":"closed","ping_status":"closed","sticky":false,"template":"","format":"standard","meta":{"42wp_featured_image_caption":"","42wp_featured_image_credits":"","42wp_featured_video":"","42wp_featured_image_hidden":false,"42wp_authors_list":[],"footnotes":""},"categories":[2],"tags":[24900,209,147,207,122,24837,24836,25429],"42wp_author":[47109],"class_list":["post-129042","post","type-post","status-publish","format-standard","hentry","category-f1","tag-cadeira-cativa","tag-charles-leclerc","tag-f1","tag-ferrari","tag-flavio-gomes","tag-formula-1-2","tag-grande-premio-2","tag-luiz-alberto-pandini","42wp_author-redacao-gp"],"_links":{"self":[{"href":"https:\/\/grandepremio.com\/br\/wp-json\/wp\/v2\/posts\/129042","targetHints":{"allow":["GET"]}}],"collection":[{"href":"https:\/\/grandepremio.com\/br\/wp-json\/wp\/v2\/posts"}],"about":[{"href":"https:\/\/grandepremio.com\/br\/wp-json\/wp\/v2\/types\/post"}],"replies":[{"embeddable":true,"href":"https:\/\/grandepremio.com\/br\/wp-json\/wp\/v2\/comments?post=129042"}],"version-history":[{"count":0,"href":"https:\/\/grandepremio.com\/br\/wp-json\/wp\/v2\/posts\/129042\/revisions"}],"wp:attachment":[{"href":"https:\/\/grandepremio.com\/br\/wp-json\/wp\/v2\/media?parent=129042"}],"wp:term":[{"taxonomy":"category","embeddable":true,"href":"https:\/\/grandepremio.com\/br\/wp-json\/wp\/v2\/categories?post=129042"},{"taxonomy":"post_tag","embeddable":true,"href":"https:\/\/grandepremio.com\/br\/wp-json\/wp\/v2\/tags?post=129042"},{"taxonomy":"42wp_author","embeddable":true,"href":"https:\/\/grandepremio.com\/br\/wp-json\/wp\/v2\/42wp_author?post=129042"}],"curies":[{"name":"wp","href":"https:\/\/api.w.org\/{rel}","templated":true}]}}