{"id":129074,"date":"2020-07-15T10:38:37","date_gmt":"2020-07-15T13:38:37","guid":{"rendered":"https:\/\/grandepremio.com\/br\/noticias\/kubica-volta-ao-cockpit-da-alfa-romeo-e-substitui-raikkonen-no-tl1-da-hungria\/"},"modified":"2020-07-15T15:01:19","modified_gmt":"2020-07-15T18:01:19","slug":"kubica-volta-ao-cockpit-da-alfa-romeo-e-substitui-raikkonen-no-tl1-da-hungria","status":"publish","type":"post","link":"https:\/\/grandepremio.com\/br\/f1\/kubica-volta-ao-cockpit-da-alfa-romeo-e-substitui-raikkonen-no-tl1-da-hungria\/","title":{"rendered":"Kubica volta ao cockpit da Alfa Romeo no primeiro treino livre para o GP da Hungria"},"content":{"rendered":"\n<figure class=\"wp-block-embed-youtube wp-block-embed is-type-video is-provider-youtube wp-embed-aspect-16-9 wp-has-aspect-ratio\"><div class=\"wp-block-embed__wrapper\">\n<iframe loading=\"lazy\" title=\"Do GENIAL Hamilton ao PASTEL\u00c3O da Ferrari: o GP da Est\u00edria de F1 | GP \u00e0s 10\" width=\"500\" height=\"281\" src=\"https:\/\/www.youtube.com\/embed\/Ds9_0V-cufM?start=3&amp;feature=oembed\" frameborder=\"0\" allow=\"accelerometer; autoplay; clipboard-write; encrypted-media; gyroscope; picture-in-picture; web-share\" referrerpolicy=\"strict-origin-when-cross-origin\" allowfullscreen><\/iframe>\n<\/div><\/figure>\n\n\n\n<p class=\"wp-block-paragraph\">No \u00faltimo fim de semana, no GP da Est\u00edria, <a href=\"https:\/\/www.grandepremio.com\/br\/f1\/noticias\/reserva-da-alfa-romeo-kubica-volta-a-guiar-na-formula-1-em-treino-livre-do-gp-da-estiria\/\">Robert Kubica voltou a participar de um final de semana de corrida na F\u00f3rmula 1<\/a> ao substituir Antonio Giovinazzi, da Alfa Romeo, no primeiro treino livre disputado no Red Bull Ring. Agora, na Hungria, o polon\u00eas retorna ao C39, dessa vez no lugar de Kimi R\u00e4ikk\u00f6nen, na mesma fase da programa\u00e7\u00e3o.<\/p>\n\n\n\n<p class=\"wp-block-paragraph\">Kubica \u00e9 reserva da Alfa Romeo desde o primeiro dia de 2020 e j\u00e1 guiou o modelo equipado como motor Ferrari na pr\u00e9-temporada. No TL1 para a segunda corrida na \u00c1ustria, o GP da Est\u00edria, <a href=\"https:\/\/www.grandepremio.com\/br\/f1\/noticias\/com-pneus-macios-perez-poe-racing-point-na-frente-do-tl1-do-gp-da-estiria\/\">o piloto de 35 anos teve rendimento discreto e terminou na 18\u00aa posi\u00e7\u00e3o<\/a>, 1s930 atr\u00e1s do l\u00edder da sess\u00e3o (Sergio P\u00e9rez), enquanto Kimi R\u00e4ikk\u00f6nen fechou em 15\u00ba.<\/p>\n\n\n\n<p class=\"wp-block-paragraph\">&#8220;Pilotar um desses carros \u00e9 sempre uma sensa\u00e7\u00e3o incr\u00edvel e n\u00e3o consigo esperar pela sexta-feira&#8221;, disse Kubica em comunicado emitido pela Alfa Romeo nesta quarta-feira (15).<\/p>\n\n\n\n<figure class=\"wp-block-image size-large\"><img decoding=\"async\" src=\"https:\/\/www.grandepremio.com\/br\/wp-content\/uploads\/2020\/07\/alfaromeo-robertkubica-01-1024x683.jpg\" alt=\"\" class=\"wp-image-394517\"\/><figcaption>Kubica retornou \u00e0 F1 no treino livre do GP da Est\u00edria (Foto: &#8220;Alfa Romeo&#8221;)<\/figcaption><\/figure>\n\n\n\n<p class=\"wp-block-paragraph\">&#8220;Emo\u00e7\u00f5es \u00e0 parte, n\u00e3o podemos esquecer como \u00e9 crucial o desenvolvimento do carro, especialmente na apertada temporada 2020. O time precisa de informa\u00e7\u00f5es valiosas, e \u00e9 para isso que estou aqui. Tivemos um final de semana produtivo na \u00faltima vez, e meu objetivo \u00e9 ajudar o time a dar outro passo \u00e0 frente na Hungria&#8221;, completou Kubica.<\/p>\n\n\n\n<p class=\"wp-block-paragraph\">A primeira sess\u00e3o de treinos livres para o GP da Hungria est\u00e1 marcada para 6h (de Bras\u00edlia) desta sexta-feira. O <strong>GRANDE PR\u00caMIO<\/strong> acompanha tudo <strong>AO VIVO e em TEMPO REAL<\/strong>.<\/p>\n\n\n\n<figure class=\"wp-block-embed-youtube wp-block-embed is-type-video is-provider-youtube wp-embed-aspect-16-9 wp-has-aspect-ratio\"><div class=\"wp-block-embed__wrapper\">\n<iframe loading=\"lazy\" title=\"SEJA MEMBRO DA GPTV, O CANAL DO GRANDE PR\u00caMIO\" width=\"500\" height=\"281\" src=\"https:\/\/www.youtube.com\/embed\/ecKN8WAxjzw?feature=oembed\" frameborder=\"0\" allow=\"accelerometer; autoplay; clipboard-write; encrypted-media; gyroscope; picture-in-picture; web-share\" referrerpolicy=\"strict-origin-when-cross-origin\" allowfullscreen><\/iframe>\n<\/div><\/figure>\n","protected":false},"excerpt":{"rendered":"<p>Na pista de Hungaroring, o polon\u00eas entrar\u00e1 na vaga de Kimi R\u00e4ikk\u00f6nen por uma sess\u00e3o<\/p>\n","protected":false},"author":0,"featured_media":1000394603,"comment_status":"closed","ping_status":"closed","sticky":false,"template":"","format":"standard","meta":{"42wp_featured_image_caption":"","42wp_featured_image_credits":"","42wp_featured_video":"","42wp_featured_image_hidden":false,"42wp_authors_list":[],"footnotes":""},"categories":[2],"tags":[457,147,118,24837,24860,1647,24834,1094],"42wp_author":[47109],"class_list":["post-129074","post","type-post","status-publish","format-standard","has-post-thumbnail","hentry","category-f1","tag-alfa-romeo","tag-f1","tag-f1-2020","tag-formula-1-2","tag-formula-1-2020-2","tag-gp-da-hungria","tag-kimi-raikkonen-2","tag-robert-kubica","42wp_author-redacao-gp"],"_links":{"self":[{"href":"https:\/\/grandepremio.com\/br\/wp-json\/wp\/v2\/posts\/129074","targetHints":{"allow":["GET"]}}],"collection":[{"href":"https:\/\/grandepremio.com\/br\/wp-json\/wp\/v2\/posts"}],"about":[{"href":"https:\/\/grandepremio.com\/br\/wp-json\/wp\/v2\/types\/post"}],"replies":[{"embeddable":true,"href":"https:\/\/grandepremio.com\/br\/wp-json\/wp\/v2\/comments?post=129074"}],"version-history":[{"count":0,"href":"https:\/\/grandepremio.com\/br\/wp-json\/wp\/v2\/posts\/129074\/revisions"}],"wp:featuredmedia":[{"embeddable":true,"href":"https:\/\/grandepremio.com\/br\/wp-json\/wp\/v2\/media\/1000394603"}],"wp:attachment":[{"href":"https:\/\/grandepremio.com\/br\/wp-json\/wp\/v2\/media?parent=129074"}],"wp:term":[{"taxonomy":"category","embeddable":true,"href":"https:\/\/grandepremio.com\/br\/wp-json\/wp\/v2\/categories?post=129074"},{"taxonomy":"post_tag","embeddable":true,"href":"https:\/\/grandepremio.com\/br\/wp-json\/wp\/v2\/tags?post=129074"},{"taxonomy":"42wp_author","embeddable":true,"href":"https:\/\/grandepremio.com\/br\/wp-json\/wp\/v2\/42wp_author?post=129074"}],"curies":[{"name":"wp","href":"https:\/\/api.w.org\/{rel}","templated":true}]}}