{"id":129084,"date":"2020-07-15T07:00:00","date_gmt":"2020-07-15T10:00:00","guid":{"rendered":"https:\/\/grandepremio.com\/br\/noticias\/cesare-mannucci-teme-novo-caso-prost-com-saida-de-vettel-antes-do-fim-da-temporada\/"},"modified":"2020-07-15T13:00:55","modified_gmt":"2020-07-15T16:00:55","slug":"cesare-mannucci-teme-novo-caso-prost-com-saida-de-vettel-antes-do-fim-da-temporada","status":"publish","type":"post","link":"https:\/\/grandepremio.com\/br\/f1\/cesare-mannucci-teme-novo-caso-prost-com-saida-de-vettel-antes-do-fim-da-temporada\/","title":{"rendered":"Cesare Mannucci teme novo &#8216;caso Prost&#8217; com sa\u00edda de Vettel antes do fim da temporada"},"content":{"rendered":"\n<p class=\"wp-block-paragraph\">No Cadeira Cativa #14, Flavio Gomes, Cesare Maria Mannucci e Luiz Alberto Pandini discutiram uma poss\u00edvel sa\u00edda de Sebastian Vettel da&nbsp;<a href=\"https:\/\/www.grandepremio.com\/br\/equipe\/f1\/2020\/scuderia-ferrari\/\">Ferrari<\/a> antes do fim de sua \u00faltima temporada com a equipe. O exemplo de Alain Prost, que deixou a escuderia antes do GP da Austr\u00e1lia de 1991 foi relembrado por Cesare Maria Mannucci.<\/p>\n\n\n\n<p class=\"wp-block-paragraph\">&#8220;Se isso acontecer, ter\u00e1 problema como foi com o Prost. Claro que o erro dele na primeira corrida foi realmente ruim. Imaginar fazer 14 ou 15 corridas assim \u00e9 mais dif\u00edcil&#8221;, disse o jornalista italiano.<\/p>\n\n\n\n<p class=\"wp-block-paragraph\">O Cadeira Cativa \u00e9 o programa do&nbsp;<strong>GRANDE PR\u00caMIO&nbsp;<a href=\"https:\/\/www.youtube.com\/playlist?list=PLULYLQYUzB5quTd-TVZPMhYwfGBYPTVy7\">que recebe jornalistas e personalidades marcantes da cobertura de esporte a motor do Brasil<\/a><\/strong>.<\/p>\n\n\n\n<p class=\"wp-block-paragraph\"><strong>Assista ao trecho completo abaixo:<\/strong><\/p>\n\n\n\n<figure class=\"wp-block-embed-youtube wp-block-embed is-type-video is-provider-youtube wp-embed-aspect-16-9 wp-has-aspect-ratio\"><div class=\"wp-block-embed__wrapper\">\n<iframe loading=\"lazy\" title=\"Jejum de T\u00cdTULOS na F1 e crise: o que acontece com a FERRARI? | Cadeira Cativa #14\" width=\"500\" height=\"281\" src=\"https:\/\/www.youtube.com\/embed\/NWA-KpPjI-M?start=4530&amp;feature=oembed\" frameborder=\"0\" allow=\"accelerometer; autoplay; clipboard-write; encrypted-media; gyroscope; picture-in-picture; web-share\" referrerpolicy=\"strict-origin-when-cross-origin\" allowfullscreen><\/iframe>\n<\/div><\/figure>\n\n\n","protected":false},"excerpt":{"rendered":"<p>Sebastian Vettel est\u00e1 saindo da Ferrari no fim da temporada 2020. Mas h\u00e1 alguma possibilidade do piloto alem\u00e3o abandonar a equipe durante o campeonato? No Cadeira Cativa #14, Cesare Maria Mannucci deu sua opini\u00e3o<\/p>\n","protected":false},"author":0,"featured_media":1000389742,"comment_status":"closed","ping_status":"closed","sticky":false,"template":"","format":"standard","meta":{"42wp_featured_image_caption":"","42wp_featured_image_credits":"","42wp_featured_video":"","42wp_featured_image_hidden":false,"42wp_authors_list":[],"footnotes":""},"categories":[2],"tags":[1189,24900,147,207,122,24837,24836,25429,210],"42wp_author":[47109],"class_list":["post-129084","post","type-post","status-publish","format-standard","has-post-thumbnail","hentry","category-f1","tag-alain-prost","tag-cadeira-cativa","tag-f1","tag-ferrari","tag-flavio-gomes","tag-formula-1-2","tag-grande-premio-2","tag-luiz-alberto-pandini","tag-sebastian-vettel","42wp_author-redacao-gp"],"_links":{"self":[{"href":"https:\/\/grandepremio.com\/br\/wp-json\/wp\/v2\/posts\/129084","targetHints":{"allow":["GET"]}}],"collection":[{"href":"https:\/\/grandepremio.com\/br\/wp-json\/wp\/v2\/posts"}],"about":[{"href":"https:\/\/grandepremio.com\/br\/wp-json\/wp\/v2\/types\/post"}],"replies":[{"embeddable":true,"href":"https:\/\/grandepremio.com\/br\/wp-json\/wp\/v2\/comments?post=129084"}],"version-history":[{"count":0,"href":"https:\/\/grandepremio.com\/br\/wp-json\/wp\/v2\/posts\/129084\/revisions"}],"wp:featuredmedia":[{"embeddable":true,"href":"https:\/\/grandepremio.com\/br\/wp-json\/wp\/v2\/media\/1000389742"}],"wp:attachment":[{"href":"https:\/\/grandepremio.com\/br\/wp-json\/wp\/v2\/media?parent=129084"}],"wp:term":[{"taxonomy":"category","embeddable":true,"href":"https:\/\/grandepremio.com\/br\/wp-json\/wp\/v2\/categories?post=129084"},{"taxonomy":"post_tag","embeddable":true,"href":"https:\/\/grandepremio.com\/br\/wp-json\/wp\/v2\/tags?post=129084"},{"taxonomy":"42wp_author","embeddable":true,"href":"https:\/\/grandepremio.com\/br\/wp-json\/wp\/v2\/42wp_author?post=129084"}],"curies":[{"name":"wp","href":"https:\/\/api.w.org\/{rel}","templated":true}]}}