{"id":129152,"date":"2020-07-13T06:10:24","date_gmt":"2020-07-13T09:10:24","guid":{"rendered":"https:\/\/grandepremio.com\/br\/noticias\/mulher-preta-e-africana-por-que-stephanie-travers-fez-historia-no-podio-do-gp-da-estiria\/"},"modified":"2020-07-13T12:47:12","modified_gmt":"2020-07-13T15:47:12","slug":"mulher-preta-e-africana-por-que-stephanie-travers-fez-historia-no-podio-do-gp-da-estiria","status":"publish","type":"post","link":"https:\/\/grandepremio.com\/br\/f1\/mulher-preta-e-africana-por-que-stephanie-travers-fez-historia-no-podio-do-gp-da-estiria\/","title":{"rendered":"Mulher, preta e africana: por que Stephanie Travers fez hist\u00f3ria no p\u00f3dio do GP da Est\u00edria"},"content":{"rendered":"\n<figure class=\"wp-block-embed-youtube wp-block-embed is-type-video is-provider-youtube wp-embed-aspect-16-9 wp-has-aspect-ratio\"><div class=\"wp-block-embed__wrapper\">\n<iframe loading=\"lazy\" title=\"F1 2020: a an\u00e1lise do GP DA EST\u00cdRIA - HAMILTON dominante, FERRARI miser\u00e1vel | Briefing\" width=\"500\" height=\"281\" src=\"https:\/\/www.youtube.com\/embed\/1TFeSjy0K64?feature=oembed\" frameborder=\"0\" allow=\"accelerometer; autoplay; clipboard-write; encrypted-media; gyroscope; picture-in-picture; web-share\" referrerpolicy=\"strict-origin-when-cross-origin\" allowfullscreen><\/iframe>\n<\/div><\/figure>\n\n\n\n<p class=\"wp-block-paragraph\">O <a href=\"https:\/\/www.grandepremio.com\/br\/f1\/noticias\/hamilton-bottas-e-verstappen-recebem-trofeu-e-champanhe-no-podio-por-controle-remoto\/?fl=true&amp;utm_source=lance\">p\u00f3dio<\/a> do <a href=\"https:\/\/www.grandepremio.com\/br\/f1\/noticias\/hamilton-vence-facil-gp-da-estiria-leclerc-acerta-vettel-e-amplia-crise-na-ferrari\/?fl=true&amp;utm_source=lance\">GP da Est\u00edria de F\u00f3rmula 1<\/a> definitivamente foi hist\u00f3rico. No topo, <a href=\"https:\/\/www.grandepremio.com\/br\/f1\/noticias\/hamilton-aproveita-podio-na-estiria-e-protesta-com-punho-cerrado-contra-racismo\/\">Lewis Hamilton, vencedor da corrida do \u00faltimo domingo (12) no Red Bull Ring, protestou contra o racismo com o punho cerrado, gesto emblem\u00e1tico protagonizado pelas \u2018Panteras Negras\u2019 nos Jogos Ol\u00edmpicos de 1968<\/a> e visto pela primeira vez na principal categoria do esporte a motor. Outro fato igualmente hist\u00f3rico e in\u00e9dito foi proporcionado pela Mercedes. A construtora vencedora da prova escolheu a engenheira Stephanie Travers para represent\u00e1-la na celebra\u00e7\u00e3o. \u00c9 a primeira mulher preta e africana em mais de 70 anos de hist\u00f3ria a subir no p\u00f3dio da F\u00f3rmula 1.<\/p>\n\n\n\n<p class=\"wp-block-paragraph\">Mas quem \u00e9 Stephanie Travers? Nascida no Zimb\u00e1bue h\u00e1 26 anos, formou-se em engenharia qu\u00edmica em 2016 pela Universidade de Bradford, na Inglaterra, e no ano seguinte obteve a especializa\u00e7\u00e3o no Imperial College de Londres. Antes de se formar, por\u00e9m, Stephanie trabalhou como professora de piano e como gar\u00e7onete antes de ir atr\u00e1s do sonho.<\/p>\n\n\n\n<figure class=\"wp-block-image size-large\"><img decoding=\"async\" src=\"https:\/\/www.grandepremio.com\/br\/wp-content\/uploads\/2020\/07\/StephanieTravers-1024x683.jpg\" alt=\"Lewis Hamilton e Stephanie Travers\" class=\"wp-image-395766\"\/><figcaption>Lewis Hamilton e Stephanie Travers no p\u00f3dio do GP da Est\u00edria (Foto: Twitter)<\/figcaption><\/figure>\n\n\n\n<p class=\"wp-block-paragraph\">Em mar\u00e7o de 2019, Stephanie foi selecionada em um processo global desenvolvido pela Petronas \u2014 principal patrocinadora e tamb\u00e9m fornecedora de combust\u00edveis e lubrificantes da Mercedes \u2014 para ser engenheira de flu\u00eddos para trabalhar junto \u00e0 Mercedes a partir da temporada passada. Ao todo, Travers enfrentou mais de 7 mil concorrentes. O an\u00fancio foi visto pela rede social LinkedIn.<\/p>\n\n\n\n<p class=\"wp-block-paragraph\">\u201cTive a coragem de entrar e, a partir deste ponto, disse que isso era algo que eu sempre quis fazer, pois um processo global n\u00e3o deve me impedir de me inscrever. Me inscrevi e, depois de passar por todas as etapas, mantive a calma para garantir que me apresentaria da melhor forma poss\u00edvel\u201d, explicou Travers em entrevista concedida em janeiro deste ano ao site Women On Wheels.<\/p>\n\n\n\n<figure class=\"wp-block-video\"><video class=\"video-js vjs-big-play-centered\" data-gp-vjs=\"1\" controls src=\"https:\/\/www.grandepremio.com\/br\/wp-content\/uploads\/2020\/07\/P\u00f3dio.mp4\"><\/video><figcaption>O p\u00f3dio do GP da Est\u00edria de F\u00f3rmula 1 foi hist\u00f3rico em muitos aspectos (V\u00eddeo: Reprodu\u00e7\u00e3o)<\/figcaption><\/figure>\n\n\n\n<p class=\"wp-block-paragraph\">Um dos est\u00e1gios do processo seletivo era o envio de um v\u00eddeo, com 1 minuto de dura\u00e7\u00e3o, respondendo a perguntas de Valtteri Bottas e outros integrantes da Mercedes. Aprovada nesta fase, Stephanie viajou at\u00e9 Kuala Lumpur, na Mal\u00e1sia, sede da Petronas, em uma competi\u00e7\u00e3o semelhante ao programa de TV \u2018Amazing Race\u2019, uma ca\u00e7a ao tesouro, para chegar ao est\u00e1gio final: uma entrevista com Giuseppe D\u2019Arrigo, CEO da Petronas.<\/p>\n\n\n\n<p class=\"wp-block-paragraph\">\u201cMe concentrei na minha pr\u00f3pria jornada, especialmente durante a fase de vota\u00e7\u00e3o do v\u00eddeo \u2014 teve outros nove v\u00eddeos, mas n\u00e3o os assisti, fiz somente o meu, focada no meu. N\u00e3o queria me comparar com mais ningu\u00e9m e somente me concentrei na minha pr\u00f3pria jornada o tempo todo e me mantive tranquila\u201d, relembrou.<\/p>\n\n\n\n<p class=\"wp-block-paragraph\">Desde que se uniu \u00e0 Petronas para trabalhar em conjunto com a Mercedes, a rotina de Stephanie compreende a chegada \u00e0 pista na ter\u00e7a-feira, bem antes do in\u00edcio das atividades de pista, para ajudar a montar o laborat\u00f3rio de combust\u00edvel. Nas corridas fora da Europa, este laborat\u00f3rio fica dentro da garagem da equipe, e no Velho Mundo a estrutura \u00e9 montada em um motorhome.<\/p>\n\n\n\n<p class=\"wp-block-paragraph\">\u201cAnaliso o \u00f3leo do motor, o \u00f3leo do c\u00e2mbio e o combust\u00edvel durante o fim de semana de corrida. Fa\u00e7o a an\u00e1lise de combust\u00edvel para garantir que estamos em conformidade com os regulamentos da FIA para verificar se n\u00e3o temos tambores de combust\u00edvel contaminados durante o transporte e para garantir que, ao abastecer as plataformas de combust\u00edvel, a bomba de combust\u00edvel e ao abastecer o carro, n\u00e3o temos contamina\u00e7\u00e3o, e n\u00e3o podemos transportar se mudarmos as especifica\u00e7\u00f5es de combust\u00edvel\u201d, descreveu.<\/p>\n\n\n\n<h4 class=\"wp-block-heading\">As imagens do GP da Est\u00edria de F\u00f3rmula 1: <a href=\"https:\/\/bit.ly\/3iRCxPn\">clique na imagem abaixo<\/a> para ver nossa supergaleria<\/h4>\n\n\n\n<figure class=\"wp-block-image\"><a href=\"https:\/\/bit.ly\/3iRCxPn\"><img decoding=\"async\" src=\"https:\/\/www.grandepremio.com\/br\/wp-content\/uploads\/2020\/07\/MontagemF1estdom-1024x682.jpg\" alt=\"O atributo alt desta imagem est\u00e1 vazio. O nome do arquivo \u00e9 MontagemF1estdom-1024x682.jpg\"\/><\/a><figcaption><a href=\"https:\/\/bit.ly\/3iRCxPn\">As melhores imagens do GP da Est\u00edria 2020 de F\u00f3rmula 1<\/a><\/figcaption><\/figure>\n\n\n\n<p class=\"wp-block-paragraph\">A engenheira contou, tamb\u00e9m, que a rela\u00e7\u00e3o com as corridas \u00e9 de amor e vem desde cedo. \u201cSempre adorei o automobilismo, desde pequena; costumava assistir com meus pais e av\u00f3s. Tinha primos que andavam de kart, ent\u00e3o isso foi algo que sempre gostei. Cresci assistindo a F\u00f3rmula 1 e sempre quis ver ao vivo, o que tive a oportunidade de fazer na universidade. Ver a F1 ao vivo em Barcelona tornou aquilo muito mais real para mim\u201d.<\/p>\n\n\n\n<p class=\"wp-block-paragraph\">\u201cDepois disso, sabia que definitivamente queria entrar um dia na F1. Naquele momento, j\u00e1 tinha me formado em engenharia qu\u00edmica, sabendo que uma op\u00e7\u00e3o poss\u00edvel era entrar na F1, mesmo sabendo que h\u00e1 poucos espa\u00e7os neste n\u00edvel. A maioria das pessoas na F1 faz engenharia mec\u00e2nica ou aeroespacial. Sabia que queria seguir qu\u00edmica e matem\u00e1tica, ent\u00e3o escolhi a engenharia qu\u00edmica com a esperan\u00e7a de entrar na F1, mas sabia que, se n\u00e3o desse certo, n\u00e3o seria o fim, j\u00e1 que eu ainda estaria fazendo algo que gosto\u201d, disse.<\/p>\n\n\n\n<p class=\"wp-block-paragraph\">Quando perguntada sobre qual conselho daria para uma jovem que sonha em trilhar a carreira de uma profiss\u00e3o predominantemente masculina, Stephanie ressaltou: para tudo na vida, o mais importante \u00e9 amar o que se faz.<\/p>\n\n\n\n<p class=\"wp-block-paragraph\">\u201cDiria para que siga em frente. Se isso \u00e9 algo que voc\u00ea realmente ama, basta se aplicar. Fa\u00e7a o melhor que puder na escola, concentre-se nos assuntos do seu interesse e n\u00e3o se afaste deles se souber que o caminho final \u00e9 uma carreira que \u00e9 predominantemente masculina. Minha turma tinha cinco mulheres. E isso n\u00e3o me impediu. Fiz todo o curso, tirei notas muito boas, mantive o foco. Sabia que o objetivo final era algo que era muito apaixonada. Contanto que voc\u00ea esteja feliz com o que faz, isso \u00e9 o principal\u201d, concluiu.<\/p>\n\n\n\n<figure class=\"wp-block-embed-youtube wp-block-embed is-type-video is-provider-youtube wp-embed-aspect-16-9 wp-has-aspect-ratio\"><div class=\"wp-block-embed__wrapper\">\n<iframe loading=\"lazy\" title=\"Por que VOLTA de FERNANDO ALONSO \u00e0 F1 \u00e9 um GRANDE ERRO | GP \u00e0s 10\" width=\"500\" height=\"281\" src=\"https:\/\/www.youtube.com\/embed\/nVyWK0zkgTk?feature=oembed\" frameborder=\"0\" allow=\"accelerometer; autoplay; clipboard-write; encrypted-media; gyroscope; picture-in-picture; web-share\" referrerpolicy=\"strict-origin-when-cross-origin\" allowfullscreen><\/iframe>\n<\/div><\/figure>\n\n\n\n<p class=\"wp-block-paragraph\"><\/p>\n","protected":false},"excerpt":{"rendered":"<p>Engenheira qu\u00edmica da Petronas, Stephanie Travers foi, aos 26 anos, a primeira mulher preta ao subir no p\u00f3dio da F\u00f3rmula 1. Nascida no Zimb\u00e1bue, a profissional foi escolhida pela Mercedes para representar o construtor vencedor do GP da Est\u00edria e festejou a conquista ao lado de Lewis Hamilton<\/p>\n","protected":false},"author":0,"featured_media":1000391677,"comment_status":"closed","ping_status":"closed","sticky":false,"template":"","format":"standard","meta":{"42wp_featured_image_caption":"","42wp_featured_image_credits":"","42wp_featured_video":"","42wp_featured_image_hidden":false,"42wp_authors_list":[],"footnotes":""},"categories":[2],"tags":[147,118,24837,24894,24836,82,541],"42wp_author":[47110],"class_list":["post-129152","post","type-post","status-publish","format-standard","has-post-thumbnail","hentry","category-f1","tag-f1","tag-f1-2020","tag-formula-1-2","tag-gp-da-estiria-2","tag-grande-premio-2","tag-mercedes","tag-petronas","42wp_author-fernando-silva"],"_links":{"self":[{"href":"https:\/\/grandepremio.com\/br\/wp-json\/wp\/v2\/posts\/129152","targetHints":{"allow":["GET"]}}],"collection":[{"href":"https:\/\/grandepremio.com\/br\/wp-json\/wp\/v2\/posts"}],"about":[{"href":"https:\/\/grandepremio.com\/br\/wp-json\/wp\/v2\/types\/post"}],"replies":[{"embeddable":true,"href":"https:\/\/grandepremio.com\/br\/wp-json\/wp\/v2\/comments?post=129152"}],"version-history":[{"count":0,"href":"https:\/\/grandepremio.com\/br\/wp-json\/wp\/v2\/posts\/129152\/revisions"}],"wp:featuredmedia":[{"embeddable":true,"href":"https:\/\/grandepremio.com\/br\/wp-json\/wp\/v2\/media\/1000391677"}],"wp:attachment":[{"href":"https:\/\/grandepremio.com\/br\/wp-json\/wp\/v2\/media?parent=129152"}],"wp:term":[{"taxonomy":"category","embeddable":true,"href":"https:\/\/grandepremio.com\/br\/wp-json\/wp\/v2\/categories?post=129152"},{"taxonomy":"post_tag","embeddable":true,"href":"https:\/\/grandepremio.com\/br\/wp-json\/wp\/v2\/tags?post=129152"},{"taxonomy":"42wp_author","embeddable":true,"href":"https:\/\/grandepremio.com\/br\/wp-json\/wp\/v2\/42wp_author?post=129152"}],"curies":[{"name":"wp","href":"https:\/\/api.w.org\/{rel}","templated":true}]}}