{"id":129174,"date":"2020-07-12T15:13:22","date_gmt":"2020-07-12T18:13:22","guid":{"rendered":"https:\/\/grandepremio.com\/br\/noticias\/as-vesperas-do-inicio-na-espanha-motogp-divulga-protocolo-medico-para-ser-seguido-a-risca\/"},"modified":"2020-07-12T15:15:45","modified_gmt":"2020-07-12T18:15:45","slug":"as-vesperas-do-inicio-na-espanha-motogp-divulga-protocolo-medico-para-ser-seguido-a-risca","status":"publish","type":"post","link":"https:\/\/grandepremio.com\/br\/motogp\/as-vesperas-do-inicio-na-espanha-motogp-divulga-protocolo-medico-para-ser-seguido-a-risca\/","title":{"rendered":"\u00c0s v\u00e9speras do in\u00edcio, MotoGP divulga protocolo m\u00e9dico para ser &#8220;seguido \u00e0 risca&#8221;"},"content":{"rendered":"\n<p class=\"wp-block-paragraph\">Uma semana antes do <strong><a href=\"https:\/\/www.grandepremio.com\/br\/motogp\/calendario\/?fl=true&amp;utm_source=lance\">GP da Espanha<\/a><\/strong>, abertura da temporada 2020 da <strong><a href=\"https:\/\/www.grandepremio.com\/br\/motogp\/?fl=true&amp;utm_source=lance\">MotoGP<\/a><\/strong>, FIM (Federa\u00e7\u00e3o Internacional de Motociclismo), IRTA (Associa\u00e7\u00e3o Internacional das Equipes de Corrida) e Dorna divulgaram uma carta alertando para a import\u00e2ncia do cumprimento do protocolo m\u00e9dico em vigor para a volta do esporte em meio \u00e0 pandemia do novo coronav\u00edrus.<\/p>\n\n\n\n<p class=\"wp-block-paragraph\">O texto assinado por Jorge Viegas, Herv\u00e9 Poncharal e Carmelo Ezpeleta classifica a pandemia como \u201cum dos grandes desafios\u201d do esporte e pede aten\u00e7\u00e3o \u00e0s orienta\u00e7\u00f5es passadas pela equipe m\u00e9dica do Mundial.<\/p>\n\n\n\n<p class=\"wp-block-paragraph\">Assim como a maioria dos esportes, a MotoGP teve sua temporada seriamente afetada pela pandemia. Apenas Moto3 e Moto2 conseguiram disputar o GP do Catar, mas muitas outras corridas foram canceladas e adiadas. No momento, o calend\u00e1rio conta com 13 corridas, todas na Europa, mas o destino nas provas de Argentina, Tail\u00e2ndia e Mal\u00e1sia segue incerto.<\/p>\n\n\n\n<figure class=\"wp-block-image size-large\"><img decoding=\"async\" src=\"https:\/\/www.grandepremio.com\/br\/wp-content\/uploads\/2020\/07\/04Jerez19MgpREPSOL_zz_vista_avion-1024x575.jpg\" alt=\"MotoGP 2019 Espanha Jerez\" class=\"wp-image-394485\"\/><figcaption>Jerez de la Frontera vai receber abertura da MotoGP<\/figcaption><\/figure>\n\n\n\n<figure class=\"wp-block-embed-spotify wp-block-embed is-type-rich is-provider-spotify wp-embed-aspect-21-9 wp-has-aspect-ratio\"><div class=\"wp-block-embed__wrapper\">\n<iframe title=\"Spotify Embed: Um papo com Felipe Drugovich | Paddockast #69\" style=\"border-radius: 12px\" width=\"100%\" height=\"152\" frameborder=\"0\" allowfullscreen allow=\"autoplay; clipboard-write; encrypted-media; fullscreen; picture-in-picture\" loading=\"lazy\" src=\"https:\/\/open.spotify.com\/embed\/episode\/4xOeKUdtAo9sZTHEVM8mbB?utm_source=oembed\"><\/iframe>\n<\/div><figcaption><strong>Paddockast #69 |\u00a0<\/strong>Papo com Felipe Drugovich<br>Ou\u00e7a tamb\u00e9m:\u00a0<a href=\"http:\/\/podcasts.apple.com\/br\/podcast\/paddockast\/id1371540198\">PODCASTS APPLE<\/a>\u00a0|\u00a0<a href=\"https:\/\/www.subscribeonandroid.com\/www.central3.com.br\/category\/podcasts\/paddockast\/feed\/podcast\/\">ANDROID<\/a>\u00a0|\u00a0<a href=\"https:\/\/player.fm\/series\/paddockast\">PLAYERFM<\/a><\/figcaption><\/figure>\n\n\n\n<p class=\"wp-block-paragraph\">O campeonato, por\u00e9m, come\u00e7a no pr\u00f3ximo fim de semana, em Jerez de la Fontera, que vai receber de forma consecutiva os GPs da Espanha e da Andaluzia.<\/p>\n\n\n\n<p class=\"wp-block-paragraph\">Ainda assim, o Mundial precisou fazer uma s\u00e9rie de mudan\u00e7as para tentar impedir o cont\u00e1gio dentro do paddock. Al\u00e9m de barrar a presen\u00e7a dos f\u00e3s, a MotoGP tamb\u00e9m reduziu o n\u00famero de funcion\u00e1rios n\u00e3o s\u00f3 da organiza\u00e7\u00e3o, mas tamb\u00e9m das corridas e barrou a presen\u00e7a de jornalistas \u2015 s\u00f3 ser\u00e3o permitidos os profissionais que atuam na transmiss\u00e3o televisiva.<\/p>\n\n\n\n<p class=\"wp-block-paragraph\">No texto divulgado neste domingo (12), os presidentes de FIM e IRTA e o diretor-executivo da Dorna compartilham a responsabilidade para evitar que o Mundial seja um foco da doen\u00e7a.<\/p>\n\n\n\n<p class=\"wp-block-paragraph\"><strong>Confira o texto na \u00edntegra:<\/strong><\/p>\n\n\n\n<p class=\"wp-block-paragraph\"><em>\u201cPara toda fam\u00edlia da MotoGP,<\/em><\/p>\n\n\n\n<p class=\"wp-block-paragraph\"><em>A pandemia de Covid-19 \u00e9 e foi um dos grandes desafios que nosso esporte enfrentou. Muito em breve, ser\u00e1 hora de voltarmos para a pista para dois GPs consecutivos em Jerez, e estamos muito felizes com o reinicio do nosso esporte.<\/em><\/p>\n\n\n\n<p class=\"wp-block-paragraph\"><em>Gostar\u00edamos de aproveitar essa oportunidade para agradecer cada membro da fam\u00edlia da MotoGP, incluindo fabricantes, equipes, pilotos, funcion\u00e1rios, circuitos, comiss\u00e1rios, volunt\u00e1rios, transmissoras, jornalistas, fot\u00f3grafos, patrocinadores, parceiros, companhias de servi\u00e7o e equipe de organiza\u00e7\u00e3o pelo incr\u00edvel esfor\u00e7o durante esse momento dif\u00edcil e pelo trabalho duro de tanta gente para que pud\u00e9ssemos ir correr outra vez.<\/em><\/p>\n\n\n\n<p class=\"wp-block-paragraph\"><em>Depois de muito trabalho e esfor\u00e7o, em conjunto com as autoridades, conseguimos produzir um protocolo aceit\u00e1vel para os eventos com a meta de minimizar os riscos de infec\u00e7\u00e3o. Temos de aproveitar essa oportunidade para lembrar a todos da import\u00e2ncia das medidas de seguran\u00e7a e os protocolos m\u00e9dicos em vigor para permitir que volt\u00e1ssemos \u00e0 pista.<\/em><\/p>\n\n\n\n<p class=\"wp-block-paragraph\"><em>Antes de chegarmos ao Circuito de Jerez-\u00c1ngel Nieto, n\u00f3s lembramos a todos que, uma vez que tenham sido testado, cada membro do paddock deve se auto isolar o m\u00e1ximo poss\u00edvel e evitar contatos desnecess\u00e1rios com outras pessoas at\u00e9 que seja a hora de chegar ao circuito.<\/em><\/p>\n\n\n\n<p class=\"wp-block-paragraph\"><em>Quando estivermos no circuito, o fim de semana de corrida e o paddock ser\u00e3o diferentes, j\u00e1 que nosso abrangente protocolo m\u00e9dico garante o mais alto padr\u00e3o de seguran\u00e7a para todos os presentes no evento. \u00c9 essencial que todas as regras de confinamento sejam estritamente seguidas e todos os participantes devem ir apenas para o circuito e para o hotel.<\/em><\/p>\n\n\n\n<p class=\"wp-block-paragraph\"><em>Sentiremos falta de muitos membros do paddock, e somos gratos pelo trabalho deles \u00e0 dist\u00e2ncia, e, claro, por enquanto, tamb\u00e9m vamos sentir a falta de todos os nossos f\u00e3s nas arquibancadas.<\/em><\/p>\n\n\n\n<p class=\"wp-block-paragraph\"><em>Este protocolo m\u00e9dico deve ser lido e seguido \u00e0 risca, dentro e fora do circuito. Qualquer viola\u00e7\u00e3o do protocolo m\u00e9dico ser\u00e1 levada extremamente a s\u00e9rio e o organizador vai agir de forma imediata.<\/em><\/p>\n\n\n\n<p class=\"wp-block-paragraph\"><em>A sa\u00fade de todos os membros do paddock \u00e9 nossa prioridade m\u00e1xima, e n\u00f3s agradecemos sua coopera\u00e7\u00e3o em garantir que possamos voltar \u00e0 pista de forma segura para outro incr\u00edvel fim de semana \u2015 e temporada \u2015 de corridas.<\/em><\/p>\n\n\n\n<p class=\"wp-block-paragraph\"><em>Cada participante \u00e9 respons\u00e1vel pelo futuro do nosso esporte.<\/em><\/p>\n\n\n\n<p class=\"wp-block-paragraph\"><em>Jorge Viegas, presidente da FIA; Herv\u00e9 Poncharal, presidente da IRTA; e Carmelo Ezpeleta, diretor-executivo da Dorna\u201d.<\/em><\/p>\n\n\n\n<figure class=\"wp-block-embed-youtube wp-block-embed is-type-video is-provider-youtube wp-embed-aspect-16-9 wp-has-aspect-ratio\"><div class=\"wp-block-embed__wrapper\">\n<iframe loading=\"lazy\" title=\"ROSSI x LORENZO: um muro de dist\u00e2ncia e o raio-x da rivalidade na MOTOGP\" width=\"500\" height=\"281\" src=\"https:\/\/www.youtube.com\/embed\/wZ6WLbaRY30?feature=oembed\" frameborder=\"0\" allow=\"accelerometer; autoplay; clipboard-write; encrypted-media; gyroscope; picture-in-picture; web-share\" referrerpolicy=\"strict-origin-when-cross-origin\" allowfullscreen><\/iframe>\n<\/div><\/figure>\n\n\n","protected":false},"excerpt":{"rendered":"<p>Texto assinado por Carmelo Ezpeleta, Herv\u00e9 Poncharal e Jorge Viegas alerta para a import\u00e2ncia do cumprimento do protocolo m\u00e9dico em vigor. Dirigentes alertam que todos os participantes do Mundial s\u00e3o respons\u00e1veis pelo futuro do esporte<\/p>\n","protected":false},"author":0,"featured_media":1000394484,"comment_status":"closed","ping_status":"closed","sticky":false,"template":"","format":"standard","meta":{"42wp_featured_image_caption":"","42wp_featured_image_credits":"","42wp_featured_video":"","42wp_featured_image_hidden":false,"42wp_authors_list":[],"footnotes":""},"categories":[8],"tags":[1946,312,79,78,553],"42wp_author":[47109],"class_list":["post-129174","post","type-post","status-publish","format-standard","has-post-thumbnail","hentry","category-motogp","tag-dorna","tag-fim","tag-moto-gp","tag-motogp","tag-mundial-motogp-2020","42wp_author-redacao-gp"],"_links":{"self":[{"href":"https:\/\/grandepremio.com\/br\/wp-json\/wp\/v2\/posts\/129174","targetHints":{"allow":["GET"]}}],"collection":[{"href":"https:\/\/grandepremio.com\/br\/wp-json\/wp\/v2\/posts"}],"about":[{"href":"https:\/\/grandepremio.com\/br\/wp-json\/wp\/v2\/types\/post"}],"replies":[{"embeddable":true,"href":"https:\/\/grandepremio.com\/br\/wp-json\/wp\/v2\/comments?post=129174"}],"version-history":[{"count":0,"href":"https:\/\/grandepremio.com\/br\/wp-json\/wp\/v2\/posts\/129174\/revisions"}],"wp:featuredmedia":[{"embeddable":true,"href":"https:\/\/grandepremio.com\/br\/wp-json\/wp\/v2\/media\/1000394484"}],"wp:attachment":[{"href":"https:\/\/grandepremio.com\/br\/wp-json\/wp\/v2\/media?parent=129174"}],"wp:term":[{"taxonomy":"category","embeddable":true,"href":"https:\/\/grandepremio.com\/br\/wp-json\/wp\/v2\/categories?post=129174"},{"taxonomy":"post_tag","embeddable":true,"href":"https:\/\/grandepremio.com\/br\/wp-json\/wp\/v2\/tags?post=129174"},{"taxonomy":"42wp_author","embeddable":true,"href":"https:\/\/grandepremio.com\/br\/wp-json\/wp\/v2\/42wp_author?post=129174"}],"curies":[{"name":"wp","href":"https:\/\/api.w.org\/{rel}","templated":true}]}}