{"id":129176,"date":"2020-07-12T14:15:23","date_gmt":"2020-07-12T17:15:23","guid":{"rendered":"https:\/\/grandepremio.com\/br\/noticias\/albon-aprova-4o-no-gp-da-estiria-apos-viver-flashback-de-incidente-com-hamilton\/"},"modified":"2020-07-12T15:02:19","modified_gmt":"2020-07-12T18:02:19","slug":"albon-aprova-4o-no-gp-da-estiria-apos-viver-flashback-de-incidente-com-hamilton","status":"publish","type":"post","link":"https:\/\/grandepremio.com\/br\/f1\/albon-aprova-4o-no-gp-da-estiria-apos-viver-flashback-de-incidente-com-hamilton\/","title":{"rendered":"Albon aprova 4\u00ba no GP da Est\u00edria ap\u00f3s viver &#8220;flashback&#8221; de incidente com Hamilton"},"content":{"rendered":"\n<figure class=\"wp-block-embed-youtube wp-block-embed is-type-video is-provider-youtube wp-embed-aspect-4-3 wp-has-aspect-ratio\"><div class=\"wp-block-embed__wrapper\">\n<iframe loading=\"lazy\" title=\"F1 2020: a an\u00e1lise do GP DA EST\u00cdRIA - HAMILTON dominante, FERRARI miser\u00e1vel | Briefing\" width=\"500\" height=\"281\" src=\"https:\/\/www.youtube.com\/embed\/1TFeSjy0K64?feature=oembed\" frameborder=\"0\" allow=\"accelerometer; autoplay; clipboard-write; encrypted-media; gyroscope; picture-in-picture; web-share\" referrerpolicy=\"strict-origin-when-cross-origin\" allowfullscreen><\/iframe>\n<\/div><\/figure>\n\n\n\n<p class=\"wp-block-paragraph\">Alexander Albon conseguiu terminar o GP da Est\u00edria na quarta coloca\u00e7\u00e3o. Ap\u00f3s um movimentado GP da \u00c1ustria, na \u00faltima semana, quando tocou em Lewis Hamilton e abandonou logo em seguida, o piloto da Red Bull teve um prova menos movimentada neste domingo (12) durante boa parte das voltas. No final, por\u00e9m, se segurou dos ataques da Racing Point de Sergio P\u00e9rez.<\/p>\n\n\n\n<p class=\"wp-block-paragraph\">O tailand\u00eas foi bem discreto na prova. Sem mostrar bom desempenho, n\u00e3o conseguiu se aproximar dos l\u00edderes e ficou boa parte da corrida andando sozinho pelo Red Bull Ring.<\/p>\n\n\n\n<p class=\"wp-block-paragraph\">&#8220;Foi uma boa corrida, com um pouco de falta de ritmo. Neste fim de semana, tivemos problemas com o ritmo, para ser bem sincero. Precisamos checar onde encontraremos melhorias, mas acho que sabemos&#8221;, afirmou Albon.<\/p>\n\n\n\n<figure class=\"wp-block-image size-large\"><img decoding=\"async\" src=\"https:\/\/www.grandepremio.com\/br\/wp-content\/uploads\/2020\/07\/redbull-alexanderalbon-02-1024x683.jpg\" alt=\"\" class=\"wp-image-395015\"\/><figcaption>Alex Albon em a\u00e7\u00e3o na classifica\u00e7\u00e3o do GP da Est\u00edria (Foto: AFP)<\/figcaption><\/figure>\n\n\n\n<p class=\"wp-block-paragraph\">&#8220;Fico feliz com o quarto lugar. \u00c9 bom conquistar alguns pontos ap\u00f3s o que aconteceu semana passada&#8221;, completou.<\/p>\n\n\n\n<p class=\"wp-block-paragraph\">Albon ainda citou a disputa que teve com Sergio P\u00e9rez na reta final da prova. O piloto da Red Bull se segurou contra o mexicano e contou com um erro do piloto da Racing Point, que danificou a asa dianteira durante uma manobra, para manter o quarto lugar.<\/p>\n\n\n\n<p class=\"wp-block-paragraph\">&#8220;Eu estava tendo lembran\u00e7as da disputa com Lewis [Hamilton]&#8221;, brincou em entrevista ao citar a disputa com o piloto da Mercedes na abertura da temporada.<\/p>\n\n\n\n<figure class=\"wp-block-embed-youtube wp-block-embed is-type-video is-provider-youtube wp-embed-aspect-16-9 wp-has-aspect-ratio\"><div class=\"wp-block-embed__wrapper\">\n<iframe loading=\"lazy\" title=\"Por que VOLTA de FERNANDO ALONSO \u00e0 F1 \u00e9 um GRANDE ERRO | GP \u00e0s 10\" width=\"500\" height=\"281\" src=\"https:\/\/www.youtube.com\/embed\/nVyWK0zkgTk?start=4&amp;feature=oembed\" frameborder=\"0\" allow=\"accelerometer; autoplay; clipboard-write; encrypted-media; gyroscope; picture-in-picture; web-share\" referrerpolicy=\"strict-origin-when-cross-origin\" allowfullscreen><\/iframe>\n<\/div><\/figure>\n","protected":false},"excerpt":{"rendered":"<p>Alexander Albon fez corrida discreta no GP da Est\u00edria, mas precisou se defender dos ataques de Sergio P\u00e9rez nas voltas finais para garantir a quarta posi\u00e7\u00e3o e os primeiros pontos na temporada 2020<\/p>\n","protected":false},"author":0,"featured_media":1000393332,"comment_status":"closed","ping_status":"closed","sticky":false,"template":"","format":"standard","meta":{"42wp_featured_image_caption":"","42wp_featured_image_credits":"","42wp_featured_video":"","42wp_featured_image_hidden":false,"42wp_authors_list":[],"footnotes":""},"categories":[2],"tags":[147,118,24837,24860,24889,204],"42wp_author":[47109],"class_list":["post-129176","post","type-post","status-publish","format-standard","has-post-thumbnail","hentry","category-f1","tag-f1","tag-f1-2020","tag-formula-1-2","tag-formula-1-2020-2","tag-gp-da-estiria","tag-red-bull","42wp_author-redacao-gp"],"_links":{"self":[{"href":"https:\/\/grandepremio.com\/br\/wp-json\/wp\/v2\/posts\/129176","targetHints":{"allow":["GET"]}}],"collection":[{"href":"https:\/\/grandepremio.com\/br\/wp-json\/wp\/v2\/posts"}],"about":[{"href":"https:\/\/grandepremio.com\/br\/wp-json\/wp\/v2\/types\/post"}],"replies":[{"embeddable":true,"href":"https:\/\/grandepremio.com\/br\/wp-json\/wp\/v2\/comments?post=129176"}],"version-history":[{"count":0,"href":"https:\/\/grandepremio.com\/br\/wp-json\/wp\/v2\/posts\/129176\/revisions"}],"wp:featuredmedia":[{"embeddable":true,"href":"https:\/\/grandepremio.com\/br\/wp-json\/wp\/v2\/media\/1000393332"}],"wp:attachment":[{"href":"https:\/\/grandepremio.com\/br\/wp-json\/wp\/v2\/media?parent=129176"}],"wp:term":[{"taxonomy":"category","embeddable":true,"href":"https:\/\/grandepremio.com\/br\/wp-json\/wp\/v2\/categories?post=129176"},{"taxonomy":"post_tag","embeddable":true,"href":"https:\/\/grandepremio.com\/br\/wp-json\/wp\/v2\/tags?post=129176"},{"taxonomy":"42wp_author","embeddable":true,"href":"https:\/\/grandepremio.com\/br\/wp-json\/wp\/v2\/42wp_author?post=129176"}],"curies":[{"name":"wp","href":"https:\/\/api.w.org\/{rel}","templated":true}]}}