{"id":129195,"date":"2020-07-12T10:30:30","date_gmt":"2020-07-12T13:30:30","guid":{"rendered":"https:\/\/grandepremio.com\/br\/noticias\/em-nova-confusao-na-ferrari-leclerc-atropela-vettel-e-causa-abandono-duplo-no-gp-da-estiria\/"},"modified":"2020-07-12T10:44:01","modified_gmt":"2020-07-12T13:44:01","slug":"em-nova-confusao-na-ferrari-leclerc-atropela-vettel-e-causa-abandono-duplo-no-gp-da-estiria","status":"publish","type":"post","link":"https:\/\/grandepremio.com\/br\/f1\/em-nova-confusao-na-ferrari-leclerc-atropela-vettel-e-causa-abandono-duplo-no-gp-da-estiria\/","title":{"rendered":"Em nova confus\u00e3o na Ferrari, Leclerc atropela Vettel e causa abandono duplo no GP da Est\u00edria"},"content":{"rendered":"\n<figure class=\"wp-block-embed-youtube wp-block-embed is-type-video is-provider-youtube wp-embed-aspect-16-9 wp-has-aspect-ratio\"><div class=\"wp-block-embed__wrapper\">\n<iframe loading=\"lazy\" title=\"F1 2020: o pr\u00e9-corrida do GP DA EST\u00cdRIA de F1 | Briefing\" width=\"500\" height=\"281\" src=\"https:\/\/www.youtube.com\/embed\/irtzVoEH8l0?feature=oembed\" frameborder=\"0\" allow=\"accelerometer; autoplay; clipboard-write; encrypted-media; gyroscope; picture-in-picture; web-share\" referrerpolicy=\"strict-origin-when-cross-origin\" allowfullscreen><\/iframe>\n<\/div><\/figure>\n\n\n\n<p class=\"wp-block-paragraph\">Recupera\u00e7\u00e3o da Ferrari ap\u00f3s um GP da \u00c1ustria longe do ideal? Nada disso. Este domingo (12) viu, logo na primeira volta, o retorno do pesadelo para a escuderia italiana.<\/p>\n\n\n\n<p class=\"wp-block-paragraph\">O GP da Est\u00edria durou pouco para os carros vermelhos: j\u00e1 no primeiro giro, Charles Leclerc tentou for\u00e7ar uma ultrapassagem sobre Sebastian Vettel. Por\u00e9m, em vez disso, subiu na traseira do #5, quebrando a asa do companheiro de equipe.<\/p>\n\n\n\n<figure class=\"wp-block-video\"><video class=\"video-js vjs-big-play-centered\" data-gp-vjs=\"1\" controls src=\"https:\/\/www.grandepremio.com\/br\/wp-content\/uploads\/2020\/07\/Acidente-Leclerc-Vettel-Est\u00edria-2020.mp4\"><\/video><\/figure>\n\n\n\n<p class=\"wp-block-paragraph\">A situa\u00e7\u00e3o ainda causou cena curiosa, com os dois carros indo ao mesmo tempo para o box ferrarista. Vettel abandonou. Leclerc ainda voltou \u00e0 pista, mas seis giros depois tamb\u00e9m deixou a prova, com v\u00e1rios danos na lateral do #16.<\/p>\n\n\n\n<p class=\"wp-block-paragraph\">O monegasco havia largado em 14\u00b0, ap\u00f3s fraco treino de classifica\u00e7\u00e3o. Vettel estava em 10\u00b0.<\/p>\n\n\n\n<p class=\"wp-block-paragraph\">Assim, a Ferrari seguir\u00e1 n\u00e3o s\u00f3 em crise, mas tamb\u00e9m com apenas 19 pontos no Mundial de Construtores.<\/p>\n\n\n\n<p class=\"wp-block-paragraph\">O<strong>&nbsp;GRANDE PR\u00caMIO<\/strong>&nbsp;transmite&nbsp;<strong><a href=\"https:\/\/www.grandepremio.com\/br\/f1\/ultimas-noticias\/?fl=true&amp;utm_source=lance\">ao vivo e em tempo real<\/a><\/strong>&nbsp;todas as atividades do GP da Est\u00edria, segunda etapa do campeonato da&nbsp;<a href=\"https:\/\/www.grandepremio.com\/br\/f1\/\" target=\"_blank\" rel=\"noreferrer noopener\">F\u00f3rmula 1<\/a>&nbsp;2020.<\/p>\n\n\n\n<figure class=\"wp-block-embed-youtube wp-block-embed is-type-video is-provider-youtube wp-embed-aspect-4-3 wp-has-aspect-ratio\"><div class=\"wp-block-embed__wrapper\">\n<iframe loading=\"lazy\" title=\"F1 2020: a an\u00e1lise do GP DA EST\u00cdRIA - HAMILTON dominante, FERRARI miser\u00e1vel | Briefing\" width=\"500\" height=\"281\" src=\"https:\/\/www.youtube.com\/embed\/1TFeSjy0K64?feature=oembed\" frameborder=\"0\" allow=\"accelerometer; autoplay; clipboard-write; encrypted-media; gyroscope; picture-in-picture; web-share\" referrerpolicy=\"strict-origin-when-cross-origin\" allowfullscreen><\/iframe>\n<\/div><\/figure>\n","protected":false},"excerpt":{"rendered":"<p>O come\u00e7o de GP da Est\u00edria neste domingo (12) para a Ferrari foi, tamb\u00e9m, um pesadelo: logo na primeira volta, Charles Leclerc subiu na traseira do carro de Sebastian Vettel e for\u00e7ou o abandono de ambos<\/p>\n","protected":false},"author":0,"featured_media":1000395331,"comment_status":"closed","ping_status":"closed","sticky":false,"template":"","format":"standard","meta":{"42wp_featured_image_caption":"","42wp_featured_image_credits":"","42wp_featured_video":"","42wp_featured_image_hidden":false,"42wp_authors_list":[],"footnotes":""},"categories":[2],"tags":[487,209,147,118,207,24837,24846,24889,210],"42wp_author":[47129],"class_list":["post-129195","post","type-post","status-publish","format-standard","has-post-thumbnail","hentry","category-f1","tag-acidente","tag-charles-leclerc","tag-f1","tag-f1-2020","tag-ferrari","tag-formula-1-2","tag-formula-um-2","tag-gp-da-estiria","tag-sebastian-vettel","42wp_author-felipe-noronha"],"_links":{"self":[{"href":"https:\/\/grandepremio.com\/br\/wp-json\/wp\/v2\/posts\/129195","targetHints":{"allow":["GET"]}}],"collection":[{"href":"https:\/\/grandepremio.com\/br\/wp-json\/wp\/v2\/posts"}],"about":[{"href":"https:\/\/grandepremio.com\/br\/wp-json\/wp\/v2\/types\/post"}],"replies":[{"embeddable":true,"href":"https:\/\/grandepremio.com\/br\/wp-json\/wp\/v2\/comments?post=129195"}],"version-history":[{"count":0,"href":"https:\/\/grandepremio.com\/br\/wp-json\/wp\/v2\/posts\/129195\/revisions"}],"wp:featuredmedia":[{"embeddable":true,"href":"https:\/\/grandepremio.com\/br\/wp-json\/wp\/v2\/media\/1000395331"}],"wp:attachment":[{"href":"https:\/\/grandepremio.com\/br\/wp-json\/wp\/v2\/media?parent=129195"}],"wp:term":[{"taxonomy":"category","embeddable":true,"href":"https:\/\/grandepremio.com\/br\/wp-json\/wp\/v2\/categories?post=129195"},{"taxonomy":"post_tag","embeddable":true,"href":"https:\/\/grandepremio.com\/br\/wp-json\/wp\/v2\/tags?post=129195"},{"taxonomy":"42wp_author","embeddable":true,"href":"https:\/\/grandepremio.com\/br\/wp-json\/wp\/v2\/42wp_author?post=129195"}],"curies":[{"name":"wp","href":"https:\/\/api.w.org\/{rel}","templated":true}]}}