{"id":129198,"date":"2020-07-12T08:40:00","date_gmt":"2020-07-12T11:40:00","guid":{"rendered":"https:\/\/grandepremio.com\/br\/noticias\/pre-corrida-do-gp-da-estiria-2020-da-f1\/"},"modified":"2020-07-12T08:23:17","modified_gmt":"2020-07-12T11:23:17","slug":"pre-corrida-do-gp-da-estiria-2020-da-f1","status":"publish","type":"post","link":"https:\/\/grandepremio.com\/br\/f1\/pre-corrida-do-gp-da-estiria-2020-da-f1\/","title":{"rendered":"Pr\u00e9-corrida do GP da Est\u00edria 2020 da F1"},"content":{"rendered":"\n<p class=\"wp-block-paragraph\">Victor Martins, Fernando Silva e Vitor Fazio participam do programa que analisa o treino que definiu o grid de largada da primeira etapa da temporada e as informa\u00e7\u00f5es que antecedem a corrida deste domingo (12).<\/p>\n\n\n\n<h4 class=\"wp-block-heading\"><strong>Assista ao BRIEFING, do GRANDE PR\u00caMIO:<\/strong><\/h4>\n\n\n\n<figure class=\"wp-block-embed-youtube wp-block-embed is-type-video is-provider-youtube wp-embed-aspect-4-3 wp-has-aspect-ratio wp-embed-aspect-16-9\"><div class=\"wp-block-embed__wrapper\">\n<iframe loading=\"lazy\" title=\"F1 2020: o pr\u00e9-corrida do GP DA EST\u00cdRIA de F1 | Briefing\" width=\"500\" height=\"281\" src=\"https:\/\/www.youtube.com\/embed\/irtzVoEH8l0?feature=oembed\" frameborder=\"0\" allow=\"accelerometer; autoplay; clipboard-write; encrypted-media; gyroscope; picture-in-picture; web-share\" referrerpolicy=\"strict-origin-when-cross-origin\" allowfullscreen><\/iframe>\n<\/div><\/figure>\n\n\n","protected":false},"excerpt":{"rendered":"<p>GRANDE PR\u00caMIO analisa o treino classificat\u00f3rio no Red Bull Ring e traz as \u00faltimas informa\u00e7\u00f5es da prepara\u00e7\u00e3o da corrida da F\u00f3rmula 1<\/p>\n","protected":false},"author":0,"featured_media":1000395147,"comment_status":"closed","ping_status":"closed","sticky":false,"template":"","format":"standard","meta":{"42wp_featured_image_caption":"","42wp_featured_image_credits":"","42wp_featured_video":"","42wp_featured_image_hidden":false,"42wp_authors_list":[],"footnotes":""},"categories":[2],"tags":[147,24860,24894,87,203,1763],"42wp_author":[47109],"class_list":["post-129198","post","type-post","status-publish","format-standard","has-post-thumbnail","hentry","category-f1","tag-f1","tag-formula-1-2020-2","tag-gp-da-estiria-2","tag-lewis-hamilton","tag-max-verstappen","tag-red-bull-ring","42wp_author-redacao-gp"],"_links":{"self":[{"href":"https:\/\/grandepremio.com\/br\/wp-json\/wp\/v2\/posts\/129198","targetHints":{"allow":["GET"]}}],"collection":[{"href":"https:\/\/grandepremio.com\/br\/wp-json\/wp\/v2\/posts"}],"about":[{"href":"https:\/\/grandepremio.com\/br\/wp-json\/wp\/v2\/types\/post"}],"replies":[{"embeddable":true,"href":"https:\/\/grandepremio.com\/br\/wp-json\/wp\/v2\/comments?post=129198"}],"version-history":[{"count":0,"href":"https:\/\/grandepremio.com\/br\/wp-json\/wp\/v2\/posts\/129198\/revisions"}],"wp:featuredmedia":[{"embeddable":true,"href":"https:\/\/grandepremio.com\/br\/wp-json\/wp\/v2\/media\/1000395147"}],"wp:attachment":[{"href":"https:\/\/grandepremio.com\/br\/wp-json\/wp\/v2\/media?parent=129198"}],"wp:term":[{"taxonomy":"category","embeddable":true,"href":"https:\/\/grandepremio.com\/br\/wp-json\/wp\/v2\/categories?post=129198"},{"taxonomy":"post_tag","embeddable":true,"href":"https:\/\/grandepremio.com\/br\/wp-json\/wp\/v2\/tags?post=129198"},{"taxonomy":"42wp_author","embeddable":true,"href":"https:\/\/grandepremio.com\/br\/wp-json\/wp\/v2\/42wp_author?post=129198"}],"curies":[{"name":"wp","href":"https:\/\/api.w.org\/{rel}","templated":true}]}}