{"id":129210,"date":"2020-07-11T19:00:00","date_gmt":"2020-07-11T22:00:00","guid":{"rendered":"https:\/\/grandepremio.com\/br\/noticias\/briefing-volta-com-edicoes-ao-vivo-pre-e-pos-gp-da-estiria-neste-domingo\/"},"modified":"2020-07-11T17:47:43","modified_gmt":"2020-07-11T20:47:43","slug":"briefing-volta-com-edicoes-ao-vivo-pre-e-pos-gp-da-estiria-neste-domingo","status":"publish","type":"post","link":"https:\/\/grandepremio.com\/br\/f1\/briefing-volta-com-edicoes-ao-vivo-pre-e-pos-gp-da-estiria-neste-domingo\/","title":{"rendered":"Briefing volta com edi\u00e7\u00f5es ao vivo pr\u00e9 e p\u00f3s-GP da Est\u00edria neste domingo"},"content":{"rendered":"\n<p class=\"wp-block-paragraph\">O leitor, espectador e ouvinte do outro lado j\u00e1 est\u00e1 acostumado. Desde o GP da \u00c1ustria da semana passada, o <strong>BRIEFING<\/strong> vem com duas edi\u00e7\u00f5es nos domingos de F\u00f3rmula 1. O programa digital que debate as corridas volta com tudo para o GP da Est\u00edria, assim como ser\u00e1 durante toda a temporada 2020.<\/p>\n\n\n\n<p class=\"wp-block-paragraph\">As etapas europeias v\u00e3o manter um padr\u00e3o de hor\u00e1rios, assim voc\u00ea j\u00e1 pode se programar: o Briefing pr\u00e9-corrida tem in\u00edcio \u00e0s 9h (de Bras\u00edlia) e o p\u00f3s-corrida come\u00e7a \u00e0s 13h. As duas transmiss\u00f5es acontecem na GPTV, o canal do GRANDE PR\u00caMIO no YouTube.<\/p>\n\n\n\n<p class=\"wp-block-paragraph\">Neste domingo (12), os jornalistas do <strong>GRANDE PR\u00caMIO<\/strong> avaliam o treino classificat\u00f3rio que definiu o grid de largada para o repeteco de Spielberg, mas agora na chuva, com uma pole-position destruidora de Lewis Hamilton e a primeira fila que tem ainda Max Verstappen. O programa traz ainda as \u00faltimas informa\u00e7\u00f5es em um programa em v\u00eddeo com ritmo da rapidez do r\u00e1dio.<\/p>\n\n\n\n<h4 class=\"wp-block-heading\"><strong>BRIEFING pr\u00e9-GP da \u00c1ustria, com Victor Martins, Fernando Silva e Vitor Fazio<\/strong><\/h4>\n\n\n\n<figure class=\"wp-block-embed-youtube wp-block-embed is-type-video is-provider-youtube wp-embed-aspect-16-9 wp-has-aspect-ratio\"><div class=\"wp-block-embed__wrapper\">\n<iframe loading=\"lazy\" title=\"F1 2020: o pr\u00e9-corrida do GP DA EST\u00cdRIA de F1 | Briefing\" width=\"500\" height=\"281\" src=\"https:\/\/www.youtube.com\/embed\/irtzVoEH8l0?feature=oembed\" frameborder=\"0\" allow=\"accelerometer; autoplay; clipboard-write; encrypted-media; gyroscope; picture-in-picture; web-share\" referrerpolicy=\"strict-origin-when-cross-origin\" allowfullscreen><\/iframe>\n<\/div><\/figure>\n\n\n\n<p class=\"wp-block-paragraph\">Na sequ\u00eancia, um outro time de jornalistas entra no ar para dissecarem tudo que acontecer na corrida do Red Bull Ring e a repercuss\u00e3o com pilotos e dirigentes.<\/p>\n\n\n\n<h4 class=\"wp-block-heading\"><strong>BRIEFING p\u00f3s-GP da \u00c1ustria, com Victor Martins, Evelyn Guimar\u00e3es e Felipe Noronha<\/strong><\/h4>\n\n\n\n<figure class=\"wp-block-embed-youtube wp-block-embed is-type-video is-provider-youtube wp-embed-aspect-4-3 wp-has-aspect-ratio\"><div class=\"wp-block-embed__wrapper\">\n<iframe loading=\"lazy\" title=\"F1 2020: a an\u00e1lise do GP DA EST\u00cdRIA - HAMILTON dominante, FERRARI miser\u00e1vel | Briefing\" width=\"500\" height=\"281\" src=\"https:\/\/www.youtube.com\/embed\/1TFeSjy0K64?feature=oembed\" frameborder=\"0\" allow=\"accelerometer; autoplay; clipboard-write; encrypted-media; gyroscope; picture-in-picture; web-share\" referrerpolicy=\"strict-origin-when-cross-origin\" allowfullscreen><\/iframe>\n<\/div><\/figure>\n","protected":false},"excerpt":{"rendered":"<p>Programa do GRANDE PR\u00caMIO que analisa a F\u00f3rmula 1 tem duas edi\u00e7\u00f5es no domingo durante a temporada 2020<\/p>\n","protected":false},"author":0,"featured_media":1000395147,"comment_status":"closed","ping_status":"closed","sticky":false,"template":"","format":"standard","meta":{"42wp_featured_image_caption":"","42wp_featured_image_credits":"","42wp_featured_video":"","42wp_featured_image_hidden":false,"42wp_authors_list":[],"footnotes":""},"categories":[2],"tags":[3350,118,1552,390,24836,87,203,486],"42wp_author":[47109],"class_list":["post-129210","post","type-post","status-publish","format-standard","has-post-thumbnail","hentry","category-f1","tag-briefing","tag-f1-2020","tag-felipe-noronha","tag-fernando-silva","tag-grande-premio-2","tag-lewis-hamilton","tag-max-verstappen","tag-victor-martins","42wp_author-redacao-gp"],"_links":{"self":[{"href":"https:\/\/grandepremio.com\/br\/wp-json\/wp\/v2\/posts\/129210","targetHints":{"allow":["GET"]}}],"collection":[{"href":"https:\/\/grandepremio.com\/br\/wp-json\/wp\/v2\/posts"}],"about":[{"href":"https:\/\/grandepremio.com\/br\/wp-json\/wp\/v2\/types\/post"}],"replies":[{"embeddable":true,"href":"https:\/\/grandepremio.com\/br\/wp-json\/wp\/v2\/comments?post=129210"}],"version-history":[{"count":0,"href":"https:\/\/grandepremio.com\/br\/wp-json\/wp\/v2\/posts\/129210\/revisions"}],"wp:featuredmedia":[{"embeddable":true,"href":"https:\/\/grandepremio.com\/br\/wp-json\/wp\/v2\/media\/1000395147"}],"wp:attachment":[{"href":"https:\/\/grandepremio.com\/br\/wp-json\/wp\/v2\/media?parent=129210"}],"wp:term":[{"taxonomy":"category","embeddable":true,"href":"https:\/\/grandepremio.com\/br\/wp-json\/wp\/v2\/categories?post=129210"},{"taxonomy":"post_tag","embeddable":true,"href":"https:\/\/grandepremio.com\/br\/wp-json\/wp\/v2\/tags?post=129210"},{"taxonomy":"42wp_author","embeddable":true,"href":"https:\/\/grandepremio.com\/br\/wp-json\/wp\/v2\/42wp_author?post=129210"}],"curies":[{"name":"wp","href":"https:\/\/api.w.org\/{rel}","templated":true}]}}