{"id":129214,"date":"2020-07-11T15:27:40","date_gmt":"2020-07-11T18:27:40","guid":{"rendered":"https:\/\/grandepremio.com\/br\/noticias\/fia-pune-leclerc-com-tres-posicoes-no-grid-do-gp-da-estiria-por-bloquear-kvyat-no-q2\/"},"modified":"2020-07-11T15:35:37","modified_gmt":"2020-07-11T18:35:37","slug":"fia-pune-leclerc-com-tres-posicoes-no-grid-do-gp-da-estiria-por-bloquear-kvyat-no-q2","status":"publish","type":"post","link":"https:\/\/grandepremio.com\/br\/f1\/fia-pune-leclerc-com-tres-posicoes-no-grid-do-gp-da-estiria-por-bloquear-kvyat-no-q2\/","title":{"rendered":"FIA pune Leclerc com tr\u00eas posi\u00e7\u00f5es no grid do GP da Est\u00edria por bloquear Kvyat no Q2"},"content":{"rendered":"\n<figure class=\"wp-block-embed-youtube wp-block-embed is-type-video is-provider-youtube wp-embed-aspect-16-9 wp-has-aspect-ratio\"><div class=\"wp-block-embed__wrapper\">\n<iframe loading=\"lazy\" title=\"Pierluigi MARTINI: o her\u00f3i da MINARDI e algoz de Christian Fittipaldi na F1\" width=\"500\" height=\"281\" src=\"https:\/\/www.youtube.com\/embed\/Akpb0OVOVGs?feature=oembed\" frameborder=\"0\" allow=\"accelerometer; autoplay; clipboard-write; encrypted-media; gyroscope; picture-in-picture; web-share\" referrerpolicy=\"strict-origin-when-cross-origin\" allowfullscreen><\/iframe>\n<\/div><\/figure>\n\n\n\n<p class=\"wp-block-paragraph\">O dia que j\u00e1 estava dif\u00edcil para a Ferrari ficou ainda pior. Ap\u00f3s ficar fora do Q3 do <a href=\"https:\/\/www.grandepremio.com\/br\/f1\/noticias\/hamilton-bate-verstappen-e-e-pole-em-classificacao-loterica-do-gp-da-estiria-sainz-sai-em-3o\/?fl=true&amp;utm_source=lance\">treino classificat\u00f3rio para o GP da Est\u00edria<\/a> de <a href=\"https:\/\/www.grandepremio.com\/br\/f1\/?fl=true&amp;utm_source=lance\">F\u00f3rmula 1<\/a>, neste s\u00e1bado (11), <a href=\"https:\/\/www.grandepremio.com\/br\/?s=leclerc\">Charles Leclerc<\/a> recebeu uma puni\u00e7\u00e3o e perdeu tr\u00eas posi\u00e7\u00f5es no grid de largada por bloquear <a href=\"https:\/\/www.grandepremio.com\/br\/?s=kvyat\">Daniil Kvyat<\/a> durante a atividade. Assim, larga na 14\u00aa coloca\u00e7\u00e3o.<\/p>\n\n\n\n<p class=\"wp-block-paragraph\">O movimento aconteceu durante o Q2 da classifica\u00e7\u00e3o. De acordo com a inspe\u00e7\u00e3o da FIA, Leclerc bloqueou Kvyat nas curvas nove e dez do Red Bull Ring. Al\u00e9m das posi\u00e7\u00f5es, o monegasco ainda recebeu mais um ponto na carteira, agora tem tr\u00eas.<\/p>\n\n\n\n<p class=\"wp-block-paragraph\">&#8220;O piloto do carro #16 [Leclerc] foi adequadamente informado pela equipe, ap\u00f3s a curva sete, que o carro #26 [Kvyat] estava se aproximando nas curvas nove e dez. Mesmo que as condi\u00e7\u00f5es clim\u00e1ticas afetasse a visibilidade no retrovisor e o piloto n\u00e3o tenha tido a inten\u00e7\u00e3o, os comiss\u00e1rios determinaram que ele estava sabendo da proxima\u00e7\u00e3o do #26 e poderia ter reagido diferente. Por isso, a puni\u00e7\u00e3o&#8221;, disse o comunicado da FIA.<\/p>\n\n\n\n<figure class=\"wp-block-image\"><img decoding=\"async\" src=\"https:\/\/pbs.twimg.com\/media\/EcqdETpXsAAySnR?format=jpg&amp;name=900x900\" alt=\"Imagem\"\/><\/figure>\n\n\n\n<p class=\"wp-block-paragraph\">Com a queda de Leclerc, <a href=\"https:\/\/www.grandepremio.com\/br\/?s=russell\">George Russell<\/a>, <a href=\"https:\/\/www.grandepremio.com\/br\/?s=stroll\">Lance Stroll<\/a> e o pr\u00f3prio Kvyat sobem, respectivamente, para as posi\u00e7\u00f5es 11, 12 e 13.<\/p>\n\n\n\n<p class=\"wp-block-paragraph\">Al\u00e9m do motivo pelo qual foi punido, Leclerc ainda escapou de uma outra investiga\u00e7\u00e3o, essa por conta de desrespeitar a bandeira vermelha acionada no fim do Q1, ap\u00f3s a batida de <a href=\"https:\/\/www.grandepremio.com\/br\/?s=giovinazzi\">Antonio Giovinazzi<\/a>. Leclerc, <a href=\"https:\/\/www.grandepremio.com\/br\/?s=p\u00e9rez\">Sergio P\u00e9rez<\/a> e <a href=\"https:\/\/www.grandepremio.com\/br\/?s=r\u00e4ikk\u00f6nen\">Kimi R\u00e4ikk\u00f6nen<\/a> estavam todos investigados por esse motivo, mas ningu\u00e9m foi punido.<\/p>\n\n\n\n<p class=\"wp-block-paragraph\">Leclerc foi o segundo punido do fim de semana num incidente envolvendo Kvyat. Ainda na sexta-feira, no TL1, <a href=\"https:\/\/www.grandepremio.com\/br\/?s=norris\">Lando Norris<\/a> sofreu a <a href=\"https:\/\/www.grandepremio.com\/br\/f1\/noticias\/norris-desobedece-bandeira-amarela-no-tl1-e-perde-3-posicoes-no-grid-do-gp-da-estiria\/?fl=true&amp;utm_source=lance\">mesma san\u00e7\u00e3o<\/a> depois de ultrapassar o russo sob bandeira amarela.<\/p>\n\n\n\n<p class=\"wp-block-paragraph\">A largada est\u00e1 marcada para as 10h10 (de Bras\u00edlia) do domingo.<\/p>\n\n\n\n<p class=\"wp-block-paragraph\">O <strong>GRANDE PR\u00caMIO<\/strong> transmite em <a href=\"https:\/\/www.grandepremio.com\/br\/ao-vivo\/f1\/gp-da-estiria-2020-treinos-livres\/?fl=true&amp;utm_source=lance\">tempo real<\/a> todas as atividades do GP da Est\u00edria, segunda etapa do campeonato da F\u00f3rmula 1 2020.<\/p>\n\n\n\n<figure class=\"wp-block-embed-spotify wp-block-embed is-type-rich is-provider-spotify wp-embed-aspect-21-9 wp-has-aspect-ratio\"><div class=\"wp-block-embed__wrapper\">\n<iframe title=\"Spotify Embed: Um papo com Felipe Drugovich | Paddockast #69\" style=\"border-radius: 12px\" width=\"100%\" height=\"152\" frameborder=\"0\" allowfullscreen allow=\"autoplay; clipboard-write; encrypted-media; fullscreen; picture-in-picture\" loading=\"lazy\" src=\"https:\/\/open.spotify.com\/embed\/episode\/4xOeKUdtAo9sZTHEVM8mbB?utm_source=oembed\"><\/iframe>\n<\/div><\/figure>\n","protected":false},"excerpt":{"rendered":"<p>Federa\u00e7\u00e3o concluiu que Charles Leclerc fora avisado sobre a chegada de Daniil Kvyat e, mesmo sem enxergar bem, deveria ter agido de outra forma. Monegasco larga em 14\u00ba<\/p>\n","protected":false},"author":0,"featured_media":1000395050,"comment_status":"closed","ping_status":"closed","sticky":false,"template":"","format":"standard","meta":{"42wp_featured_image_caption":"","42wp_featured_image_credits":"","42wp_featured_video":"","42wp_featured_image_hidden":false,"42wp_authors_list":[],"footnotes":""},"categories":[2],"tags":[24892,209,781,207,800,24894,24834,24968,1763,24863],"42wp_author":[47120],"class_list":["post-129214","post","type-post","status-publish","format-standard","has-post-thumbnail","hentry","category-f1","tag-austria-2","tag-charles-leclerc","tag-daniil-kvyat","tag-ferrari","tag-george-russell","tag-gp-da-estiria-2","tag-kimi-raikkonen-2","tag-punicao-2","tag-red-bull-ring","tag-sergio-perez-2","42wp_author-pedro-henrique-marum"],"_links":{"self":[{"href":"https:\/\/grandepremio.com\/br\/wp-json\/wp\/v2\/posts\/129214","targetHints":{"allow":["GET"]}}],"collection":[{"href":"https:\/\/grandepremio.com\/br\/wp-json\/wp\/v2\/posts"}],"about":[{"href":"https:\/\/grandepremio.com\/br\/wp-json\/wp\/v2\/types\/post"}],"replies":[{"embeddable":true,"href":"https:\/\/grandepremio.com\/br\/wp-json\/wp\/v2\/comments?post=129214"}],"version-history":[{"count":0,"href":"https:\/\/grandepremio.com\/br\/wp-json\/wp\/v2\/posts\/129214\/revisions"}],"wp:featuredmedia":[{"embeddable":true,"href":"https:\/\/grandepremio.com\/br\/wp-json\/wp\/v2\/media\/1000395050"}],"wp:attachment":[{"href":"https:\/\/grandepremio.com\/br\/wp-json\/wp\/v2\/media?parent=129214"}],"wp:term":[{"taxonomy":"category","embeddable":true,"href":"https:\/\/grandepremio.com\/br\/wp-json\/wp\/v2\/categories?post=129214"},{"taxonomy":"post_tag","embeddable":true,"href":"https:\/\/grandepremio.com\/br\/wp-json\/wp\/v2\/tags?post=129214"},{"taxonomy":"42wp_author","embeddable":true,"href":"https:\/\/grandepremio.com\/br\/wp-json\/wp\/v2\/42wp_author?post=129214"}],"curies":[{"name":"wp","href":"https:\/\/api.w.org\/{rel}","templated":true}]}}