{"id":129230,"date":"2020-07-11T07:43:50","date_gmt":"2020-07-11T10:43:50","guid":{"rendered":"https:\/\/grandepremio.com\/br\/noticias\/chuva-forte-leva-formula-1-a-cancelar-tl3-do-gp-da-estiria-classificacao-e-duvida\/"},"modified":"2020-07-11T11:18:44","modified_gmt":"2020-07-11T14:18:44","slug":"chuva-forte-leva-formula-1-a-cancelar-tl3-do-gp-da-estiria-classificacao-e-duvida","status":"publish","type":"post","link":"https:\/\/grandepremio.com\/br\/f1\/chuva-forte-leva-formula-1-a-cancelar-tl3-do-gp-da-estiria-classificacao-e-duvida\/","title":{"rendered":"Chuva forte leva F\u00f3rmula 1 a cancelar TL3 do GP da Est\u00edria"},"content":{"rendered":"\n<figure class=\"wp-block-embed-youtube wp-block-embed is-type-video is-provider-youtube wp-embed-aspect-16-9 wp-has-aspect-ratio\"><div class=\"wp-block-embed__wrapper\">\n<iframe loading=\"lazy\" title=\"Jejum de T\u00cdTULOS na F1 e crise: o que acontece com a FERRARI? | Cadeira Cativa #14\" width=\"500\" height=\"281\" src=\"https:\/\/www.youtube.com\/embed\/NWA-KpPjI-M?feature=oembed\" frameborder=\"0\" allow=\"accelerometer; autoplay; clipboard-write; encrypted-media; gyroscope; picture-in-picture; web-share\" referrerpolicy=\"strict-origin-when-cross-origin\" allowfullscreen><\/iframe>\n<\/div><\/figure>\n\n\n\n<p class=\"wp-block-paragraph\">Desde o come\u00e7o do fim de semana do GP da Est\u00edria, a meteorologia indicava um s\u00e1bado (11) ca\u00f3tico no Red Bull Ring, palco da segunda etapa da temporada 2020 da F\u00f3rmula 1. O que estava previsto se confirmou desde as primeiras horas. O temporal for\u00e7ou a <a href=\"https:\/\/www.grandepremio.com\/br\/f3\/noticias\/temporal-forca-encerramento-da-corrida-1-da-f3-na-estiria-vesti-vence\/\">F\u00f3rmula 3 a interromper a corrida desta manh\u00e3 com apenas 12 voltas <\/a>e, minutos depois, impediu que os pilotos da F1 iniciassem o terceiro treino livre no circuito austr\u00edaco. <br><br>Sem sinais de melhorias no clima e dire\u00e7\u00e3o de prova adiando indefinidamente o in\u00edcio do terceiro treino livre, a categoria resolveu cancelar a sess\u00e3o quando restariam 19 minutos para seu desfecho, caso estivesse ocorrendo. A temperatura ambiente era de 16\u00baC.<\/p>\n\n\n\n<figure class=\"wp-block-image size-large\"><img decoding=\"async\" src=\"https:\/\/www.grandepremio.com\/br\/wp-content\/uploads\/2020\/07\/ChuvaRedBullRing-1024x576.jpg\" alt=\"Chuva no Red Bull Ring neste s\u00e1bado\" class=\"wp-image-394832\"\/><figcaption>Chuva forte no Red Bull Ring neste s\u00e1bado (Foto: Reprodu\u00e7\u00e3o)<\/figcaption><\/figure>\n\n\n\n<p class=\"wp-block-paragraph\">Estava claro que n\u00e3o haveria condi\u00e7\u00f5es de acelerar na sess\u00e3o da manh\u00e3 e passou a ficar amea\u00e7ada a classifica\u00e7\u00e3o marcada para logo mais, 10h (hor\u00e1rio de Bras\u00edlia). Na hip\u00f3tese de repeti\u00e7\u00e3o do mesmo cen\u00e1rio, a op\u00e7\u00e3o seria transferir a defini\u00e7\u00e3o do grid de largada para domingo.<\/p>\n\n\n\n<figure class=\"wp-block-image size-large\"><img decoding=\"async\" src=\"https:\/\/www.grandepremio.com\/br\/wp-content\/uploads\/2020\/07\/TL3GPEstiria-1024x768.jpg\" alt=\"Chuva forte no Red Bull Ring\" class=\"wp-image-394833\"\/><figcaption>A dire\u00e7\u00e3o de prova teve de cancelar o TL3 do GP da Est\u00edria (Foto: McLaren)<\/figcaption><\/figure>\n\n\n\n<p class=\"wp-block-paragraph\">Durante a indefini\u00e7\u00e3o, a transmiss\u00e3o oficial da F\u00f3rmula 1 colocou no ar uma entrevista de Jenson Button, piloto campe\u00e3o mundial em 2009, com Ross Brawn, diretor-esportivo da categoria e chefe do brit\u00e2nico no ano em que conquistou o t\u00edtulo. O dirigente ressaltou que o mais prov\u00e1vel seria a classifica\u00e7\u00e3o na manh\u00e3 de domingo, situa\u00e7\u00e3o condicionada \u00e0 melhora do tempo na \u00c1ustria.<\/p>\n\n\n\n<p class=\"wp-block-paragraph\">\u201cTemos um cronograma para amanh\u00e3, o que significa que s\u00f3 vamos perder a corrida sprint da F\u00f3rmula 2 e uma das provas da Porsche. Entendemos que podemos encaixar tudo amanh\u00e3 para que haja a classifica\u00e7\u00e3o. Se n\u00e3o pudermos fazer isso, ent\u00e3o, como voc\u00ea sabe, os tempos do TL2 tornam-se relevantes, mas espero que n\u00e3o precisemos fazer isso, e acho que vamos ter a classifica\u00e7\u00e3o pela manh\u00e3\u201d, explicou Brawn.<\/p>\n\n\n\n<p class=\"wp-block-paragraph\">O&nbsp;<strong>GRANDE PR\u00caMIO<\/strong>&nbsp;transmite&nbsp;<a href=\"https:\/\/www.grandepremio.com\/br\/ao-vivo\/f1\/gp-da-estiria-2020-treinos-livres\/?fl=true&amp;utm_source=lance\">ao vivo e em tempo real<\/a>&nbsp;todas as atividades do GP da Est\u00edria, segunda etapa do campeonato da&nbsp;<a href=\"https:\/\/www.grandepremio.com\/br\/f1\/\" target=\"_blank\" rel=\"noreferrer noopener\">F\u00f3rmula 1<\/a>&nbsp;2020.<\/p>\n\n\n\n<figure class=\"wp-block-embed-youtube wp-block-embed is-type-video is-provider-youtube wp-embed-aspect-16-9 wp-has-aspect-ratio\"><div class=\"wp-block-embed__wrapper\">\n<iframe loading=\"lazy\" title=\"Por que VOLTA de FERNANDO ALONSO \u00e0 F1 \u00e9 um GRANDE ERRO | GP \u00e0s 10\" width=\"500\" height=\"281\" src=\"https:\/\/www.youtube.com\/embed\/nVyWK0zkgTk?feature=oembed\" frameborder=\"0\" allow=\"accelerometer; autoplay; clipboard-write; encrypted-media; gyroscope; picture-in-picture; web-share\" referrerpolicy=\"strict-origin-when-cross-origin\" allowfullscreen><\/iframe>\n<\/div><\/figure>\n","protected":false},"excerpt":{"rendered":"<p>A F\u00f3rmula 1 cancelou o terceiro treino livre do GP da Est\u00edria. Em raz\u00e3o do temporal que desaba no Red Bull Ring, a categoria anunciou a decis\u00e3o, o que colocou em xeque tamb\u00e9m a classifica\u00e7\u00e3o<\/p>\n","protected":false},"author":0,"featured_media":1000394825,"comment_status":"closed","ping_status":"closed","sticky":false,"template":"","format":"standard","meta":{"42wp_featured_image_caption":"","42wp_featured_image_credits":"","42wp_featured_video":"","42wp_featured_image_hidden":false,"42wp_authors_list":[],"footnotes":""},"categories":[2],"tags":[654,457,524,456,546,209,211,781,302,147,176,390,207,24837,24860,800,24894,119,117,24834,485,547,87,203,90,82,801,676,25086,310,204,1763,2030,229,120,210,24863,1693,2317,612,215],"42wp_author":[47110],"class_list":["post-129230","post","type-post","status-publish","format-standard","has-post-thumbnail","hentry","category-f1","tag-alexander-albon","tag-alfa-romeo","tag-alphatauri","tag-antonio-giovinazzi","tag-carlos-sainz","tag-charles-leclerc","tag-daniel-ricciardo","tag-daniil-kvyat","tag-esteban-ocon","tag-f1","tag-fernando-alonso","tag-fernando-silva","tag-ferrari","tag-formula-1-2","tag-formula-1-2020-2","tag-george-russell","tag-gp-da-estiria-2","tag-haas","tag-kevin-magnussen","tag-kimi-raikkonen-2","tag-lance-stroll","tag-lando-norris","tag-lewis-hamilton","tag-max-verstappen","tag-mclaren","tag-mercedes","tag-nicholas-latifi","tag-pierre-gasly","tag-podio-2","tag-racing-point","tag-red-bull","tag-red-bull-ring","tag-relato-do-treino","tag-renault","tag-romain-grosjean","tag-sebastian-vettel","tag-sergio-perez-2","tag-tl3","tag-treino-livre-3","tag-valtteri-bottas","tag-williams","42wp_author-fernando-silva"],"_links":{"self":[{"href":"https:\/\/grandepremio.com\/br\/wp-json\/wp\/v2\/posts\/129230","targetHints":{"allow":["GET"]}}],"collection":[{"href":"https:\/\/grandepremio.com\/br\/wp-json\/wp\/v2\/posts"}],"about":[{"href":"https:\/\/grandepremio.com\/br\/wp-json\/wp\/v2\/types\/post"}],"replies":[{"embeddable":true,"href":"https:\/\/grandepremio.com\/br\/wp-json\/wp\/v2\/comments?post=129230"}],"version-history":[{"count":0,"href":"https:\/\/grandepremio.com\/br\/wp-json\/wp\/v2\/posts\/129230\/revisions"}],"wp:featuredmedia":[{"embeddable":true,"href":"https:\/\/grandepremio.com\/br\/wp-json\/wp\/v2\/media\/1000394825"}],"wp:attachment":[{"href":"https:\/\/grandepremio.com\/br\/wp-json\/wp\/v2\/media?parent=129230"}],"wp:term":[{"taxonomy":"category","embeddable":true,"href":"https:\/\/grandepremio.com\/br\/wp-json\/wp\/v2\/categories?post=129230"},{"taxonomy":"post_tag","embeddable":true,"href":"https:\/\/grandepremio.com\/br\/wp-json\/wp\/v2\/tags?post=129230"},{"taxonomy":"42wp_author","embeddable":true,"href":"https:\/\/grandepremio.com\/br\/wp-json\/wp\/v2\/42wp_author?post=129230"}],"curies":[{"name":"wp","href":"https:\/\/api.w.org\/{rel}","templated":true}]}}