{"id":129232,"date":"2020-07-11T06:07:44","date_gmt":"2020-07-11T09:07:44","guid":{"rendered":"https:\/\/grandepremio.com\/br\/noticias\/racing-point-se-diz-sem-espaco-e-fecha-portas-para-vettel-em-2021\/"},"modified":"2020-07-11T06:07:48","modified_gmt":"2020-07-11T09:07:48","slug":"racing-point-se-diz-sem-espaco-e-fecha-portas-para-vettel-em-2021","status":"publish","type":"post","link":"https:\/\/grandepremio.com\/br\/f1\/racing-point-se-diz-sem-espaco-e-fecha-portas-para-vettel-em-2021\/","title":{"rendered":"Racing Point se diz \u201csem espa\u00e7o\u201d e fecha portas para Vettel em 2021"},"content":{"rendered":"\n<figure class=\"wp-block-embed-youtube wp-block-embed is-type-video is-provider-youtube wp-embed-aspect-16-9 wp-has-aspect-ratio\"><div class=\"wp-block-embed__wrapper\">\n<iframe loading=\"lazy\" title=\"Jejum de T\u00cdTULOS na F1 e crise: o que acontece com a FERRARI? | Cadeira Cativa #14\" width=\"500\" height=\"281\" src=\"https:\/\/www.youtube.com\/embed\/NWA-KpPjI-M?feature=oembed\" frameborder=\"0\" allow=\"accelerometer; autoplay; clipboard-write; encrypted-media; gyroscope; picture-in-picture; web-share\" referrerpolicy=\"strict-origin-when-cross-origin\" allowfullscreen><\/iframe>\n<\/div><\/figure>\n\n\n\n<p class=\"wp-block-paragraph\">Em menos de uma semana, Sebastian Vettel viu duas portas se fecharem para um futuro na F\u00f3rmula 1 a partir de 2021. O tetracampe\u00e3o do mundo tem sua sequ\u00eancia na categoria incerta depois de n\u00e3o ter seu contrato renovado com a Ferrari, que optou por trazer o espanhol Carlos Sainz, de 25 anos, para seu lugar. Na quarta-feira, Vettel, de 33, viu a Renault anunciar o retorno de Fernando Alonso e, neste fim de semana, foi a vez de a Racing Point, equipe em franca ascens\u00e3o no grid, descartar a sua contrata\u00e7\u00e3o para o ano que vem.<\/p>\n\n\n\n<p class=\"wp-block-paragraph\">Em entrevista coletiva na \u00faltima sexta-feira no Red Bull Ring, palco do GP da Est\u00edria no domingo, Otmar Szafnauer, chefe da equipe de Silverstone, deixou claro que os compromissos com Sergio P\u00e9rez e Lance Stroll \u2014 este filho do dono da equipe, Lawrence Stroll \u2014 impedem a vinda do tetracampe\u00e3o mundial.<\/p>\n\n\n\n<figure class=\"wp-block-image size-large\"><img decoding=\"async\" src=\"https:\/\/www.grandepremio.com\/br\/wp-content\/uploads\/2020\/07\/20054-austrian-gp-r-1024x683.jpg\" alt=\"Sebastian Vettel\" class=\"wp-image-393876\"\/><figcaption>Sebastian Vettel est\u00e1 cada vez mais sem espa\u00e7o na F1 para 2021 (Foto: Scuderia Ferrari)<\/figcaption><\/figure>\n\n\n\n<p class=\"wp-block-paragraph\">\u201c\u00c9 lisonjeador que todos pensem que um tetracampe\u00e3o do mundo deve se unir \u00e0 nossa equipe, mas talvez seja porque o carro est\u00e1 um pouco mais r\u00e1pido agora. Mas temos contratos longos com os dois pilotos, ent\u00e3o seria l\u00f3gico n\u00e3o termos espa\u00e7o\u201d, explicou o dirigente da equipe, que vai se chamar Aston Martin a partir do ano que vem.<\/p>\n\n\n\n<p class=\"wp-block-paragraph\">De escuderia do pelot\u00e3o intermedi\u00e1rio, a Racing Point hoje disputa posi\u00e7\u00f5es na parte de cima da tabela e, gra\u00e7as ao RP20, c\u00f3pia do W10, modelo da Mercedes do ano passado, vem tendo um come\u00e7o de temporada muito mais competitivo. O que atraiu o interesse de Vettel.<\/p>\n\n\n\n<p class=\"wp-block-paragraph\">\u201cCorrer agora \u00e9 extremamente importante para mim, e depois vamos ver, nas pr\u00f3ximas semanas, meses, o que est\u00e1 acontecendo, quais oportunidades vou ter. Independente disso, acho que a Racing Point causou uma impress\u00e3o muito forte e certamente est\u00e1 num bom lugar neste ano\u201d, disse o alem\u00e3o na \u00faltima quinta-feira na \u00c1ustria.<\/p>\n\n\n\n<p class=\"wp-block-paragraph\">\u201cConhe\u00e7o parte da equipe, conhe\u00e7o alguns membros da equipe muito bem e h\u00e1 tempos. Obviamente, \u00e9 uma boa oportunidade para eles neste ano tendo um bom carro para lutar e tentar melhorar a partir da\u00ed\u201d, complementou.<\/p>\n\n\n\n<p class=\"wp-block-paragraph\">Em teoria, duas equipes do pelot\u00e3o da frente ainda t\u00eam vagas para 2021. Mas a Mercedes, por meio da Daimler, j\u00e1 sinalizou que pretende renovar os v\u00ednculos de Lewis Hamilton e Valtteri Bottas. E a Red Bull, onde Vettel viveu o auge da sua carreira ao conquistar quatro t\u00edtulos mundiais consecutivos entre 2010 e 2013, tamb\u00e9m descartou seu retorno, dando prefer\u00eancia os pilotos do seu programa.<\/p>\n\n\n\n<p class=\"wp-block-paragraph\">O\u00a0<strong>GRANDE PR\u00caMIO<\/strong>\u00a0transmite\u00a0<a href=\"https:\/\/www.grandepremio.com\/br\/ao-vivo\/f1\/gp-da-estiria-2020-treinos-livres\/?fl=true&amp;utm_source=lance\">ao vivo e em tempo real<\/a>\u00a0todas as atividades do GP da Est\u00edria, segunda etapa do campeonato da\u00a0<a href=\"https:\/\/www.grandepremio.com\/br\/f1\/\" target=\"_blank\" rel=\"noreferrer noopener\">F\u00f3rmula 1<\/a>\u00a02020.<\/p>\n\n\n\n<figure class=\"wp-block-embed-youtube wp-block-embed is-type-video is-provider-youtube wp-embed-aspect-16-9 wp-has-aspect-ratio\"><div class=\"wp-block-embed__wrapper\">\n<iframe loading=\"lazy\" title=\"Por que VOLTA de FERNANDO ALONSO \u00e0 F1 \u00e9 um GRANDE ERRO | GP \u00e0s 10\" width=\"500\" height=\"281\" src=\"https:\/\/www.youtube.com\/embed\/nVyWK0zkgTk?feature=oembed\" frameborder=\"0\" allow=\"accelerometer; autoplay; clipboard-write; encrypted-media; gyroscope; picture-in-picture; web-share\" referrerpolicy=\"strict-origin-when-cross-origin\" allowfullscreen><\/iframe>\n<\/div><\/figure>\n","protected":false},"excerpt":{"rendered":"<p>As op\u00e7\u00f5es de Sebastian Vettel para seguir na F\u00f3rmula 1 a partir de 2021 est\u00e3o cada vez mais escassas, ou praticamente nulas. Depois de a Renault confirmar a contrata\u00e7\u00e3o de Fernando Alonso, Otmar Szafnauer, chefe da Racing Point, descartou a vinda do tetracampe\u00e3o<\/p>\n","protected":false},"author":0,"featured_media":1000392029,"comment_status":"closed","ping_status":"closed","sticky":false,"template":"","format":"standard","meta":{"42wp_featured_image_caption":"","42wp_featured_image_credits":"","42wp_featured_video":"","42wp_featured_image_hidden":false,"42wp_authors_list":[],"footnotes":""},"categories":[2],"tags":[309,147,207,24837,24860,607,24836,82,310,229,210],"42wp_author":[47110],"class_list":["post-129232","post","type-post","status-publish","format-standard","has-post-thumbnail","hentry","category-f1","tag-aston-martin","tag-f1","tag-ferrari","tag-formula-1-2","tag-formula-1-2020-2","tag-futuro","tag-grande-premio-2","tag-mercedes","tag-racing-point","tag-renault","tag-sebastian-vettel","42wp_author-fernando-silva"],"_links":{"self":[{"href":"https:\/\/grandepremio.com\/br\/wp-json\/wp\/v2\/posts\/129232","targetHints":{"allow":["GET"]}}],"collection":[{"href":"https:\/\/grandepremio.com\/br\/wp-json\/wp\/v2\/posts"}],"about":[{"href":"https:\/\/grandepremio.com\/br\/wp-json\/wp\/v2\/types\/post"}],"replies":[{"embeddable":true,"href":"https:\/\/grandepremio.com\/br\/wp-json\/wp\/v2\/comments?post=129232"}],"version-history":[{"count":0,"href":"https:\/\/grandepremio.com\/br\/wp-json\/wp\/v2\/posts\/129232\/revisions"}],"wp:featuredmedia":[{"embeddable":true,"href":"https:\/\/grandepremio.com\/br\/wp-json\/wp\/v2\/media\/1000392029"}],"wp:attachment":[{"href":"https:\/\/grandepremio.com\/br\/wp-json\/wp\/v2\/media?parent=129232"}],"wp:term":[{"taxonomy":"category","embeddable":true,"href":"https:\/\/grandepremio.com\/br\/wp-json\/wp\/v2\/categories?post=129232"},{"taxonomy":"post_tag","embeddable":true,"href":"https:\/\/grandepremio.com\/br\/wp-json\/wp\/v2\/tags?post=129232"},{"taxonomy":"42wp_author","embeddable":true,"href":"https:\/\/grandepremio.com\/br\/wp-json\/wp\/v2\/42wp_author?post=129232"}],"curies":[{"name":"wp","href":"https:\/\/api.w.org\/{rel}","templated":true}]}}