{"id":129249,"date":"2020-07-10T13:33:04","date_gmt":"2020-07-10T16:33:04","guid":{"rendered":"https:\/\/grandepremio.com\/br\/noticias\/mercedes-revela-problema-em-carro-de-hamilton-no-tl2-e-admite-preocupacao\/"},"modified":"2020-07-10T13:33:09","modified_gmt":"2020-07-10T16:33:09","slug":"mercedes-revela-problema-em-carro-de-hamilton-no-tl2-e-admite-preocupacao","status":"publish","type":"post","link":"https:\/\/grandepremio.com\/br\/f1\/mercedes-revela-problema-em-carro-de-hamilton-no-tl2-e-admite-preocupacao\/","title":{"rendered":"Mercedes revela problema em carro de Hamilton no TL2 e admite preocupa\u00e7\u00e3o"},"content":{"rendered":"\n<p class=\"wp-block-paragraph\">O que a sexta-feira (10) de GP da Est\u00edria pode dizer de verdade sobre a <a href=\"https:\/\/www.grandepremio.com\/br\/?s=mercedes\">Mercedes<\/a>? De acordo com o chefe <a href=\"https:\/\/www.grandepremio.com\/br\/?s=wolff\">Toto Wolff<\/a>, o que se sabe \u00e9 que <a href=\"https:\/\/www.grandepremio.com\/br\/?s=hamilton\">Lewis Hamilton<\/a> teve um dia bastante complicado e que as rivais apertaram com rela\u00e7\u00e3o \u00e0 prova austr\u00edaca da semana passada.<\/p>\n\n\n\n<p class=\"wp-block-paragraph\">Como uma <a href=\"https:\/\/www.grandepremio.com\/br\/f1\/noticias\/previsao-de-tempestade-no-sabado-faz-formula-1-cogitar-classificacao-na-estiria-no-domingo\/?fl=true&amp;utm_source=lance\">forte chuva \u00e9 esperada sobre Spielberg<\/a> no s\u00e1bado, at\u00e9 mesmo a possibilidade de n\u00e3o haver treino classificat\u00f3rio foi ventilado. Caso seja esse o caso, vale o resultado final do TL2 para formar o grid de largada. Mesmo assim, <a href=\"https:\/\/www.grandepremio.com\/br\/f1\/noticias\/verstappen-reage-e-lidera-segundo-treino-do-gp-da-estiria-ricciardo-bate\/?fl=true&amp;utm_source=lance\">foi Max Verstappen quem ponteou<\/a> com a Red Bull.<\/p>\n\n\n\n<p class=\"wp-block-paragraph\">De acordo com Wolff, por\u00e9m, a Mercedes n\u00e3o escondeu o jogo. Pode at\u00e9 n\u00e3o ter andado a 100% no TL2, mas foi acima do que costuma ser nas sextas-feiras.<\/p>\n\n\n\n<p class=\"wp-block-paragraph\">&#8220;N\u00e3o foi um ataque total, mas tamb\u00e9m n\u00e3o foi um ataque pela metade. Mostramos um n\u00edvel de desempenho que normalmente n\u00e3o fazemos no segundo treino livre&#8221;, afirmou \u00e0 revista austr\u00edaca &#8216;Motorsport-Magazin&#8217;.<\/p>\n\n\n\n<p class=\"wp-block-paragraph\">O que preocupa, no entanto, \u00e9 outra coisa: o fato de Lewis Hamilton ter passado problemas no carro em curvas de baixa e m\u00e9dia velocidade.<\/p>\n\n\n\n<p class=\"wp-block-paragraph\">&#8220;Estamos um pouco no escuro com rela\u00e7\u00e3o ao tempo de volta marcado por Lewis. Ele teve um problema com o carro&#8221;, revelou sem dar mais detalhes. A Mercedes ainda n\u00e3o sabe o que motivou o desconforto.<\/p>\n\n\n\n<p class=\"wp-block-paragraph\">Al\u00e9m de <a href=\"https:\/\/www.grandepremio.com\/br\/?s=verstappen\">Verstappen<\/a> no TL2 &#8211; onde <a href=\"https:\/\/www.grandepremio.com\/br\/?s=bottas\">Valtteri Bottas<\/a> terminou no segundo lugar -, o <a href=\"https:\/\/www.grandepremio.com\/br\/f1\/noticias\/com-pneus-macios-perez-poe-racing-point-na-frente-do-tl1-do-gp-da-estiria\/?fl=true&amp;utm_source=lance\">TL1 ficou com Sergio P\u00e9rez<\/a> e a Racing Point.<\/p>\n\n\n\n<p class=\"wp-block-paragraph\">O <strong>GRANDE PR\u00caMIO<\/strong> transmite em <a href=\"https:\/\/www.grandepremio.com\/br\/ao-vivo\/f1\/?fl=true&amp;utm_source=lance\">tempo real<\/a> todas as atividades do GP da Est\u00edria, segunda etapa do campeonato da F\u00f3rmula 1 2020.<\/p>\n","protected":false},"excerpt":{"rendered":"<p>Toto Wolff, chefe da Mercedes, lamentou o fato de Lewis Hamilton ter mostrado problemas ainda desconhecidos durante o treino livre<\/p>\n","protected":false},"author":0,"featured_media":1000392665,"comment_status":"closed","ping_status":"closed","sticky":false,"template":"","format":"standard","meta":{"42wp_featured_image_caption":"","42wp_featured_image_credits":"","42wp_featured_video":"","42wp_featured_image_hidden":false,"42wp_authors_list":[],"footnotes":""},"categories":[2],"tags":[118,24860,24894,25081,25214,82,150,612],"42wp_author":[47120],"class_list":["post-129249","post","type-post","status-publish","format-standard","has-post-thumbnail","hentry","category-f1","tag-f1-2020","tag-formula-1-2020-2","tag-gp-da-estiria-2","tag-horarios-da-f1-2","tag-horarios-da-formula-1-2","tag-mercedes","tag-toto-wolff","tag-valtteri-bottas","42wp_author-pedro-henrique-marum"],"_links":{"self":[{"href":"https:\/\/grandepremio.com\/br\/wp-json\/wp\/v2\/posts\/129249","targetHints":{"allow":["GET"]}}],"collection":[{"href":"https:\/\/grandepremio.com\/br\/wp-json\/wp\/v2\/posts"}],"about":[{"href":"https:\/\/grandepremio.com\/br\/wp-json\/wp\/v2\/types\/post"}],"replies":[{"embeddable":true,"href":"https:\/\/grandepremio.com\/br\/wp-json\/wp\/v2\/comments?post=129249"}],"version-history":[{"count":0,"href":"https:\/\/grandepremio.com\/br\/wp-json\/wp\/v2\/posts\/129249\/revisions"}],"wp:featuredmedia":[{"embeddable":true,"href":"https:\/\/grandepremio.com\/br\/wp-json\/wp\/v2\/media\/1000392665"}],"wp:attachment":[{"href":"https:\/\/grandepremio.com\/br\/wp-json\/wp\/v2\/media?parent=129249"}],"wp:term":[{"taxonomy":"category","embeddable":true,"href":"https:\/\/grandepremio.com\/br\/wp-json\/wp\/v2\/categories?post=129249"},{"taxonomy":"post_tag","embeddable":true,"href":"https:\/\/grandepremio.com\/br\/wp-json\/wp\/v2\/tags?post=129249"},{"taxonomy":"42wp_author","embeddable":true,"href":"https:\/\/grandepremio.com\/br\/wp-json\/wp\/v2\/42wp_author?post=129249"}],"curies":[{"name":"wp","href":"https:\/\/api.w.org\/{rel}","templated":true}]}}