{"id":129253,"date":"2020-07-10T12:34:07","date_gmt":"2020-07-10T15:34:07","guid":{"rendered":"https:\/\/grandepremio.com\/br\/noticias\/formula-1-faz-nova-serie-de-testes-e-segue-sem-casos-positivos-para-covid-19\/"},"modified":"2020-07-10T12:38:30","modified_gmt":"2020-07-10T15:38:30","slug":"formula-1-faz-nova-serie-de-testes-e-segue-sem-casos-positivos-para-covid-19","status":"publish","type":"post","link":"https:\/\/grandepremio.com\/br\/f1\/formula-1-faz-nova-serie-de-testes-e-segue-sem-casos-positivos-para-covid-19\/","title":{"rendered":"F\u00f3rmula 1 faz nova s\u00e9rie de testes e segue sem casos positivos para Covid-19"},"content":{"rendered":"\n<figure class=\"wp-block-embed-youtube wp-block-embed is-type-video is-provider-youtube wp-embed-aspect-16-9 wp-has-aspect-ratio\"><div class=\"wp-block-embed__wrapper\">\n<iframe loading=\"lazy\" title=\"Pierluigi MARTINI: o her\u00f3i da MINARDI e algoz de Christian Fittipaldi na F1\" width=\"500\" height=\"281\" src=\"https:\/\/www.youtube.com\/embed\/Akpb0OVOVGs?feature=oembed\" frameborder=\"0\" allow=\"accelerometer; autoplay; clipboard-write; encrypted-media; gyroscope; picture-in-picture; web-share\" referrerpolicy=\"strict-origin-when-cross-origin\" allowfullscreen><\/iframe>\n<\/div><\/figure>\n\n\n\n<p class=\"wp-block-paragraph\">A<a href=\"https:\/\/www.grandepremio.com\/br\/f1\/noticias\/f1-busca-criar-biosfera-para-evitar-infeccao-pelo-covid-19-e-realizar-corridas-em-2020\/\"> biosfera criada<\/a> pela <a href=\"https:\/\/www.grandepremio.com\/br\/f1\/\">F\u00f3rmula 1 <\/a>para realizar a rodada dupla no Red Bull Ring segue eficiente. Nesta sexta-feira (10), a categoria informou que realizou uma nova bateria de testes durante a semana e que, das 4.566 pessoas, nenhuma testou positivo para Covid-19.<\/p>\n\n\n\n<p class=\"wp-block-paragraph\">Assim<a href=\"https:\/\/www.grandepremio.com\/br\/f1\/noticias\/apos-testes-em-massa-f1-diz-que-nao-registrou-casos-positivos-para-covid-19-na-austria\/\"> como tinha acontecido antes do GP da \u00c1ustria<\/a>, a F1 testou pilotos e funcion\u00e1rios da categoria e das equipes entre a sexta-feira (3) e a quinta-feira (9), procedimento que deve se repetir nas pr\u00f3ximas etapas.<\/p>\n\n\n\n<p class=\"wp-block-paragraph\">&#8220;A FIA e a F\u00f3rmula 1 podem confirmar que, durante a sexta-feira (3) e a quinta-feira (9), realizou 4.566 testes de Covid-19 nos pilotos e nos funcion\u00e1rios. Nenhuma pessoa testou positivo&#8221;, informou o comunicado divulgado pela categoria.<\/p>\n\n\n\n<figure class=\"wp-block-image size-large\"><img decoding=\"async\" src=\"https:\/\/www.grandepremio.com\/br\/wp-content\/uploads\/2020\/07\/000_1UO2BG-1024x683.jpg\" alt=\"\" class=\"wp-image-394371\"\/><figcaption>Valtteri Bottas e Charles Leclerc furaram a bolha (Foto: AFP)<\/figcaption><\/figure>\n\n\n\n<p class=\"wp-block-paragraph\">Todas as equipes foram colocadas em \u2018bolhas\u2019 ao longo da semana para a realiza\u00e7\u00e3o da corrida, formando assim a biosfera desejada pela categoria, com todos sendo orientados a permanecer na \u00c1ustria. No entanto, <a href=\"https:\/\/www.grandepremio.com\/br\/f1\/noticias\/bottas-e-leclerc-desrespeitam-bolha-da-formula-1-viajam-e-ganham-advertencia\/\">Charles Leclerc e Valtteri Bottas voltaram para M\u00f4naco <\/a>ap\u00f3s a corrida de domingo, quebrando o isolamento. As medidas de prote\u00e7\u00e3o criadas pela F1 n\u00e3o pro\u00edbem que os pilotos deixem a bolha, mas ambos receberam advert\u00eancias da FIA por violar o c\u00f3digo de conduta.<\/p>\n\n\n\n<p class=\"wp-block-paragraph\">O uso de m\u00e1scaras \u00e9 obrigat\u00f3rio dentro do aut\u00f3dromo, assim como \u00e9 preciso respeitar as regras de distanciamento social, como nas entrevistas e sem a realiza\u00e7\u00e3o do tradicional p\u00f3dio. Outra novidade para as primeiras provas da temporada 2020 \u00e9 a aus\u00eancia de p\u00fablico nas arquibancadas do circuito austr\u00edaco.<\/p>\n\n\n\n<p class=\"wp-block-paragraph\">A \u00c1ustria tem 18.709 casos confirmados de coronav\u00edrus, sendo 102 nas \u00faltimas 24 horas. O pa\u00eds europeu registrou, ao longo da pandemia, 706 mortes pela Covid-19.<\/p>\n\n\n\n<figure class=\"wp-block-embed-spotify wp-block-embed is-type-rich is-provider-spotify wp-embed-aspect-21-9 wp-has-aspect-ratio\"><div class=\"wp-block-embed__wrapper\">\n<iframe title=\"Spotify Embed: Um papo com Felipe Drugovich | Paddockast #69\" style=\"border-radius: 12px\" width=\"100%\" height=\"152\" frameborder=\"0\" allowfullscreen allow=\"autoplay; clipboard-write; encrypted-media; fullscreen; picture-in-picture\" loading=\"lazy\" src=\"https:\/\/open.spotify.com\/embed\/episode\/4xOeKUdtAo9sZTHEVM8mbB?utm_source=oembed\"><\/iframe>\n<\/div><figcaption><strong>Paddockast #69 |\u00a0<\/strong>Papo com Felipe Drugovich<br>Ou\u00e7a tamb\u00e9m:\u00a0<a href=\"http:\/\/podcasts.apple.com\/br\/podcast\/paddockast\/id1371540198\">PODCASTS APPLE<\/a>\u00a0|\u00a0<a href=\"https:\/\/www.subscribeonandroid.com\/www.central3.com.br\/category\/podcasts\/paddockast\/feed\/podcast\/\">ANDROID<\/a>\u00a0|\u00a0<a href=\"https:\/\/player.fm\/series\/paddockast\">PLAYERFM<\/a><\/figcaption><\/figure>\n","protected":false},"excerpt":{"rendered":"<p>A F\u00f3rmula 1 realizou uma nova bateria com mais 4.566 testes com pilotos e funcion\u00e1rios das equipes antes do GP da Est\u00edria. Mais uma vez, nenhum caso do novo coronav\u00edrus foi registrado<\/p>\n","protected":false},"author":0,"featured_media":1000392717,"comment_status":"closed","ping_status":"closed","sticky":false,"template":"","format":"standard","meta":{"42wp_featured_image_caption":"","42wp_featured_image_credits":"","42wp_featured_video":"","42wp_featured_image_hidden":false,"42wp_authors_list":[],"footnotes":""},"categories":[2],"tags":[24892,209,24831,24858,25063,147,118,24837,24860,24889,612],"42wp_author":[47109],"class_list":["post-129253","post","type-post","status-publish","format-standard","has-post-thumbnail","hentry","category-f1","tag-austria-2","tag-charles-leclerc","tag-coronavirus-2","tag-covid-19","tag-estiria","tag-f1","tag-f1-2020","tag-formula-1-2","tag-formula-1-2020-2","tag-gp-da-estiria","tag-valtteri-bottas","42wp_author-redacao-gp"],"_links":{"self":[{"href":"https:\/\/grandepremio.com\/br\/wp-json\/wp\/v2\/posts\/129253","targetHints":{"allow":["GET"]}}],"collection":[{"href":"https:\/\/grandepremio.com\/br\/wp-json\/wp\/v2\/posts"}],"about":[{"href":"https:\/\/grandepremio.com\/br\/wp-json\/wp\/v2\/types\/post"}],"replies":[{"embeddable":true,"href":"https:\/\/grandepremio.com\/br\/wp-json\/wp\/v2\/comments?post=129253"}],"version-history":[{"count":0,"href":"https:\/\/grandepremio.com\/br\/wp-json\/wp\/v2\/posts\/129253\/revisions"}],"wp:featuredmedia":[{"embeddable":true,"href":"https:\/\/grandepremio.com\/br\/wp-json\/wp\/v2\/media\/1000392717"}],"wp:attachment":[{"href":"https:\/\/grandepremio.com\/br\/wp-json\/wp\/v2\/media?parent=129253"}],"wp:term":[{"taxonomy":"category","embeddable":true,"href":"https:\/\/grandepremio.com\/br\/wp-json\/wp\/v2\/categories?post=129253"},{"taxonomy":"post_tag","embeddable":true,"href":"https:\/\/grandepremio.com\/br\/wp-json\/wp\/v2\/tags?post=129253"},{"taxonomy":"42wp_author","embeddable":true,"href":"https:\/\/grandepremio.com\/br\/wp-json\/wp\/v2\/42wp_author?post=129253"}],"curies":[{"name":"wp","href":"https:\/\/api.w.org\/{rel}","templated":true}]}}