{"id":129258,"date":"2020-07-10T10:35:31","date_gmt":"2020-07-10T13:35:31","guid":{"rendered":"https:\/\/grandepremio.com\/br\/noticias\/ricciardo-bate-forte-e-sai-mancando-no-inicio-do-tl2-do-gp-da-estiria\/"},"modified":"2020-07-10T10:41:31","modified_gmt":"2020-07-10T13:41:31","slug":"ricciardo-bate-forte-e-sai-mancando-no-inicio-do-tl2-do-gp-da-estiria","status":"publish","type":"post","link":"https:\/\/grandepremio.com\/br\/f1\/ricciardo-bate-forte-e-sai-mancando-no-inicio-do-tl2-do-gp-da-estiria\/","title":{"rendered":"Ricciardo bate forte e sai mancando no in\u00edcio do TL2 do GP da Est\u00edria"},"content":{"rendered":"\n<p class=\"wp-block-paragraph\">O segundo treino livre da <strong><a href=\"https:\/\/www.grandepremio.com\/br\/f1\/?fl=true&amp;utm_source=lance\">F\u00f3rmula 1<\/a><\/strong> para o GP da Est\u00edria come\u00e7ou movimentado. Ainda nos primeiros minutos da sess\u00e3o, a bandeira vermelha foi acionada para que os fiscais pudessem ajustar a barreira de pneus ap\u00f3s um acidente com Daniel Ricciardo.<\/p>\n\n\n\n<p class=\"wp-block-paragraph\">O australiano perdeu a traseira da Renault na curva 9 do tra\u00e7ado de Spielberg e acabou batendo forte na barreira de pneus. O #3 saiu do carro mancado e foi ao centro m\u00e9dico do tra\u00e7ado passar por uma avalia\u00e7\u00e3o.<\/p>\n\n\n\n<figure class=\"wp-block-image size-large\"><img decoding=\"async\" src=\"https:\/\/www.grandepremio.com\/br\/wp-content\/uploads\/2020\/07\/Ricciardo-Styria-1024x576.png\" alt=\"\" class=\"wp-image-394560\"\/><figcaption>Daniel Ricciardo causou bandeira vermelha no TL2 <\/figcaption><\/figure>\n\n\n\n<figure class=\"wp-block-embed-spotify wp-block-embed is-type-rich is-provider-spotify wp-embed-aspect-21-9 wp-has-aspect-ratio\"><div class=\"wp-block-embed__wrapper\">\n<iframe title=\"Spotify Embed: Um papo com Felipe Drugovich | Paddockast #69\" style=\"border-radius: 12px\" width=\"100%\" height=\"152\" frameborder=\"0\" allowfullscreen allow=\"autoplay; clipboard-write; encrypted-media; fullscreen; picture-in-picture\" loading=\"lazy\" src=\"https:\/\/open.spotify.com\/embed\/episode\/4xOeKUdtAo9sZTHEVM8mbB?utm_source=oembed\"><\/iframe>\n<\/div><figcaption><strong>Paddockast #69 |&nbsp;<\/strong>Papo com Felipe Drugovich<br>Ou\u00e7a tamb\u00e9m:&nbsp;<a href=\"http:\/\/podcasts.apple.com\/br\/podcast\/paddockast\/id1371540198\">PODCASTS APPLE<\/a>&nbsp;|&nbsp;<a href=\"https:\/\/www.subscribeonandroid.com\/www.central3.com.br\/category\/podcasts\/paddockast\/feed\/podcast\/\">ANDROID<\/a>&nbsp;|&nbsp;<a href=\"https:\/\/player.fm\/series\/paddockast\">PLAYERFM<\/a><\/figcaption><\/figure>\n\n\n\n<p class=\"wp-block-paragraph\">O carro, por sua vez, tamb\u00e9m ficou bastante danificado, o que vai exigir trabalho extra da escuderia francesa.<\/p>\n\n\n\n<p class=\"wp-block-paragraph\">O TL2, ali\u00e1s, pode ter um papel determinante no fim de semana. Com a <strong><a href=\"https:\/\/www.grandepremio.com\/br\/f1\/noticias\/previsao-de-tempestade-no-sabado-faz-formula-1-cogitar-classificacao-na-estiria-no-domingo\/\">previs\u00e3o de chuva para s\u00e1bado<\/a><\/strong>, a sess\u00e3o pode definir o grid de largada para o GP da Est\u00edria, como prev\u00ea o regulamento da F1.<\/p>\n\n\n\n<p class=\"wp-block-paragraph\">O <strong>GRANDE PR\u00caMIO<\/strong> transmite <strong><a href=\"https:\/\/www.grandepremio.com\/br\/ao-vivo\/f1\/?fl=true&amp;utm_source=lance\">ao vivo e em tempo real<\/a><\/strong> todas as atividades do GP da Est\u00edria, segunda etapa do campeonato da F\u00f3rmula 1 2020.<\/p>\n\n\n\n<figure class=\"wp-block-embed-twitter wp-block-embed is-type-rich is-provider-twitter\"><div class=\"wp-block-embed__wrapper\">\n<blockquote class=\"twitter-tweet\" data-width=\"500\" data-dnt=\"true\"><p lang=\"pt\" dir=\"ltr\">Assista AQUI ao acidente de <a href=\"https:\/\/x.com\/danielricciardo?ref_src=twsrc%5Etfw\">@danielricciardo<\/a> no TL2 do GP da Est\u00edria.<br><br>Siga em TEMPO REAL <a href=\"https:\/\/t.co\/2LedmWskZU\">https:\/\/t.co\/2LedmWskZU<\/a>  <a href=\"https:\/\/x.com\/hashtag\/AustrianGP?src=hash&amp;ref_src=twsrc%5Etfw\">#AustrianGP<\/a> <a href=\"https:\/\/x.com\/hashtag\/F1noGP?src=hash&amp;ref_src=twsrc%5Etfw\">#F1noGP<\/a> <a href=\"https:\/\/t.co\/yy1mwtzszB\">pic.twitter.com\/yy1mwtzszB<\/a><\/p>&mdash; Grande Pr\u00eamio (@grandepremio) <a href=\"https:\/\/x.com\/grandepremio\/status\/1281581814260408320?ref_src=twsrc%5Etfw\">July 10, 2020<\/a><\/blockquote><script async src=\"https:\/\/platform.x.com\/widgets.js\" charset=\"utf-8\"><\/script>\n<\/div><\/figure>\n\n\n\n<figure class=\"wp-block-embed-youtube wp-block-embed is-type-video is-provider-youtube wp-embed-aspect-16-9 wp-has-aspect-ratio\"><div class=\"wp-block-embed__wrapper\">\n<iframe loading=\"lazy\" title=\"Jejum de T\u00cdTULOS na F1 e crise: o que acontece com a FERRARI? | Cadeira Cativa #14\" width=\"500\" height=\"281\" src=\"https:\/\/www.youtube.com\/embed\/NWA-KpPjI-M?feature=oembed\" frameborder=\"0\" allow=\"accelerometer; autoplay; clipboard-write; encrypted-media; gyroscope; picture-in-picture; web-share\" referrerpolicy=\"strict-origin-when-cross-origin\" allowfullscreen><\/iframe>\n<\/div><\/figure>\n\n\n","protected":false},"excerpt":{"rendered":"<p>Ainda nos primeiros minutos do segundo treino livres desta sexta-feira (10), Daniel Ricciardo bateu na curva 9 do Red Bull Ring. Piloto da Renault foi para o centro m\u00e9dico passar por exames, mas n\u00e3o sofreu les\u00f5es graves<\/p>\n","protected":false},"author":0,"featured_media":1000394561,"comment_status":"closed","ping_status":"closed","sticky":false,"template":"","format":"standard","meta":{"42wp_featured_image_caption":"","42wp_featured_image_credits":"","42wp_featured_video":"","42wp_featured_image_hidden":false,"42wp_authors_list":[],"footnotes":""},"categories":[2],"tags":[2311,211,147],"42wp_author":[47109],"class_list":["post-129258","post","type-post","status-publish","format-standard","has-post-thumbnail","hentry","category-f1","tag-bandeira-vermelha","tag-daniel-ricciardo","tag-f1","42wp_author-redacao-gp"],"_links":{"self":[{"href":"https:\/\/grandepremio.com\/br\/wp-json\/wp\/v2\/posts\/129258","targetHints":{"allow":["GET"]}}],"collection":[{"href":"https:\/\/grandepremio.com\/br\/wp-json\/wp\/v2\/posts"}],"about":[{"href":"https:\/\/grandepremio.com\/br\/wp-json\/wp\/v2\/types\/post"}],"replies":[{"embeddable":true,"href":"https:\/\/grandepremio.com\/br\/wp-json\/wp\/v2\/comments?post=129258"}],"version-history":[{"count":0,"href":"https:\/\/grandepremio.com\/br\/wp-json\/wp\/v2\/posts\/129258\/revisions"}],"wp:featuredmedia":[{"embeddable":true,"href":"https:\/\/grandepremio.com\/br\/wp-json\/wp\/v2\/media\/1000394561"}],"wp:attachment":[{"href":"https:\/\/grandepremio.com\/br\/wp-json\/wp\/v2\/media?parent=129258"}],"wp:term":[{"taxonomy":"category","embeddable":true,"href":"https:\/\/grandepremio.com\/br\/wp-json\/wp\/v2\/categories?post=129258"},{"taxonomy":"post_tag","embeddable":true,"href":"https:\/\/grandepremio.com\/br\/wp-json\/wp\/v2\/tags?post=129258"},{"taxonomy":"42wp_author","embeddable":true,"href":"https:\/\/grandepremio.com\/br\/wp-json\/wp\/v2\/42wp_author?post=129258"}],"curies":[{"name":"wp","href":"https:\/\/api.w.org\/{rel}","templated":true}]}}