{"id":129261,"date":"2020-07-10T08:53:25","date_gmt":"2020-07-10T11:53:25","guid":{"rendered":"https:\/\/grandepremio.com\/br\/noticias\/gp-da-russia-fala-em-preparacao-meticulosa-e-planeja-ter-o-maior-publico-possivel\/"},"modified":"2020-07-10T08:54:35","modified_gmt":"2020-07-10T11:54:35","slug":"gp-da-russia-fala-em-preparacao-meticulosa-e-planeja-ter-o-maior-publico-possivel","status":"publish","type":"post","link":"https:\/\/grandepremio.com\/br\/f1\/gp-da-russia-fala-em-preparacao-meticulosa-e-planeja-ter-o-maior-publico-possivel\/","title":{"rendered":"GP da R\u00fassia fala em prepara\u00e7\u00e3o meticulosa e planeja ter \u201co maior p\u00fablico poss\u00edvel\u201d"},"content":{"rendered":"\n<figure class=\"wp-block-embed-youtube wp-block-embed is-type-video is-provider-youtube wp-embed-aspect-16-9 wp-has-aspect-ratio\"><div class=\"wp-block-embed__wrapper\">\n<iframe loading=\"lazy\" title=\"Jejum de T\u00cdTULOS na F1 e crise: o que acontece com a FERRARI? | Cadeira Cativa #14\" width=\"500\" height=\"281\" src=\"https:\/\/www.youtube.com\/embed\/NWA-KpPjI-M?feature=oembed\" frameborder=\"0\" allow=\"accelerometer; autoplay; clipboard-write; encrypted-media; gyroscope; picture-in-picture; web-share\" referrerpolicy=\"strict-origin-when-cross-origin\" allowfullscreen><\/iframe>\n<\/div><\/figure>\n\n\n\n<p class=\"wp-block-paragraph\">A <a href=\"https:\/\/www.grandepremio.com\/br\/f1\/noticias\/formula-1-confirma-estreia-de-mugello-e-adiciona-gp-da-russia-ao-calendario-2020\/\">F\u00f3rmula 1 anunciou, na manh\u00e3 desta sexta-feira (10), uma pequena nova parte do seu calend\u00e1rio revisado para a temporada 2020. O GP da Toscana, que vai ser disputado no circuito italiano de Mugello, foi confirmado para 13 de setembro e, duas semanas depois, a principal categoria do automobilismo confirmou a realiza\u00e7\u00e3o do GP da R\u00fassia<\/a>, que vai novamente ter lugar no Parque Ol\u00edmpico de S\u00f3chi. A Rosgonki, respons\u00e1vel por promover e organizar o evento, j\u00e1 iniciou a venda de ingressos e afirmou que a prova vai contar com \u201co maior p\u00fablico poss\u00edvel\u201d.<\/p>\n\n\n\n<p class=\"wp-block-paragraph\">\u00c9 a primeira prova oficialmente confirmada no calend\u00e1rio do Mundial de F\u00f3rmula 1 deste ano a informar que vai abrir a venda de ingressos ao p\u00fablico. No momento, todas as outras provas j\u00e1 realizadas v\u00e3o ser disputadas com port\u00f5es fechados para evitar a dissemina\u00e7\u00e3o e o cont\u00e1gio pelo Covid-19.<\/p>\n\n\n\n<figure class=\"wp-block-image size-large\"><img decoding=\"async\" src=\"https:\/\/www.grandepremio.com\/br\/wp-content\/uploads\/2019\/09\/20199291113389_RedBull_MaxVerstappen_24_DMa.jpg\" alt=\"\" class=\"wp-image-358670\"\/><figcaption>O GP da R\u00fassia j\u00e1 come\u00e7ou a vender os ingressos para a prova, marcada para 27 de setembro (Foto: Getty Images\/Red Bull Content Pool)<\/figcaption><\/figure>\n\n\n\n<p class=\"wp-block-paragraph\">Alexey Titov, promotor do GP da R\u00fassia, ressalta a inten\u00e7\u00e3o em ter torcedores nas arquibancadas no circuito no fim de setembro.<\/p>\n\n\n\n<p class=\"wp-block-paragraph\">\u201cJuntos com o Governo da R\u00fassia, a Federa\u00e7\u00e3o e a gest\u00e3o do campeonato, n\u00f3s fizemos todos os esfor\u00e7os para que o GP da R\u00fassia aconte\u00e7a neste ano. Vai ser um festival incr\u00edvel para o maior p\u00fablico poss\u00edvel\u201d, disse o executivo.<\/p>\n\n\n\n<p class=\"wp-block-paragraph\">\u201cA audi\u00eancia no evento permanece em um bom n\u00edvel neste ano, e estamos confiantes de que as dificuldades em 2020 n\u00e3o v\u00e3o se tornar um obst\u00e1culo especial para os f\u00e3s de automobilismo\u201d, declarou Titov, ressaltando os desafios que a categoria enfrenta para realizar o Mundial diante da pandemia.<\/p>\n\n\n\n<p class=\"wp-block-paragraph\">\u201cEstamos nos preparando meticulosamente para receber os espectadores com seguran\u00e7a e estamos ansiosos para ver todos no Parque Ol\u00edmpico\u201d, complementou.<\/p>\n\n\n\n<p class=\"wp-block-paragraph\">De acordo com a \u00faltima atualiza\u00e7\u00e3o divulgada pela Universidade Johns Hopkins, a R\u00fassia \u00e9 o quarto pa\u00eds com mais casos confirmados do novo coronav\u00edrus, somente atr\u00e1s dos Estados Unidos, Brasil e \u00cdndia, com 712.863 pessoas que testaram positivo e 11 mil vidas perdidas. Segundo a institui\u00e7\u00e3o, a regi\u00e3o de Krasnodar, onde est\u00e1 localizada o balne\u00e1rio de S\u00f3chi, registra 6.589 pessoas com Covid-19 e 83 mortes.<\/p>\n\n\n\n<p class=\"wp-block-paragraph\">O <strong>GRANDE PR\u00caMIO<\/strong> transmite <a href=\"https:\/\/www.grandepremio.com\/br\/ao-vivo\/f1\/gp-da-estiria-2020-treinos-livres\/?fl=true&amp;utm_source=lance\">ao vivo e em tempo real<\/a> todas as atividades do GP da Est\u00edria, segunda etapa do campeonato da F\u00f3rmula 1 2020.<\/p>\n\n\n\n<figure class=\"wp-block-embed-dailymotion wp-block-embed is-type-video is-provider-dailymotion wp-embed-aspect-16-9 wp-has-aspect-ratio\"><div class=\"wp-block-embed__wrapper\">\n<iframe loading=\"lazy\" title=\"Um papo com FELIPE DRUGOVICH | Paddockast #69\" frameborder=\"0\" width=\"500\" height=\"281\" src=\"https:\/\/geo.dailymotion.com\/player.html?video=x7uvi5q&#038;\" allowfullscreen allow=\"autoplay; fullscreen; picture-in-picture; web-share\"><\/iframe>\n<\/div><\/figure>\n","protected":false},"excerpt":{"rendered":"<p>A confirma\u00e7\u00e3o do GP da R\u00fassia como d\u00e9cima etapa da temporada 2020 do Mundial de F\u00f3rmula 1 d\u00e1 sequ\u00eancia ao plano do promotor Alexey Titov de realizar a prova no Parque Ol\u00edmpico de S\u00f3chi com a presen\u00e7a do p\u00fablico. Os ingressos j\u00e1 come\u00e7aram a ser vendidos<\/p>\n","protected":false},"author":0,"featured_media":0,"comment_status":"closed","ping_status":"closed","sticky":false,"template":"","format":"standard","meta":{"42wp_featured_image_caption":"","42wp_featured_image_credits":"","42wp_featured_video":"","42wp_featured_image_hidden":false,"42wp_authors_list":[],"footnotes":""},"categories":[2],"tags":[24858,147,118,24837,24975,24836,24967,25442],"42wp_author":[47110],"class_list":["post-129261","post","type-post","status-publish","format-standard","hentry","category-f1","tag-covid-19","tag-f1","tag-f1-2020","tag-formula-1-2","tag-gp-da-russia-2","tag-grande-premio-2","tag-publico","tag-sochi-2","42wp_author-fernando-silva"],"_links":{"self":[{"href":"https:\/\/grandepremio.com\/br\/wp-json\/wp\/v2\/posts\/129261","targetHints":{"allow":["GET"]}}],"collection":[{"href":"https:\/\/grandepremio.com\/br\/wp-json\/wp\/v2\/posts"}],"about":[{"href":"https:\/\/grandepremio.com\/br\/wp-json\/wp\/v2\/types\/post"}],"replies":[{"embeddable":true,"href":"https:\/\/grandepremio.com\/br\/wp-json\/wp\/v2\/comments?post=129261"}],"version-history":[{"count":0,"href":"https:\/\/grandepremio.com\/br\/wp-json\/wp\/v2\/posts\/129261\/revisions"}],"wp:attachment":[{"href":"https:\/\/grandepremio.com\/br\/wp-json\/wp\/v2\/media?parent=129261"}],"wp:term":[{"taxonomy":"category","embeddable":true,"href":"https:\/\/grandepremio.com\/br\/wp-json\/wp\/v2\/categories?post=129261"},{"taxonomy":"post_tag","embeddable":true,"href":"https:\/\/grandepremio.com\/br\/wp-json\/wp\/v2\/tags?post=129261"},{"taxonomy":"42wp_author","embeddable":true,"href":"https:\/\/grandepremio.com\/br\/wp-json\/wp\/v2\/42wp_author?post=129261"}],"curies":[{"name":"wp","href":"https:\/\/api.w.org\/{rel}","templated":true}]}}