{"id":129264,"date":"2020-07-10T06:26:02","date_gmt":"2020-07-10T09:26:02","guid":{"rendered":"https:\/\/grandepremio.com\/br\/noticias\/formula-1-confirma-estreia-de-mugello-e-adiciona-gp-da-russia-ao-calendario-2020\/"},"modified":"2020-07-10T06:31:41","modified_gmt":"2020-07-10T09:31:41","slug":"formula-1-confirma-estreia-de-mugello-e-adiciona-gp-da-russia-ao-calendario-2020","status":"publish","type":"post","link":"https:\/\/grandepremio.com\/br\/f1\/formula-1-confirma-estreia-de-mugello-e-adiciona-gp-da-russia-ao-calendario-2020\/","title":{"rendered":"F\u00f3rmula 1 confirma estreia de Mugello e adiciona GP da R\u00fassia ao calend\u00e1rio 2020"},"content":{"rendered":"\n<figure class=\"wp-block-embed-youtube wp-block-embed is-type-video is-provider-youtube wp-embed-aspect-16-9 wp-has-aspect-ratio\"><div class=\"wp-block-embed__wrapper\">\n<iframe loading=\"lazy\" title=\"Jejum de T\u00cdTULOS na F1 e crise: o que acontece com a FERRARI? | Cadeira Cativa #14\" width=\"500\" height=\"281\" src=\"https:\/\/www.youtube.com\/embed\/NWA-KpPjI-M?feature=oembed\" frameborder=\"0\" allow=\"accelerometer; autoplay; clipboard-write; encrypted-media; gyroscope; picture-in-picture; web-share\" referrerpolicy=\"strict-origin-when-cross-origin\" allowfullscreen><\/iframe>\n<\/div><\/figure>\n\n\n\n<p class=\"wp-block-paragraph\">Mugello est\u00e1 oficialmente no <a href=\"https:\/\/www.grandepremio.com\/br\/f1\/calendario\">calend\u00e1rio da temporada 2020<\/a>. Nesta sexta-feira (10), a F\u00f3rmula 1 anunciou a entrada do circuito no campeonato, sob o nome de GP da Toscana. Ainda, confirmou a realiza\u00e7\u00e3o do GP da R\u00fassia em S\u00f3chi.<\/p>\n\n\n\n<p class=\"wp-block-paragraph\">A pista italiana pertence \u00e0 Ferrari e est\u00e1 programada para realizar a corrida no dia 13 de setembro, uma semana ap\u00f3s o GP da It\u00e1lia em Monza. A prova ainda marca a 1.000\u00aa corrida da escuderia de Maranello na F1.<\/p>\n\n\n\n<p class=\"wp-block-paragraph\">Mugello \u00e9 uma das pistas mais tradicionais da MotoGP, mas n\u00e3o recebe o Mundial de Motovelocidade em 2020. Esse \u00e9 o quarto circuito italiano que vai receber a F1 \u2013 a categoria j\u00e1 passou por \u00cdmola, Monza e Pescara.<\/p>\n\n\n\n<p class=\"wp-block-paragraph\"><a href=\"https:\/\/www.grandepremio.com\/br\/f1\/noticias\/vettel-abre-dia-de-teste-da-ferrari-com-carro-de-2018-em-mugello\/\">Charles Leclerc e Sebastian Vettel realizaram testes privados no tra\u00e7ado<\/a> antes do GP da \u00c1ustria, que abriu a temporada. Na \u00e9poca, a<a href=\"https:\/\/www.grandepremio.com\/br\/f1\/noticias\/dupla-da-ferrari-elogia-espetacular-mugello-merece-receber-a-formula-1\/\"> dupla verbalizou seu desejo de disputar uma etapa no local<\/a>.<\/p>\n\n\n\n<figure class=\"wp-block-image size-large\"><img decoding=\"async\" src=\"https:\/\/www.grandepremio.com\/br\/wp-content\/uploads\/2019\/09\/2019926921288_Sochi2_DMa.jpg\" alt=\"\" class=\"wp-image-358862\"\/><figcaption>Mais uma vez S\u00f3chi est\u00e1 no calend\u00e1rio da F1<\/figcaption><\/figure>\n\n\n\n<p class=\"wp-block-paragraph\">S\u00f3chi tamb\u00e9m foi confirmado para 2020 e recebe a categoria no dia 27 de setembro. Com as duas adi\u00e7\u00f5es, o ano da F1 passou para dez etapas confirmadas, com o restante do calend\u00e1rio previsto para ser anunciado nas pr\u00f3ximas semanas.<\/p>\n\n\n\n<p class=\"wp-block-paragraph\">Chase Carey, chef\u00e3o da categoria, mostrou bastante anima\u00e7\u00e3o com a novidade e com o retorno da R\u00fassia. \u201cEstamos felizes em anunciar que Mugello e S\u00f3chi v\u00e3o fazer parte do calend\u00e1rio de 2020 e queremos agradecer a todos os nossos parceiros pelo apoio nas \u00faltimas semanas. Tivemos um \u00f3timo come\u00e7o de temporada na \u00c1ustria no fim de semana passado e estamos cada vez mais confiantes em rela\u00e7\u00e3o aos nossos planos ao longo de 2020\u201d, sublinhou.<\/p>\n\n\n\n<p class=\"wp-block-paragraph\">\u201cO GP da R\u00fassia \u00e9 um momento importante da nossa temporada e estamos ansiosos por voltar a S\u00f3chi em setembro. Estamos igualmente empolgados em ver a F1 correr pela primeira vez em Mugello, ocasi\u00e3o que vai marcar o 1.000\u00ba GP da Ferrari. As duas corridas v\u00e3o ser um grande impulso para os f\u00e3s, com mais an\u00fancios das pr\u00f3ximas provas do nosso calend\u00e1rio nas pr\u00f3ximas semanas\u201d, completou.<\/p>\n\n\n\n<figure class=\"wp-block-embed-youtube wp-block-embed is-type-video is-provider-youtube wp-embed-aspect-16-9 wp-has-aspect-ratio\"><div class=\"wp-block-embed__wrapper\">\n<iframe loading=\"lazy\" title=\"Pierluigi MARTINI: o her\u00f3i da MINARDI e algoz de Christian Fittipaldi na F1\" width=\"500\" height=\"281\" src=\"https:\/\/www.youtube.com\/embed\/Akpb0OVOVGs?feature=oembed\" frameborder=\"0\" allow=\"accelerometer; autoplay; clipboard-write; encrypted-media; gyroscope; picture-in-picture; web-share\" referrerpolicy=\"strict-origin-when-cross-origin\" allowfullscreen><\/iframe>\n<\/div><\/figure>\n","protected":false},"excerpt":{"rendered":"<p>A categoria passa pela primeira vez no circuito italiano, que vai comemorar 1000 corridas da Ferrari na F1. As provas acontecem em 13 e 27 de setembro<\/p>\n","protected":false},"author":0,"featured_media":1000394446,"comment_status":"closed","ping_status":"closed","sticky":false,"template":"","format":"standard","meta":{"42wp_featured_image_caption":"","42wp_featured_image_credits":"","42wp_featured_video":"","42wp_featured_image_hidden":false,"42wp_authors_list":[],"footnotes":""},"categories":[2],"tags":[207,24837,24860,24975,25443,3211,25442,24908],"42wp_author":[47109],"class_list":["post-129264","post","type-post","status-publish","format-standard","has-post-thumbnail","hentry","category-f1","tag-ferrari","tag-formula-1-2","tag-formula-1-2020-2","tag-gp-da-russia-2","tag-gp-da-toscana","tag-mugello","tag-sochi-2","tag-temporada-2020-formula-1","42wp_author-redacao-gp"],"_links":{"self":[{"href":"https:\/\/grandepremio.com\/br\/wp-json\/wp\/v2\/posts\/129264","targetHints":{"allow":["GET"]}}],"collection":[{"href":"https:\/\/grandepremio.com\/br\/wp-json\/wp\/v2\/posts"}],"about":[{"href":"https:\/\/grandepremio.com\/br\/wp-json\/wp\/v2\/types\/post"}],"replies":[{"embeddable":true,"href":"https:\/\/grandepremio.com\/br\/wp-json\/wp\/v2\/comments?post=129264"}],"version-history":[{"count":0,"href":"https:\/\/grandepremio.com\/br\/wp-json\/wp\/v2\/posts\/129264\/revisions"}],"wp:featuredmedia":[{"embeddable":true,"href":"https:\/\/grandepremio.com\/br\/wp-json\/wp\/v2\/media\/1000394446"}],"wp:attachment":[{"href":"https:\/\/grandepremio.com\/br\/wp-json\/wp\/v2\/media?parent=129264"}],"wp:term":[{"taxonomy":"category","embeddable":true,"href":"https:\/\/grandepremio.com\/br\/wp-json\/wp\/v2\/categories?post=129264"},{"taxonomy":"post_tag","embeddable":true,"href":"https:\/\/grandepremio.com\/br\/wp-json\/wp\/v2\/tags?post=129264"},{"taxonomy":"42wp_author","embeddable":true,"href":"https:\/\/grandepremio.com\/br\/wp-json\/wp\/v2\/42wp_author?post=129264"}],"curies":[{"name":"wp","href":"https:\/\/api.w.org\/{rel}","templated":true}]}}