{"id":129269,"date":"2020-07-09T17:51:32","date_gmt":"2020-07-09T20:51:32","guid":{"rendered":"https:\/\/grandepremio.com\/br\/noticias\/hamilton-cobre-ser-humano-vettel-de-elogios-respeito-mais-que-todos-na-formula-1\/"},"modified":"2020-07-10T04:39:02","modified_gmt":"2020-07-10T07:39:02","slug":"hamilton-cobre-ser-humano-vettel-de-elogios-respeito-mais-que-todos-na-formula-1","status":"publish","type":"post","link":"https:\/\/grandepremio.com\/br\/f1\/hamilton-cobre-ser-humano-vettel-de-elogios-respeito-mais-que-todos-na-formula-1\/","title":{"rendered":"Hamilton cobre &#8220;humano&#8221; Vettel de elogios: &#8220;Respeito mais que todos na F\u00f3rmula 1&#8221;"},"content":{"rendered":"\n<figure class=\"wp-block-embed-youtube wp-block-embed is-type-video is-provider-youtube wp-embed-aspect-16-9 wp-has-aspect-ratio\"><div class=\"wp-block-embed__wrapper\">\n<iframe loading=\"lazy\" title=\"Pierluigi MARTINI: o her\u00f3i da MINARDI e algoz de Christian Fittipaldi na F1\" width=\"500\" height=\"281\" src=\"https:\/\/www.youtube.com\/embed\/Akpb0OVOVGs?feature=oembed\" frameborder=\"0\" allow=\"accelerometer; autoplay; clipboard-write; encrypted-media; gyroscope; picture-in-picture; web-share\" referrerpolicy=\"strict-origin-when-cross-origin\" allowfullscreen><\/iframe>\n<\/div><\/figure>\n\n\n\n<p class=\"wp-block-paragraph\"><a href=\"https:\/\/www.grandepremio.com\/br\/?s=hamilton\">Lewis Hamilton<\/a> e <a href=\"https:\/\/www.grandepremio.com\/br\/?s=vettel\">Sebastian Vettel<\/a> venceram nove dos \u00faltimos dez campeonatos da <a href=\"https:\/\/www.grandepremio.com\/br\/f1\/?fl=true&amp;utm_source=lance\">F\u00f3rmula 1<\/a>. S\u00e3o, sem sombra de d\u00favida, as duas figuras mais importantes de uma gera\u00e7\u00e3o do esporte. E, aparentemente, s\u00e3o tamb\u00e9m amigos fora das pistas. Questionado sobre Vettel durante a quinta-feira (9) do GP da Est\u00edria, cobriu o contempor\u00e2neo de elogios.<\/p>\n\n\n\n<p class=\"wp-block-paragraph\">De acordo com o hexacampe\u00e3o, o tempo juntos na F\u00f3rmula 1 j\u00e1 cria uma natural liga\u00e7\u00e3o entre os dois. Entretanto, ap\u00f3s conhecer o Vettel de fora das pistas, viu o respeito aumentar vertiginosamente.<\/p>\n\n\n\n<p class=\"wp-block-paragraph\">\u00c9 bom lembrar que Vettel n\u00e3o apenas <a href=\"https:\/\/www.grandepremio.com\/br\/f1\/noticias\/hamilton-se-diz-muito-grato-por-pilotos-que-se-ajoelharam-mas-respeita-quem-nao-quis\/?fl=true&amp;utm_source=lance\">ajoelhou ao lado de Lewis na manifesta\u00e7\u00e3o antirracismo<\/a> no <a href=\"https:\/\/www.grandepremio.com\/br\/f1\/noticias\/bottas-vence-agitado-gp-da-austria-hamilton-e-albon-batem-e-norris-vai-ao-podio\/?fl=true&amp;utm_source=lance\">GP da \u00c1ustria<\/a> como ainda estampou o movimento &#8216;Black Lives Matter&#8217; &#8211; Vidas Pretas Importam &#8211; no capacete.<\/p>\n\n\n\n<p class=\"wp-block-paragraph\">&#8220;Tenho muito respeito. N\u00f3s passamos por muitas coisas juntos, competindo um contra o outro, e eu pude conhec\u00ea-lo de um jeito diferente que apenas o piloto da outra garagem contra quem estou competindo&#8221;, afirmou em entrevista \u00e0 rede de TV austr\u00edaca RTL.<\/p>\n\n\n\n<p class=\"wp-block-paragraph\">&#8220;Conheci [Vettel] como ser humano e meu respeito por ele \u00e9 provavelmente maior que por todos os outros aqui com rela\u00e7\u00e3o ao ser humano que ele \u00e9, o homem que ele \u00e9 e o que defende e representa&#8221;, elogiou.<\/p>\n\n\n\n<p class=\"wp-block-paragraph\">Apesar dos longos per\u00edodos de dom\u00ednio, os dois raramente foram rivais reais na briga pelo t\u00edtulo. Ambos estrearam em 2007, mas, enquanto Lewis lutava e conquistava t\u00edtulo com a <a href=\"https:\/\/www.grandepremio.com\/br\/?s=mclaren\">McLaren<\/a>, Vettel ainda guiava pela <a href=\"https:\/\/www.grandepremio.com\/br\/?s=alphatauri\">Toro Rosso<\/a>. Quando Sebastian passou a dominar, com a <a href=\"https:\/\/www.grandepremio.com\/br\/?s=red+bull\">Red Bull<\/a>, Hamilton n\u00e3o tinha carro bom o bastante na rival inglesa. Em 2013, \u00faltimo ano do dom\u00ednio de Vettel, pulou para a <a href=\"https:\/\/www.grandepremio.com\/br\/?s=mercedes\">Mercedes<\/a>. Dois campeonatos depois, dominado pelas Flechas Prateadas, foi Vettel quem deixou sua casa e partiu rumo \u00e0 <a href=\"https:\/\/www.grandepremio.com\/br\/?s=ferrari\">Ferrari<\/a>.<\/p>\n\n\n\n<p class=\"wp-block-paragraph\">Os dois duelaram mesmo pelo t\u00edtulo nas temporadas 2017 e 2018, mas o grande momento de tens\u00e3o foi a batida no GP do Azerbaij\u00e3o de 2017. Na ocasi\u00e3o, Vettel acusou Hamilton de fazer o &#8216;brake test&#8217; com ele durante interven\u00e7\u00e3o do safety-car e bateu no rival propositalmente. Mas o momento ficou no passado, e os dois trocam elogios desde ent\u00e3o.<\/p>\n\n\n\n<p class=\"wp-block-paragraph\">Vettel deixar\u00e1 a Ferrari a partir do ano que vem, e a possibilidade de ver os dois juntos em Brackley chegou a ser ventilada, mas a Daimler, companhia-m\u00e3e da Mercedes, <a href=\"https:\/\/www.grandepremio.com\/br\/f1\/noticias\/daimler-descarta-vettel-e-diz-que-mercedes-vai-renovar-com-hamilton-e-bottas\/?fl=true&amp;utm_source=lance\">j\u00e1 negou os boatos<\/a> e falou em renovar com <a href=\"https:\/\/www.grandepremio.com\/br\/?s=bottas\">Valtteri Bottas<\/a>, al\u00e9m do pr\u00f3prio Hamilton.<\/p>\n\n\n\n<p class=\"wp-block-paragraph\">O <strong>GRANDE PR\u00caMIO<\/strong> acompanha todas as atividades do GP da Est\u00edria, no fim de semana, em <a href=\"https:\/\/www.grandepremio.com\/br\/ao-vivo\/f1\/?fl=true&amp;utm_source=lance\">tempo real<\/a>.<\/p>\n\n\n\n<figure class=\"wp-block-embed-youtube wp-block-embed is-type-video is-provider-youtube wp-embed-aspect-16-9 wp-has-aspect-ratio\"><div class=\"wp-block-embed__wrapper\">\n<iframe loading=\"lazy\" title=\"A maluca F1 na \u00c1ustria e as vit\u00f3rias de Bottas, Dixon e Drugovich | Paddock GP #204\" width=\"500\" height=\"281\" src=\"https:\/\/www.youtube.com\/embed\/SCi29t7iAoM?feature=oembed\" frameborder=\"0\" allow=\"accelerometer; autoplay; clipboard-write; encrypted-media; gyroscope; picture-in-picture; web-share\" referrerpolicy=\"strict-origin-when-cross-origin\" allowfullscreen><\/iframe>\n<\/div><\/figure>\n","protected":false},"excerpt":{"rendered":"<p>Lewis Hamilton afirmou que, em Sebastian Vettel, conheceu fora das pistas um grande ser humano por tudo que defende e representa <\/p>\n","protected":false},"author":0,"featured_media":0,"comment_status":"closed","ping_status":"closed","sticky":false,"template":"","format":"standard","meta":{"42wp_featured_image_caption":"","42wp_featured_image_credits":"","42wp_featured_video":"","42wp_featured_image_hidden":false,"42wp_authors_list":[],"footnotes":""},"categories":[2],"tags":[118,24837,24894,87,82],"42wp_author":[47109],"class_list":["post-129269","post","type-post","status-publish","format-standard","hentry","category-f1","tag-f1-2020","tag-formula-1-2","tag-gp-da-estiria-2","tag-lewis-hamilton","tag-mercedes","42wp_author-redacao-gp"],"_links":{"self":[{"href":"https:\/\/grandepremio.com\/br\/wp-json\/wp\/v2\/posts\/129269","targetHints":{"allow":["GET"]}}],"collection":[{"href":"https:\/\/grandepremio.com\/br\/wp-json\/wp\/v2\/posts"}],"about":[{"href":"https:\/\/grandepremio.com\/br\/wp-json\/wp\/v2\/types\/post"}],"replies":[{"embeddable":true,"href":"https:\/\/grandepremio.com\/br\/wp-json\/wp\/v2\/comments?post=129269"}],"version-history":[{"count":0,"href":"https:\/\/grandepremio.com\/br\/wp-json\/wp\/v2\/posts\/129269\/revisions"}],"wp:attachment":[{"href":"https:\/\/grandepremio.com\/br\/wp-json\/wp\/v2\/media?parent=129269"}],"wp:term":[{"taxonomy":"category","embeddable":true,"href":"https:\/\/grandepremio.com\/br\/wp-json\/wp\/v2\/categories?post=129269"},{"taxonomy":"post_tag","embeddable":true,"href":"https:\/\/grandepremio.com\/br\/wp-json\/wp\/v2\/tags?post=129269"},{"taxonomy":"42wp_author","embeddable":true,"href":"https:\/\/grandepremio.com\/br\/wp-json\/wp\/v2\/42wp_author?post=129269"}],"curies":[{"name":"wp","href":"https:\/\/api.w.org\/{rel}","templated":true}]}}