{"id":129278,"date":"2020-07-09T14:05:45","date_gmt":"2020-07-09T17:05:45","guid":{"rendered":"https:\/\/grandepremio.com\/br\/noticias\/norris-mantem-calma-sobre-bater-ferrari-pacote-deles-e-melhor-que-o-nosso\/"},"modified":"2020-07-09T17:03:52","modified_gmt":"2020-07-09T20:03:52","slug":"norris-mantem-calma-sobre-bater-ferrari-pacote-deles-e-melhor-que-o-nosso","status":"publish","type":"post","link":"https:\/\/grandepremio.com\/br\/f1\/norris-mantem-calma-sobre-bater-ferrari-pacote-deles-e-melhor-que-o-nosso\/","title":{"rendered":"Norris mant\u00e9m calma sobre bater Ferrari: &#8220;Pacote deles \u00e9 melhor que o nosso&#8221;"},"content":{"rendered":"\n<figure class=\"wp-block-embed-youtube wp-block-embed is-type-video is-provider-youtube wp-embed-aspect-16-9 wp-has-aspect-ratio\"><div class=\"wp-block-embed__wrapper\">\n<iframe loading=\"lazy\" title=\"Pierluigi MARTINI: o her\u00f3i da MINARDI e algoz de Christian Fittipaldi na F1\" width=\"500\" height=\"281\" src=\"https:\/\/www.youtube.com\/embed\/Akpb0OVOVGs?feature=oembed\" frameborder=\"0\" allow=\"accelerometer; autoplay; clipboard-write; encrypted-media; gyroscope; picture-in-picture; web-share\" referrerpolicy=\"strict-origin-when-cross-origin\" allowfullscreen><\/iframe>\n<\/div><\/figure>\n\n\n\n<p class=\"wp-block-paragraph\">No GP da \u00c1ustria do \u00faltimo domingo (5), Lando Norris foi ao p\u00f3dio em terceiro com a McLaren, enquanto Carlos Sainz terminou em quinto. Por outro lado, Charles Leclerc recebeu a bandeirada no segundo posto, mas seu parceiro de Ferrari, Sebastian Vettel, n\u00e3o passou do 10\u00b0 do lugar.<\/p>\n\n\n\n<p class=\"wp-block-paragraph\">O que isso significa? Que o mesmo palco em Spielberg, agora com a prova denominada GP da Est\u00edria, recebe a F\u00f3rmula 1 a partir de sexta-feira (10) com a McLaren somando 26 pontos (incluindo o ponto extra da melhor volta, de Norris), enquanto a Ferrari tem 19.<\/p>\n\n\n\n<p class=\"wp-block-paragraph\">Seria uma tend\u00eancia para o restante da temporada os laranjas \u00e0 frente dos vermelhos? Nesta quinta-feira, Norris deixou claro que ainda n\u00e3o cr\u00ea em tal situa\u00e7\u00e3o.<\/p>\n\n\n\n<p class=\"wp-block-paragraph\">&#8220;Acho que foi um come\u00e7o muito bom, mas vamos levar corrida a corrida. O meio do grid est\u00e1 muito pr\u00f3ximo&#8221;, analisou.<\/p>\n\n\n\n<figure class=\"wp-block-image size-large\"><img decoding=\"async\" src=\"https:\/\/www.grandepremio.com\/br\/wp-content\/uploads\/2020\/07\/mclaren-landonorris-01-1-1024x576.jpg\" alt=\"\" class=\"wp-image-392787\"\/><figcaption>No GP da \u00c1ustria, Lando Norris conquistou seu primeiro p\u00f3dio na F1 (Foto: McLaren)<\/figcaption><\/figure>\n\n\n\n<p class=\"wp-block-paragraph\">&#8220;A Ferrari ainda possui muitos pontos fortes e acho que vai voltar \u00e0 briga nas pr\u00f3ximas corridas. N\u00f3s temos uma boa base para melhorar, mas continuo acreditando que o pacote da Ferrari \u00e9 melhor que o nosso&#8221;, concluiu.<\/p>\n\n\n\n<p class=\"wp-block-paragraph\">A primeira oportunidade para verificar se a tese do brit\u00e2nico permanece v\u00e1lida ser\u00e1 no pr\u00f3ximo domingo (12).<\/p>\n\n\n\n<p class=\"wp-block-paragraph\">O&nbsp;<strong>GRANDE PR\u00caMIO<\/strong>&nbsp;<a href=\"https:\/\/www.grandepremio.com\/br\/ao-vivo\/f1\/?fl=true&amp;utm_source=lance\">transmite ao vivo e em tempo real<\/a>&nbsp;todas as atividades do GP da Est\u00edria, segunda etapa do campeonato da&nbsp;<a href=\"https:\/\/www.grandepremio.com\/br\/f1\/\" target=\"_blank\" rel=\"noreferrer noopener\">F\u00f3rmula 1<\/a>&nbsp;2020.<\/p>\n\n\n\n<figure class=\"wp-block-embed-dailymotion wp-block-embed is-type-video is-provider-dailymotion wp-embed-aspect-16-9 wp-has-aspect-ratio\"><div class=\"wp-block-embed__wrapper\">\n<iframe loading=\"lazy\" title=\"5 coisas que aprendemos na \u00c1USTRIA e o que esperar da EST\u00cdRIA | GP \u00e0s 10\" frameborder=\"0\" width=\"500\" height=\"281\" src=\"https:\/\/geo.dailymotion.com\/player.html?video=x7uwrx4&#038;\" allowfullscreen allow=\"autoplay; fullscreen; picture-in-picture; web-share\"><\/iframe>\n<\/div><\/figure>\n","protected":false},"excerpt":{"rendered":"<p>No primeiro GP da temporada, a McLaren somou mais pontos do que a Ferrari. Seria essa uma tend\u00eancia para o ano? Lando Norris n\u00e3o acredita nisso por enquanto<\/p>\n","protected":false},"author":0,"featured_media":1000392023,"comment_status":"closed","ping_status":"closed","sticky":false,"template":"","format":"standard","meta":{"42wp_featured_image_caption":"","42wp_featured_image_credits":"","42wp_featured_video":"","42wp_featured_image_hidden":false,"42wp_authors_list":[],"footnotes":""},"categories":[2],"tags":[147,118,207,24837,24846,24888,24889,547,90],"42wp_author":[47109],"class_list":["post-129278","post","type-post","status-publish","format-standard","has-post-thumbnail","hentry","category-f1","tag-f1","tag-f1-2020","tag-ferrari","tag-formula-1-2","tag-formula-um-2","tag-gp-da-austria-2","tag-gp-da-estiria","tag-lando-norris","tag-mclaren","42wp_author-redacao-gp"],"_links":{"self":[{"href":"https:\/\/grandepremio.com\/br\/wp-json\/wp\/v2\/posts\/129278","targetHints":{"allow":["GET"]}}],"collection":[{"href":"https:\/\/grandepremio.com\/br\/wp-json\/wp\/v2\/posts"}],"about":[{"href":"https:\/\/grandepremio.com\/br\/wp-json\/wp\/v2\/types\/post"}],"replies":[{"embeddable":true,"href":"https:\/\/grandepremio.com\/br\/wp-json\/wp\/v2\/comments?post=129278"}],"version-history":[{"count":0,"href":"https:\/\/grandepremio.com\/br\/wp-json\/wp\/v2\/posts\/129278\/revisions"}],"wp:featuredmedia":[{"embeddable":true,"href":"https:\/\/grandepremio.com\/br\/wp-json\/wp\/v2\/media\/1000392023"}],"wp:attachment":[{"href":"https:\/\/grandepremio.com\/br\/wp-json\/wp\/v2\/media?parent=129278"}],"wp:term":[{"taxonomy":"category","embeddable":true,"href":"https:\/\/grandepremio.com\/br\/wp-json\/wp\/v2\/categories?post=129278"},{"taxonomy":"post_tag","embeddable":true,"href":"https:\/\/grandepremio.com\/br\/wp-json\/wp\/v2\/tags?post=129278"},{"taxonomy":"42wp_author","embeddable":true,"href":"https:\/\/grandepremio.com\/br\/wp-json\/wp\/v2\/42wp_author?post=129278"}],"curies":[{"name":"wp","href":"https:\/\/api.w.org\/{rel}","templated":true}]}}