{"id":129303,"date":"2020-07-09T04:15:00","date_gmt":"2020-07-09T07:15:00","guid":{"rendered":"https:\/\/grandepremio.com\/br\/noticias\/juventude-e-experiencia-mclaren-equilibra-bastidores-e-renasce-na-formula-1\/"},"modified":"2020-07-08T20:17:37","modified_gmt":"2020-07-08T23:17:37","slug":"juventude-e-experiencia-mclaren-equilibra-bastidores-e-renasce-na-formula-1","status":"publish","type":"post","link":"https:\/\/grandepremio.com\/br\/f1\/juventude-e-experiencia-mclaren-equilibra-bastidores-e-renasce-na-formula-1\/","title":{"rendered":"Juventude e experi\u00eancia: McLaren equilibra bastidores e renasce na F\u00f3rmula 1"},"content":{"rendered":"\n<figure class=\"wp-block-embed-youtube wp-block-embed is-type-video is-provider-youtube wp-embed-aspect-16-9 wp-has-aspect-ratio\"><div class=\"wp-block-embed__wrapper\">\n<iframe loading=\"lazy\" title=\"A maluca F1 na \u00c1ustria e as vit\u00f3rias de Bottas, Dixon e Drugovich | Paddock GP #204\" width=\"500\" height=\"281\" src=\"https:\/\/www.youtube.com\/embed\/SCi29t7iAoM?feature=oembed\" frameborder=\"0\" allow=\"accelerometer; autoplay; clipboard-write; encrypted-media; gyroscope; picture-in-picture; web-share\" referrerpolicy=\"strict-origin-when-cross-origin\" allowfullscreen><\/iframe>\n<\/div><\/figure>\n\n\n\n<p class=\"wp-block-paragraph\">Demorou, mas a McLaren encontrou o rumo na<strong> <\/strong><a href=\"https:\/\/www.grandepremio.com\/br\/f1\">F\u00f3rmula 1<\/a>. Depois de quatro anos de resultados decepcionantes \u2015 sendo o melhor deles apenas o sexto lugar nos Mundiais de Construtores de 2016 e 2018 \u2015, a escuderia de Woking acertou a m\u00e3o na gest\u00e3o e fez as pazes com o p\u00f3dio.<\/p>\n\n\n\n<p class=\"wp-block-paragraph\">Sob a reg\u00eancia de Zak Brown, a lend\u00e1ria equipe inglesa conseguiu encontrar o trampolim no fundo do po\u00e7o. O dirigente montou um time experiente com a chegada de Andreas Seidl, respons\u00e1vel pelo sucesso da Porsche no Mundial de Endurance, e de James Key, que veio da ent\u00e3o Toro Rosso para assumir o posto de diretor-t\u00e9cnico. E somou a isso a juventude de Carlos Sainz Jr. e Lando Norris.<\/p>\n\n\n\n<p class=\"wp-block-paragraph\">Foi uma mudan\u00e7a e tanto para uma equipe que at\u00e9 ent\u00e3o contava com a experi\u00eancia Fernando Alonso. O espanhol, por\u00e9m, n\u00e3o conseguiu fazer valer sua comprovada capacidade e, al\u00e9m de n\u00e3o ter deixado grandes resultados para tr\u00e1s, tamb\u00e9m serviu como grande incentivador do crescimento de uma Honda que cansou de ser alfinetada e se aliou \u00e0 Red Bull para fazer deslanchar o projeto do motor V6 turbo.<\/p>\n\n\n\n<figure class=\"wp-block-image size-large\"><img decoding=\"async\" src=\"https:\/\/www.grandepremio.com\/br\/wp-content\/uploads\/2020\/07\/mclaren-landonorris-02-1024x576.jpg\" alt=\"\" class=\"wp-image-392788\"\/><figcaption>A McLaren \u00e9 uma das equipes que mais cresceu de 2019 para 2020 (Foto: McLaren)<\/figcaption><\/figure>\n\n\n\n<p class=\"wp-block-paragraph\">No total, foram tr\u00eas anos com a montadora nip\u00f4nica, que foi substitu\u00edda pela Renault em 2018 \u2015 e ser\u00e1 sucedida pela Mercedes no ano que vem. A melhora em rela\u00e7\u00e3o ao ano anterior foi n\u00edtida \u2015 com a pontua\u00e7\u00e3o mais do que dobrando \u2015, mas o grande salto aconteceu mesmo no ano passado.<\/p>\n\n\n\n<p class=\"wp-block-paragraph\">J\u00e1 com Sainz e Norris, a McLaren fechou o ano com o quarto posto no Mundial de Construtores, o melhor resultado desde o terceiro lugar de 2012, quando contava com motor Mercedes e era defendida por Lewis Hamilton e Jenson Button. Al\u00e9m disso, o terceiro lugar do espanhol no GP do Brasil <a href=\"https:\/\/www.grandepremio.com\/br\/f1\/noticias\/com-sainz-mclaren-quebra-jejum-e-volta-ao-podio-apos-quase-6-anos\/\">marcou o fim de um jejum de p\u00f3dios que vinha desde o GP da Austr\u00e1lia de 2014<\/a> \u2015 tamb\u00e9m um terceiro lugar, mas com Kevin Magnussen e Button.<\/p>\n\n\n\n<p class=\"wp-block-paragraph\">Na atrasada abertura da temporada 2020 da F1, a evolu\u00e7\u00e3o ficou ainda mais clara: afinal, \u00e9 o segundo p\u00f3dio no intervalo de tr\u00eas corridas. E, curiosamente, s\u00e3o dois top-3 com hist\u00f3rias repetidas: aproveitando uma <a href=\"https:\/\/www.grandepremio.com\/br\/f1\/noticias\/apos-punicao-a-hamilton-sainz-e-mclaren-fazem-festa-propria-no-podio-em-interlagos\/\">puni\u00e7\u00e3o de 5s a Hamilton por um incidente com Alexander Albon<\/a>.<\/p>\n\n\n\n<p class=\"wp-block-paragraph\">Ainda assim, os m\u00e9ritos da McLaren s\u00e3o reais. Em novembro passado, em Interlagos, Sainz fez uma <a href=\"https:\/\/www.grandepremio.com\/br\/f1\/noticias\/melhor-corrida-de-todas-sainz-comemora-podio-no-gp-do-brasil\/\">impressionante prova de recupera\u00e7\u00e3o para estrear no top-3 do Mundial<\/a>. Desta vez, no Red Bull Ring, Norris j\u00e1 tinha conseguido uma boa posi\u00e7\u00e3o de largada e, <a href=\"https:\/\/www.grandepremio.com\/br\/f1\/noticias\/bottas-vence-agitado-gp-da-austria-hamilton-e-albon-batem-e-norris-vai-ao-podio\/\">al\u00e9m de uma atua\u00e7\u00e3o s\u00f3lida<\/a>, ainda contou com o bom servi\u00e7o de informa\u00e7\u00f5es da McLaren para acelerar forte na volta final, <a href=\"https:\/\/www.grandepremio.com\/br\/f1\/noticias\/mclaren-celebra-resultado-inacreditavel-na-austria-e-revela-surpresa-com-volta-de-norris\/\">assegurar o melhor tempo da corrida e garantir uma diferen\u00e7a boa o bastante para ficar o terceiro posto ap\u00f3s a aplica\u00e7\u00e3o da san\u00e7\u00e3o em Hamilton<\/a>.<\/p>\n\n\n\n<figure class=\"wp-block-image size-large\"><img decoding=\"async\" src=\"https:\/\/www.grandepremio.com\/br\/wp-content\/uploads\/2020\/07\/000_1UH92X-1024x683.jpg\" alt=\"\" class=\"wp-image-392023\"\/><figcaption>Lando Norris foi ao p\u00f3dio do GP da \u00c1ustria, que abriu a temporada 2020 da F1 (Foto: AFP)<\/figcaption><\/figure>\n\n\n\n<p class=\"wp-block-paragraph\">Mas n\u00e3o \u00e9 s\u00f3 trabalho dos pilotos. Se no MCL34 ainda n\u00e3o era poss\u00edvel ver o toque do novo diretor-t\u00e9cnico, o <a href=\"https:\/\/www.grandepremio.com\/br\/f1\/noticias\/mclaren-traz-mcl35-com-mais-azul-pintura-fosca-e-bico-fino\/\">MCL35 leva a assinatura de Key<\/a>. E o comando de Seidl tem sido mais um acerto.<\/p>\n\n\n\n<p class=\"wp-block-paragraph\">A McLaren apresentou o carro deste ano sonhando em manter o crescimento apresentando no ano passado e, quem sabe, amea\u00e7ar o top-3. Passada apenas uma corrida, \u00e9 cedo para dizer se os ingleses podem sonhar t\u00e3o alto, mas a atual vice-lideran\u00e7a do Mundial j\u00e1 ajuda a alimentar o sonho.<\/p>\n\n\n\n<p class=\"wp-block-paragraph\">Embora Carlos esteja de partida para a Ferrari em 2021, o espanhol ainda vai querer mostrar servi\u00e7o. Do outro lado dos boxes, Norris, agora mais experiente, tamb\u00e9m vai querer demarcar territ\u00f3rio antes da chegada de Daniel Ricciardo.<\/p>\n\n\n\n<p class=\"wp-block-paragraph\">A McLaren \u00e9 uma clara evid\u00eancia de que n\u00e3o bastam bons pilotos na F\u00f3rmula 1. Claro, competidores talentosos podem marcar a diferen\u00e7a, mas o trabalho dos bastidores \u00e9 igualmente fundamental. Woking acertou a m\u00e3o n\u00e3o s\u00f3 com Zak Brown, mas tamb\u00e9m com Seidl e Key. Apesar de curta e espremida, a temporada 2020 \u00e9 uma \u00f3tima oportunidade para colher frutos.<\/p>\n\n\n\n<figure class=\"wp-block-embed-youtube wp-block-embed is-type-video is-provider-youtube wp-embed-aspect-16-9 wp-has-aspect-ratio\"><div class=\"wp-block-embed__wrapper\">\n<iframe loading=\"lazy\" title=\"F1 2020: a an\u00e1lise e a repercuss\u00e3o do LOUCO GP da \u00c1ustria | Briefing\" width=\"500\" height=\"281\" src=\"https:\/\/www.youtube.com\/embed\/hDolmFeX3aY?feature=oembed\" frameborder=\"0\" allow=\"accelerometer; autoplay; clipboard-write; encrypted-media; gyroscope; picture-in-picture; web-share\" referrerpolicy=\"strict-origin-when-cross-origin\" allowfullscreen><\/iframe>\n<\/div><\/figure>\n\n\n","protected":false},"excerpt":{"rendered":"<p>Depois do avan\u00e7o de 2019, reestrutura\u00e7\u00e3o conduzida por Zak Brown segue dando frutos na McLaren. Na estreia da temporada, Lando Norris mostrou que tem o que precisa para ser o trunfo da escuderia de Woking no ano de despedida de Carlos Sainz Jr. <\/p>\n","protected":false},"author":0,"featured_media":1000392787,"comment_status":"closed","ping_status":"closed","sticky":false,"template":"","format":"standard","meta":{"42wp_featured_image_caption":"","42wp_featured_image_credits":"","42wp_featured_video":"","42wp_featured_image_hidden":false,"42wp_authors_list":[],"footnotes":""},"categories":[2],"tags":[545,25390,147,24837,1519],"42wp_author":[47113],"class_list":["post-129303","post","type-post","status-publish","format-standard","has-post-thumbnail","hentry","category-f1","tag-andreas-seidl","tag-carlos-sainz-jr-2","tag-f1","tag-formula-1-2","tag-james-key","42wp_author-juliana-tesser"],"_links":{"self":[{"href":"https:\/\/grandepremio.com\/br\/wp-json\/wp\/v2\/posts\/129303","targetHints":{"allow":["GET"]}}],"collection":[{"href":"https:\/\/grandepremio.com\/br\/wp-json\/wp\/v2\/posts"}],"about":[{"href":"https:\/\/grandepremio.com\/br\/wp-json\/wp\/v2\/types\/post"}],"replies":[{"embeddable":true,"href":"https:\/\/grandepremio.com\/br\/wp-json\/wp\/v2\/comments?post=129303"}],"version-history":[{"count":0,"href":"https:\/\/grandepremio.com\/br\/wp-json\/wp\/v2\/posts\/129303\/revisions"}],"wp:featuredmedia":[{"embeddable":true,"href":"https:\/\/grandepremio.com\/br\/wp-json\/wp\/v2\/media\/1000392787"}],"wp:attachment":[{"href":"https:\/\/grandepremio.com\/br\/wp-json\/wp\/v2\/media?parent=129303"}],"wp:term":[{"taxonomy":"category","embeddable":true,"href":"https:\/\/grandepremio.com\/br\/wp-json\/wp\/v2\/categories?post=129303"},{"taxonomy":"post_tag","embeddable":true,"href":"https:\/\/grandepremio.com\/br\/wp-json\/wp\/v2\/tags?post=129303"},{"taxonomy":"42wp_author","embeddable":true,"href":"https:\/\/grandepremio.com\/br\/wp-json\/wp\/v2\/42wp_author?post=129303"}],"curies":[{"name":"wp","href":"https:\/\/api.w.org\/{rel}","templated":true}]}}