{"id":129309,"date":"2020-07-08T15:28:00","date_gmt":"2020-07-08T18:28:00","guid":{"rendered":"https:\/\/grandepremio.com\/br\/noticias\/renault-ve-formula-1-toxica-e-diz-que-pausa-de-dois-anos-traz-alonso-sem-polemicas\/"},"modified":"2020-07-09T00:03:24","modified_gmt":"2020-07-09T03:03:24","slug":"renault-ve-formula-1-toxica-e-diz-que-pausa-de-dois-anos-traz-alonso-sem-polemicas","status":"publish","type":"post","link":"https:\/\/grandepremio.com\/br\/f1\/renault-ve-formula-1-toxica-e-diz-que-pausa-de-dois-anos-traz-alonso-sem-polemicas\/","title":{"rendered":"Renault v\u00ea F\u00f3rmula 1 &#8220;t\u00f3xica&#8221; e diz que pausa de dois anos traz Alonso sem pol\u00eamicas"},"content":{"rendered":"\n<figure class=\"wp-block-embed-dailymotion aligncenter wp-block-embed is-type-video is-provider-dailymotion wp-embed-aspect-16-9 wp-has-aspect-ratio\"><div class=\"wp-block-embed__wrapper\">\n<iframe loading=\"lazy\" title=\"Por que VOLTA de ALONSO \u00e0 F1 \u00e9 um GRANDE ERRO | GP \u00e0s 10\" frameborder=\"0\" width=\"500\" height=\"281\" src=\"https:\/\/geo.dailymotion.com\/player.html?video=x7uvux9&#038;\" allowfullscreen allow=\"autoplay; fullscreen; picture-in-picture; web-share\"><\/iframe>\n<\/div><\/figure>\n\n\n\n<p class=\"wp-block-paragraph\">Fernando Alonso \u00e9 bicampe\u00e3o mundial de F\u00f3rmula 1, fez o mesmo uma vez no WEC, mas tamb\u00e9m \u00e9 <strong><a href=\"https:\/\/www.grandepremio.com\/br\/f1\/noticias\/renault-e-alonso-imitam-lakers-e-kobe-usam-decadencia-para-turne-de-despedida\/\">conhecido por deixar bem claro quando est\u00e1 insatisfeito<\/a><\/strong>.<\/p>\n\n\n\n<p class=\"wp-block-paragraph\">A Renault, por\u00e9m, garante: <strong><a href=\"https:\/\/www.grandepremio.com\/br\/f1\/noticias\/alonso-se-diz-em-melhor-forma-da-vida-e-cita-missao-fazer-da-renault-campea-do-mundo\/\">conversou sobre este ponto com o espanhol<\/a><\/strong>, que retorna \u00e0 equipe para a temporada 2021. E espera um Alonso mais calmo e longe de problemas em sua terceira passagem como titular pelo time franc\u00eas.<\/p>\n\n\n\n<figure class=\"wp-block-image size-large\"><img decoding=\"async\" src=\"https:\/\/www.grandepremio.com\/br\/wp-content\/uploads\/2020\/05\/201962074733_CyrilAbiteboul2_DMa.jpg\" alt=\"\" class=\"wp-image-375166\"\/><figcaption>Cyril Abiteboul diz que conversou com Alonso sobre o lado pol\u00eamico do piloto (Foto: Renault)<\/figcaption><\/figure>\n\n\n\n<p class=\"wp-block-paragraph\">&#8220;Discutimos isso. \u00c9 uma das raz\u00f5es pelas quais foi importante ele tirar esse per\u00edodo sab\u00e1tico, deixar nosso esporte. A verdade \u00e9 que n\u00e3o podemos subestimar o qu\u00e3o cruel, o qu\u00e3o t\u00f3xica a F1 pode ser&#8221;, disse Cyril Abiteboul, chefe da Renault.<\/p>\n\n\n\n<p class=\"wp-block-paragraph\">&#8220;N\u00e3o importa o qu\u00e3o duro voc\u00ea trabalhe, o quanto tente, o qu\u00e3o bom voc\u00ea pense que \u00e9. \u00c0s vezes, apenas n\u00e3o d\u00e1 certo. E eu acho que \u00e9 por isso que a F1 nos exaure, tirando talvez Toto [Wolff], a Mercedes e Lewis [Hamilton]. E dar essa pausa \u00e9 a melhor garantia de que nada disso vai acontecer de novo&#8221;, completou o dirigente.<\/p>\n\n\n\n<p class=\"wp-block-paragraph\">Excetuando-se o per\u00edodo como piloto de testes em 2002 pela pr\u00f3pria Renault, Alonso disputou ininterruptamente as temporadas de 2001 a 2018 da F1, deixando a categoria em 2019 e, agora, <strong><a href=\"https:\/\/www.grandepremio.com\/br\/f1\/noticias\/renault-anuncia-retorno-de-alonso-para-vaga-de-ricciardo-a-partir-da-temporada-2021\/?fl=true&amp;utm_source=lance\">acerta seu retorno para o pr\u00f3ximo ano<\/a><\/strong>. <\/p>\n\n\n\n<figure class=\"wp-block-embed-youtube wp-block-embed is-type-video is-provider-youtube wp-embed-aspect-16-9 wp-has-aspect-ratio\"><div class=\"wp-block-embed__wrapper\">\n<iframe loading=\"lazy\" title=\"Carreira de Alonso n\u00e3o teve tantas escolhas erradas assim | GP \u00e0s 10\" width=\"500\" height=\"281\" src=\"https:\/\/www.youtube.com\/embed\/MeyrqHNAgco?feature=oembed\" frameborder=\"0\" allow=\"accelerometer; autoplay; clipboard-write; encrypted-media; gyroscope; picture-in-picture; web-share\" referrerpolicy=\"strict-origin-when-cross-origin\" allowfullscreen><\/iframe>\n<\/div><\/figure>\n","protected":false},"excerpt":{"rendered":"<p>Para Cyril Abiteboul, chefe da Renault, Fernando Alonso voltar\u00e1 para a F1 menos pol\u00eamico do que costuma ser. O motivo? O afastamento moment\u00e2neo da categoria<\/p>\n","protected":false},"author":0,"featured_media":0,"comment_status":"closed","ping_status":"closed","sticky":false,"template":"","format":"standard","meta":{"42wp_featured_image_caption":"","42wp_featured_image_credits":"","42wp_featured_video":"","42wp_featured_image_hidden":false,"42wp_authors_list":[],"footnotes":""},"categories":[2],"tags":[491,779,147,156,176,24837,24846,25175,229,516],"42wp_author":[47109],"class_list":["post-129309","post","type-post","status-publish","format-standard","hentry","category-f1","tag-491","tag-cyril-abiteboul","tag-f1","tag-f1-2021","tag-fernando-alonso","tag-formula-1-2","tag-formula-um-2","tag-polemica-2","tag-renault","tag-retorno","42wp_author-redacao-gp"],"_links":{"self":[{"href":"https:\/\/grandepremio.com\/br\/wp-json\/wp\/v2\/posts\/129309","targetHints":{"allow":["GET"]}}],"collection":[{"href":"https:\/\/grandepremio.com\/br\/wp-json\/wp\/v2\/posts"}],"about":[{"href":"https:\/\/grandepremio.com\/br\/wp-json\/wp\/v2\/types\/post"}],"replies":[{"embeddable":true,"href":"https:\/\/grandepremio.com\/br\/wp-json\/wp\/v2\/comments?post=129309"}],"version-history":[{"count":0,"href":"https:\/\/grandepremio.com\/br\/wp-json\/wp\/v2\/posts\/129309\/revisions"}],"wp:attachment":[{"href":"https:\/\/grandepremio.com\/br\/wp-json\/wp\/v2\/media?parent=129309"}],"wp:term":[{"taxonomy":"category","embeddable":true,"href":"https:\/\/grandepremio.com\/br\/wp-json\/wp\/v2\/categories?post=129309"},{"taxonomy":"post_tag","embeddable":true,"href":"https:\/\/grandepremio.com\/br\/wp-json\/wp\/v2\/tags?post=129309"},{"taxonomy":"42wp_author","embeddable":true,"href":"https:\/\/grandepremio.com\/br\/wp-json\/wp\/v2\/42wp_author?post=129309"}],"curies":[{"name":"wp","href":"https:\/\/api.w.org\/{rel}","templated":true}]}}